{"id":35441,"date":"2011-07-03T19:34:34","date_gmt":"2011-07-03T16:34:34","guid":{"rendered":"http:\/\/www.korhanyilmaz.com\/?p=35441"},"modified":"2011-07-10T23:20:56","modified_gmt":"2011-07-10T20:20:56","slug":"goreceksiniz-tukurduklerini-yalayacaklar","status":"publish","type":"post","link":"http:\/\/www.korhanyilmaz.com\/?p=35441","title":{"rendered":"&#8216;G\u00f6receksiniz, t\u00fck\u00fcrd\u00fcklerini yalayacaklar&#8217;"},"content":{"rendered":"<p style=\"text-align: center;\"><a href=\"http:\/\/www.korhanyilmaz.com\/wp-content\/uploads\/2011\/07\/611.jpg\"  class=\"lightview\"><img loading=\"lazy\" decoding=\"async\" class=\"aligncenter size-full wp-image-35442\" src=\"http:\/\/www.korhanyilmaz.com\/wp-content\/uploads\/2011\/07\/611.jpg\" alt=\"\" width=\"420\" height=\"210\" \/><\/a><\/p>\n<p style=\"text-align: justify;\">Genel Kurul\u2019da yemin etmeyen CHP milletvekillerini ele\u015ftiren Ba\u015fbakan Erdo\u011fan, \u201cT\u00fcrk milletinin oyunu al\u0131p sonra da gidip sosyalist enternasyonele \u015fikayet ediyorlar. Bunlar\u0131n klavuzlar\u0131 k\u00f6t\u00fc, bunlar \u20194 y\u0131l yemin etmeyiz\u2019 diyorlar. G\u00f6receksiniz t\u00fck\u00fcrd\u00fcklerini yalayacaklar\u201d dedi. <!--more--><\/p>\n<p style=\"text-align: justify;\">BA\u015eBAKAN Recep Tayyip Erdo\u011fan, Richter \u00f6l\u00e7e\u011fine g\u00f6re 5.9 b\u00fcy\u00fckl\u00fc\u011f\u00fcndeki depremin meydana geldi\u011fi K\u00fctahya\u2019n\u0131n Simav \u0130l\u00e7esi\u2019nde incelemelerde bulundu, depremzedelere konutlar\u0131n en k\u0131sa s\u00fcrede tamamlanaca\u011f\u0131 s\u00f6z\u00fc verdi.<\/p>\n<p style=\"text-align: justify;\">Ba\u015fbakan Erdo\u011fan, \u2019OBA\u2019 helikopteri ile saat 16.20\u2019de, K\u00fctahya\u2019n\u0131n Simav \u0130l\u00e7esi\u2019ne geldi. Ba\u015fbakan Erdo\u011fan\u2019a Devlet Bakan\u0131 ve Ba\u015fbakan Yard\u0131mc\u0131s\u0131 Cemil \u00c7i\u00e7ek ile \u00c7evre ve Orman Bakan\u0131 Veysel Ero\u011flu da e\u015flik etti. Erdo\u011fan helikopterle geldi\u011fi Simav\u2019\u0131n \u00fczerinden tur atarak yetkililerden bilgi ald\u0131. Program\u0131nda de\u011fi\u015fiklik yaparak ilk olarak \u00e7ad\u0131rkente gelen Erdo\u011fan, burada kendisini bekleyen yakla\u015f\u0131k 5 bin ki\u015fiye Ba\u015fbakanl\u0131k otob\u00fcs\u00fcn\u00fcn \u00fczerinden seslendi. Ba\u015fbakan Erdo\u011fan konu\u015fmas\u0131nda hemen her konuya de\u011findi. Erdo\u011fan, \u201cTer\u00f6r belas\u0131na kar\u015f\u0131 da da dik duraca\u011f\u0131z. Biz \u015fu \u00fclkemizi, bayra\u011f\u0131m\u0131z\u0131, vatan\u0131m\u0131z\u0131, devletimizi sevmeyenlere kar\u015f\u0131 dik duraca\u011f\u0131z. Ba\u015fka aray\u0131\u015f i\u00e7inde olanlar\u0131 bilemem, kendi kararlar\u0131n\u0131 kendileri versinler. Biz e\u011fer demokrasi, \u00f6zg\u00fcrl\u00fckler diyorsak, insana sayg\u0131 diyorsak, l\u00fctfen \u015fu \u00e7izgiden kimse sapmas\u0131n. Demokrasinin yeri neresi? Meclis. Millet size g\u00f6rev verdi. \u2019Git Meclis\u2019te \u00e7al\u0131\u015f. Sokaklarda gidip de yaygara yap\u2019 demedi\u201d dedi. CHP ve BDP\u2019li milletvekillerinin durumuna de\u011finen Erdo\u011fan, \u015f\u00f6yle devam etti:<\/p>\n<p style=\"text-align: justify;\"><strong>\u00c7al\u0131\u015fmayana para var m\u0131?<\/strong><\/p>\n<p style=\"text-align: justify;\">\u201c\u015eimdi geleceksin ayl\u0131k paray\u0131 alacaks\u0131n, bu maa\u015f\u0131 ne kar\u015f\u0131l\u0131\u011f\u0131nda al\u0131yorsun? \u00c7al\u0131\u015fmayana para var m\u0131? Sana helal para gerekiyorsa, geleceksin, yeminin yapacaks\u0131n, orada \u00e7al\u0131\u015facaks\u0131n. Neymi\u015f? \u2019Ba\u015fbakan bize yard\u0131mc\u0131 olsun.\u2019 Ba\u015fbakan sana niye yard\u0131mc\u0131 olsun? Bu \u00fclke hukuk devleti. Siz bu i\u015fin olmayaca\u011f\u0131n\u0131 bile bile yapt\u0131n\u0131z. Zannettiniz ge\u00e7mi\u015fte 1- 2 ki\u015fiye yap\u0131lan uygulama, bize de yap\u0131l\u0131r. Yarg\u0131 b\u00f6yle bir karara evet demedi. O zaman yapman\u0131z gereken \u015fey, gelip o yemini yapacaks\u0131n\u0131z, o hukuk nas\u0131l \u00e7al\u0131\u015f\u0131yorsa \u00f6yle yapacak. Gelmemeleri, meclisin \u00e7al\u0131\u015fmas\u0131n\u0131 engellemez ama bunlar\u0131n ak\u0131l hocalar\u0131 da yanl\u0131\u015f, kendilerine yanl\u0131\u015f ak\u0131l hocalar\u0131 se\u00e7mi\u015fler. Ben dedim ki \u2019\u00c7al\u0131\u015f\u0131r\u0131z\u2019. Onlar gelmezse bile sen komisyonlar\u0131 da kurars\u0131n, sen divanlar\u0131 da olu\u015fturursun. Biz \u00e7o\u011funlu\u011fun az\u0131nl\u0131\u011fa tahakk\u00fcm\u00fcne kar\u015f\u0131y\u0131z. Az\u0131nl\u0131\u011f\u0131n \u00e7o\u011funlu\u011fa tahakk\u00fcm\u00fcne de \u2019Evet\u2019 diyemeyiz. O zaman millet ne der? \u2019Biz size y\u00fczde 50\u2019yi bo\u015funa m\u0131 verdik, hakk\u0131m\u0131z\u0131 nas\u0131l savunacaks\u0131n?\u2019 der. Onun i\u00e7in biz yolumuza devam edece\u011fiz. Gidip Yunanistan\u2019da Sosyalist Enternasyonal\u2019e bizi \u015fikayet etmekle bir \u015fey elde edemezsin. Benim memleketime gel, bunun yeri buras\u0131. B\u00f6yle \u015fey olur mu? Ne dediler, \u2019Arkada\u015flar\u0131m\u0131z yemin etmedik\u00e7e biz 4 y\u0131l da olsa yemin etmeyece\u011fiz\u2019 dediler. Bu s\u00f6z\u00fc unutmay\u0131n, t\u00fck\u00fcrd\u00fcklerini yalayacaklar g\u00f6receksiniz. Konu yarg\u0131da oldu\u011fu i\u00e7in ben bir \u015fey diyemem. Ama bunlar\u0131n k\u0131lavuzu yanl\u0131\u015f. Biz \u00e7al\u0131\u015f\u0131yoruz gece g\u00fcnd\u00fcz demeden. Hi\u00e7 endi\u015feniz olmas\u0131n.\u201d<\/p>\n<p style=\"text-align: justify;\"><strong>Ba\u015fbakan konu\u015furken deprem oldu<\/strong><\/p>\n<p style=\"text-align: justify;\">TOK\u0130\u2019nin yap\u0131m\u0131na ba\u015flad\u0131\u011f\u0131 konutlar\u0131n da en k\u0131sa s\u00fcrede tamamlanaca\u011f\u0131 s\u00f6z\u00fcn\u00fc veren Ba\u015fbakan Erdo\u011fan, \u015f\u00f6yle konu\u015ftu: \u201cBizler konutlar\u0131 en k\u0131sa s\u00fcrede tamamlay\u0131p hak sahiplerine teslim edece\u011fiz. Laik, sosyal, hukuk devletinin gere\u011fi budur. Konutlar, zemin art\u0131 \u00fc\u00e7 kat olacak ve 8.5 b\u00fcy\u00fckl\u00fc\u011f\u00fcndeki depreme dayan\u0131kl\u0131 olacak. Simavl\u0131lar\u2019dan ricam burada serac\u0131l\u0131k yapt\u0131klar\u0131 alanlar\u0131 in\u015faata a\u00e7mas\u0131nlar. Sert zeminlerde evlerinin yaps\u0131nlar. Oralardaki tar\u0131m faaliyetlerine devam etsinler.\u201d Ba\u015fbakan Erdo\u011fan, vatanda\u015flardan gelen Simav\u2019\u0131n il olmas\u0131na y\u00f6nelik talebine ise \u201cBen K\u0131l\u0131\u00e7daro\u011flu de\u011filim. \u00c7orum Sungurlu\u2019dan ge\u00e7erken, il istiyorlar. Hemen s\u00f6z veriyor. Ama ben bu s\u00f6z\u00fc veremem. Simav il\u00e7e ama biz buraya ildeki olanaklar\u0131 getirece\u011fiz. Bu bizim g\u00f6revimiz. Bak\u0131n yap\u0131lan iller bir felaket. Bizler buralara t\u00fcm olanaklar\u0131 getirece\u011fiz\u201d dedi.<\/p>\n<p style=\"text-align: justify;\">Bu arada Erdo\u011fan parti otob\u00fcs\u00fc \u00fczerinden konu\u015furken ikindi ezan\u0131 okunmaya ba\u015flad\u0131. Ba\u015fbakan Erdo\u011fan da konu\u015fmas\u0131na ara verdi. Tam bu s\u0131rada saat 17.16\u2019y\u0131 g\u00f6sterirken hemen her g\u00fcn depremi ya\u015fa\u015fan Simav\u2019da 3.6 b\u00fcy\u00fckl\u00fc\u011f\u00fcnde bir deprem daha oldu. Depremlere al\u0131\u015fm\u0131\u015f olan Simavl\u0131lar herhangi bir tepki vermezken kalabal\u0131ktan biri, \u201cSay\u0131n Ba\u015fbakan\u0131m deprem oldu, deprem\u201d diye seslendi. Erdo\u011fan da yan\u0131ndakilere d\u00f6nerek \u201cBen hissetmedim\u201d dedi. Ba\u015fbakan Erdo\u011fan ezan bitince de konu\u015fmas\u0131na devam etti.<\/p>\n<p style=\"text-align: justify;\"><a href=\"http:\/\/haber.gazetevatan.com\/goreceksiniz-tukurduklerini-yalayacaklar\/386786\/9\/Siyaset\" target=\"_blank\">Kaynak : VATAN Gazetesi<\/a><\/p>\n","protected":false},"excerpt":{"rendered":"<p style=\"text-align: center;\">\n<p style=\"text-align: justify;\">Genel Kurul\u2019da yemin etmeyen CHP milletvekillerini ele\u015ftiren Ba\u015fbakan Erdo\u011fan, \u201cT\u00fcrk milletinin oyunu al\u0131p sonra da gidip sosyalist enternasyonele \u015fikayet ediyorlar. Bunlar\u0131n klavuzlar\u0131 k\u00f6t\u00fc, bunlar \u20194 y\u0131l yemin etmeyiz\u2019 diyorlar. G\u00f6receksiniz t\u00fck\u00fcrd\u00fcklerini yalayacaklar\u201d dedi. <\/p>\n","protected":false},"author":1,"featured_media":0,"comment_status":"open","ping_status":"closed","sticky":false,"template":"","format":"standard","meta":{"footnotes":""},"categories":[105],"tags":[],"class_list":["post-35441","post","type-post","status-publish","format-standard","hentry","category-gundem","odd"],"_links":{"self":[{"href":"http:\/\/www.korhanyilmaz.com\/index.php?rest_route=\/wp\/v2\/posts\/35441","targetHints":{"allow":["GET"]}}],"collection":[{"href":"http:\/\/www.korhanyilmaz.com\/index.php?rest_route=\/wp\/v2\/posts"}],"about":[{"href":"http:\/\/www.korhanyilmaz.com\/index.php?rest_route=\/wp\/v2\/types\/post"}],"author":[{"embeddable":true,"href":"http:\/\/www.korhanyilmaz.com\/index.php?rest_route=\/wp\/v2\/users\/1"}],"replies":[{"embeddable":true,"href":"http:\/\/www.korhanyilmaz.com\/index.php?rest_route=%2Fwp%2Fv2%2Fcomments&post=35441"}],"version-history":[{"count":0,"href":"http:\/\/www.korhanyilmaz.com\/index.php?rest_route=\/wp\/v2\/posts\/35441\/revisions"}],"wp:attachment":[{"href":"http:\/\/www.korhanyilmaz.com\/index.php?rest_route=%2Fwp%2Fv2%2Fmedia&parent=35441"}],"wp:term":[{"taxonomy":"category","embeddable":true,"href":"http:\/\/www.korhanyilmaz.com\/index.php?rest_route=%2Fwp%2Fv2%2Fcategories&post=35441"},{"taxonomy":"post_tag","embeddable":true,"href":"http:\/\/www.korhanyilmaz.com\/index.php?rest_route=%2Fwp%2Fv2%2Ftags&post=35441"}],"curies":[{"name":"wp","href":"https:\/\/api.w.org\/{rel}","templated":true}]}}