{"id":35437,"date":"2011-07-03T11:07:47","date_gmt":"2011-07-03T08:07:47","guid":{"rendered":"http:\/\/www.korhanyilmaz.com\/?p=35437"},"modified":"2011-07-13T12:16:53","modified_gmt":"2011-07-13T09:16:53","slug":"meclis-baskanligi-icin-3-aday-yarisacak","status":"publish","type":"post","link":"http:\/\/www.korhanyilmaz.com\/?p=35437","title":{"rendered":"Meclis Ba\u015fkanl\u0131\u011f\u0131 i\u00e7in 3 aday yar\u0131\u015facak"},"content":{"rendered":"<p style=\"text-align: center;\"><a href=\"http:\/\/www.korhanyilmaz.com\/wp-content\/uploads\/2011\/07\/610.jpg\"  class=\"lightview\"><img loading=\"lazy\" decoding=\"async\" class=\"aligncenter size-full wp-image-35438\" src=\"http:\/\/www.korhanyilmaz.com\/wp-content\/uploads\/2011\/07\/610.jpg\" alt=\"\" width=\"292\" height=\"278\" \/><\/a><\/p>\n<p style=\"text-align: justify;\">12 Haziran&#8217;da yap\u0131lan milletvekili se\u00e7iminin ard\u0131ndan olu\u015fan 24. D\u00f6nem Parlamentosu yar\u0131n TBMM&#8217;nin yeni ba\u015fkan\u0131n\u0131 se\u00e7ecek. AK Partili Cemil \u00c7i\u00e7ek ve Zelkif Kazdal ile MHP&#8217;li Tunca Toskay adayl\u0131k i\u00e7in ba\u015fvurdu. Yeni TBMM Ba\u015fkan\u0131 bu g\u00f6revi \u00fcstlenen 25. ki\u015fi olacak.<\/p>\n<p style=\"text-align: justify;\">TBMM Genel Kurulu, yar\u0131n saat 14.00&#8217;de yeni TBMM Ba\u015fkan\u0131&#8217;n\u0131 se\u00e7mek \u00fczere toplanacak.<!--more--><\/p>\n<p style=\"text-align: justify;\">Milletvekilleri TBMM Ba\u015fkan adaylar\u0131 AK Parti Ankara Milletvekili Cemil \u00c7i\u00e7ek, MHP Antalya Milletvekili Tunca Toskay ve AK Parti Ankara Milletvekili Zelkif Kazdal i\u00e7in oy kullanacak.<\/p>\n<p style=\"text-align: justify;\">Anayasa h\u00fck\u00fcmlerine g\u00f6re, TBMM Ba\u015fkan\u0131 se\u00e7ilebilmek i\u00e7in, yap\u0131lacak oylamalar\u0131n ilk ikisinde adaylardan birinin \u00fcye tamsay\u0131s\u0131n\u0131n \u00fc\u00e7te iki (367) \u00e7o\u011funlu\u011funun oyunu almas\u0131 gerekiyor. Bu \u00e7o\u011funluk sa\u011flanamazsa yap\u0131lacak \u00fc\u00e7\u00fcnc\u00fc turda se\u00e7ilebilmek i\u00e7in \u00fcye tamsay\u0131s\u0131n\u0131n salt \u00e7o\u011funlu\u011fu (276) aranacak.<\/p>\n<p style=\"text-align: justify;\">\u00dc\u00e7\u00fcnc\u00fc oylamada da gerekli \u00e7o\u011funluk sa\u011flanamazsa, bu turda en \u00e7ok oyu alan iki aday aras\u0131nda d\u00f6rd\u00fcnc\u00fc oylama yap\u0131lacak. D\u00f6rd\u00fcnc\u00fc oylamada en fazla oy alan aday TBMM Ba\u015fkan\u0131 se\u00e7ilmi\u015f olacak.<\/p>\n<p style=\"text-align: justify;\"><span style=\"color: #000000;\"><strong>Meclis Ba\u015fkanlar\u0131<\/strong><\/span><\/p>\n<p style=\"text-align: justify;\">TBMM Ba\u015fkanl\u0131\u011f\u0131n\u0131 bug\u00fcne kadar 24 ki\u015fi \u00fcstlendi.<\/p>\n<p style=\"text-align: justify;\">TBMM&#8217;nin ilk ba\u015fkan\u0131 ve Cumhuriyet&#8217;in kurucusu Mustafa Kemal Atat\u00fcrk&#8217;ten bu yana g\u00f6rev yapan ba\u015fkanlar aras\u0131nda en uzun s\u00fcre g\u00f6revde kalan M. Abd\u00fclhalik Renda oldu. 1935 y\u0131l\u0131nda ilk kez ba\u015fkan se\u00e7ilen Renda, 1946 y\u0131l\u0131na kadar kesintisiz olarak yeniden se\u00e7ilerek 11 y\u0131l g\u00f6rev yapt\u0131.<\/p>\n<p style=\"text-align: justify;\">En k\u0131sa s\u00fcre g\u00f6rev yapan TBMM Ba\u015fkan\u0131 ise 2 ay 1 haftal\u0131k g\u00f6revi ile \u0130smet Sezgin oldu.<\/p>\n<p style=\"text-align: justify;\">En fazla TBMM Ba\u015fkan\u0131 \u00e7\u0131kartan il ise \u0130stanbul oldu. Cumhuriyet tarihi boyunca se\u00e7im \u00e7evresi \u0130stanbul olan 5 parlamenter TBMM Ba\u015fkanl\u0131\u011f\u0131 g\u00f6revini \u00fcstlendi.<\/p>\n<p style=\"text-align: justify;\"><strong><span style=\"color: #993300; font-size: medium;\">TBMM Ba\u015fkanlar\u0131, se\u00e7im \u00e7evreleri ve g\u00f6rev s\u00fcreleri \u015f\u00f6yle:<\/span><\/strong><\/p>\n<p style=\"text-align: justify;\">Mustafa Kemal ATAT\u00dcRK (Ankara) 24.04.1920-29.10.1923<\/p>\n<p style=\"text-align: justify;\">Ali Fethi OKYAR (\u0130stanbul) 01.11.1923-22.11.1924<\/p>\n<p style=\"text-align: justify;\">Kaz\u0131m \u00d6ZALP (Bal\u0131kesir) 26.11.1924-01.03.1935<\/p>\n<p style=\"text-align: justify;\">M.Abd\u00fclhalik RENDA (\u00c7ank\u0131r\u0131) 01.03.1935-05.08.1946<\/p>\n<p style=\"text-align: justify;\">Kaz\u0131m KARABEK\u0130R (\u0130stanbul) 05.08.1946-26.01.1948<\/p>\n<p style=\"text-align: justify;\">Ali Fuat CEBESOY (Konya) 30.01.1948-01.11.1948<\/p>\n<p style=\"text-align: justify;\">M.\u015e\u00fckr\u00fc SARACO\u011eLU (\u0130stanbul) 01.11.1948-22.05.1950<\/p>\n<p style=\"text-align: justify;\">Refik KORALTAN (\u0130\u00e7el) 22.05.1950-27.05.1960<\/p>\n<p style=\"text-align: justify;\">Fuat S\u0130RMEN (\u0130stanbul) 01.11.1961-10.10.1965<\/p>\n<p style=\"text-align: justify;\">Ferruh BOZBEYL\u0130 (\u0130stanbul) 22.10.1965-01.11.1970<\/p>\n<p style=\"text-align: justify;\">Sabit Osman AVCI (Artvin) 26.11.1970-14.10.1973<\/p>\n<p style=\"text-align: justify;\">Kemal G\u00dcVEN (Kars) 18.12.1973-05.06.1977<\/p>\n<p style=\"text-align: justify;\">Cahit KARAKA\u015e (Zonguldak) 17.11.1977-12.09.1980<\/p>\n<p style=\"text-align: justify;\">Necmettin KARADUMAN (Trabzon) 04.12.1983-29.11.1987<\/p>\n<p style=\"text-align: justify;\">Y\u0131ld\u0131r\u0131m AKBULUT (Erzincan) 24.12.1987-09.11.1989<\/p>\n<p style=\"text-align: justify;\">. 20.05.1999-30.09.2000<\/p>\n<p style=\"text-align: justify;\">\u0130smet Kaya ERDEM (\u0130zmir) 21.11.1989-20.10.1991<\/p>\n<p style=\"text-align: justify;\">H\u00fcsamettin C\u0130NDORUK (Eski\u015fehir) 16.11.1991-01.10.1995<\/p>\n<p style=\"text-align: justify;\">\u0130smet SEZG\u0130N (Ayd\u0131n) 17.10.1995-24.12.1995<\/p>\n<p style=\"text-align: justify;\">Mustafa KALEML\u0130 (K\u00fctahya) 18.01.1996-30.09.1997<\/p>\n<p style=\"text-align: justify;\">Hikmet \u00c7ET\u0130N (Gaziantep) 16.10.1997-18.05.1999<\/p>\n<p style=\"text-align: justify;\">\u00d6mer \u0130ZG\u0130 (Konya) 18.10.2000-14.11.2002<\/p>\n<p style=\"text-align: justify;\">B\u00fclent ARIN\u00c7 (Manisa) 19.11.2002-22.07.2007<\/p>\n<p style=\"text-align: justify;\">K\u00f6ksal TOPTAN (Zonguldak) 09.08.2007-09.08.2009<\/p>\n<p style=\"text-align: justify;\">Mehmet Ali \u015eAH\u0130N (Antalya) 09.08.2009-28.06.2011<\/p>\n<p style=\"text-align: justify;\"><a href=\"http:\/\/www.cnnturk.com\/2011\/turkiye\/07\/03\/meclis.baskanligi.icin.3.aday.yarisacak\/621958.0\/index.html\" target=\"_blank\">Kaynak : CNN T\u00dcRK<\/a><\/p>\n","protected":false},"excerpt":{"rendered":"<p style=\"text-align: center;\">\n<p style=\"text-align: justify;\">12 Haziran&#8217;da yap\u0131lan milletvekili se\u00e7iminin ard\u0131ndan olu\u015fan 24. D\u00f6nem Parlamentosu yar\u0131n TBMM&#8217;nin yeni ba\u015fkan\u0131n\u0131 se\u00e7ecek. AK Partili Cemil \u00c7i\u00e7ek ve Zelkif Kazdal ile MHP&#8217;li Tunca Toskay adayl\u0131k i\u00e7in ba\u015fvurdu. Yeni TBMM Ba\u015fkan\u0131 bu g\u00f6revi \u00fcstlenen 25. ki\u015fi olacak.<\/p>\n<p style=\"text-align: justify;\">TBMM Genel Kurulu, yar\u0131n saat 14.00&#8217;de yeni TBMM Ba\u015fkan\u0131&#8217;n\u0131 se\u00e7mek <\/p>\n","protected":false},"author":1,"featured_media":0,"comment_status":"open","ping_status":"closed","sticky":false,"template":"","format":"standard","meta":{"footnotes":""},"categories":[105],"tags":[],"class_list":["post-35437","post","type-post","status-publish","format-standard","hentry","category-gundem","odd"],"_links":{"self":[{"href":"http:\/\/www.korhanyilmaz.com\/index.php?rest_route=\/wp\/v2\/posts\/35437","targetHints":{"allow":["GET"]}}],"collection":[{"href":"http:\/\/www.korhanyilmaz.com\/index.php?rest_route=\/wp\/v2\/posts"}],"about":[{"href":"http:\/\/www.korhanyilmaz.com\/index.php?rest_route=\/wp\/v2\/types\/post"}],"author":[{"embeddable":true,"href":"http:\/\/www.korhanyilmaz.com\/index.php?rest_route=\/wp\/v2\/users\/1"}],"replies":[{"embeddable":true,"href":"http:\/\/www.korhanyilmaz.com\/index.php?rest_route=%2Fwp%2Fv2%2Fcomments&post=35437"}],"version-history":[{"count":0,"href":"http:\/\/www.korhanyilmaz.com\/index.php?rest_route=\/wp\/v2\/posts\/35437\/revisions"}],"wp:attachment":[{"href":"http:\/\/www.korhanyilmaz.com\/index.php?rest_route=%2Fwp%2Fv2%2Fmedia&parent=35437"}],"wp:term":[{"taxonomy":"category","embeddable":true,"href":"http:\/\/www.korhanyilmaz.com\/index.php?rest_route=%2Fwp%2Fv2%2Fcategories&post=35437"},{"taxonomy":"post_tag","embeddable":true,"href":"http:\/\/www.korhanyilmaz.com\/index.php?rest_route=%2Fwp%2Fv2%2Ftags&post=35437"}],"curies":[{"name":"wp","href":"https:\/\/api.w.org\/{rel}","templated":true}]}}