{"id":35431,"date":"2011-07-02T14:10:30","date_gmt":"2011-07-02T11:10:30","guid":{"rendered":"http:\/\/www.korhanyilmaz.com\/?p=35431"},"modified":"2011-07-10T23:07:48","modified_gmt":"2011-07-10T20:07:48","slug":"sivasta-olaganustu-hal","status":"publish","type":"post","link":"http:\/\/www.korhanyilmaz.com\/?p=35431","title":{"rendered":"Sivas&#8217;ta &#8220;ola\u011fan\u00fcst\u00fc&#8221; hal"},"content":{"rendered":"<p style=\"text-align: center;\"><a href=\"http:\/\/www.korhanyilmaz.com\/wp-content\/uploads\/2011\/07\/608.jpg\"  class=\"lightview\"><img loading=\"lazy\" decoding=\"async\" class=\"aligncenter size-full wp-image-35432\" src=\"http:\/\/www.korhanyilmaz.com\/wp-content\/uploads\/2011\/07\/608.jpg\" alt=\"\" width=\"339\" height=\"239\" \/><\/a><\/p>\n<p style=\"text-align: justify;\">Sivas katliam\u0131n\u0131n 18. y\u0131l\u0131 dolay\u0131s\u0131yla kentte d\u00fczenlenen anma etkinliklerine kat\u0131lan g\u00f6stericilere polis biber gaz\u0131yla m\u00fcdahale etti.<\/p>\n<p style=\"text-align: justify;\">Sivas Emniyet M\u00fcd\u00fcrl\u00fc\u011f\u00fc, 2 Temmuz 1993&#8217;te 37 ki\u015finin ya\u015fam\u0131n\u0131 yitirmesiyle sonu\u00e7lanan katliam\u0131n 18. y\u0131l\u0131 dolay\u0131s\u0131yla kentte ger\u00e7ekle\u015ftirilecek anma etkinleri \u00f6ncesinde yo\u011fun g\u00fcvenlik \u00f6nlemi ald\u0131. <!--more--><\/p>\n<p style=\"text-align: justify;\">Kentin giri\u015f-\u00e7\u0131k\u0131\u015flar\u0131nda olu\u015fturulan arama noktalar\u0131nda \u00f6nceki g\u00fcnden itibaren gece ve sabah saatlerinde uygulama yapan polis ekipleri, anma etkinliklerine saatler kala tedbirlerini art\u0131rd\u0131.<\/p>\n<p style=\"text-align: justify;\">Sabah\u0131n ilk \u0131\u015f\u0131klar\u0131yla birlikte \u015fehrin giri\u015flerinde uygulama yapan ekipler, \u00f6zellikle anma etkinliklerine kat\u0131lmak \u00fczere \u0130stanbul, \u0130zmir, Ankara, Adana, Mersin, Diyarbak\u0131r ve Antalya ba\u015fta olmak \u00fczere ba\u015fka \u015fehirlerden kafileler halinde kente gelenlerin yolculuk yapt\u0131\u011f\u0131 otob\u00fcs, midib\u00fcs ve minib\u00fcsleri durdurdu.<\/p>\n<p style=\"text-align: justify;\">Ara\u00e7larda yolculuk yapanlardan \u015f\u00fcpheli g\u00f6r\u00fclenlerin kimliklerini kontrol eden ve GBT sorgulamalar\u0131n\u0131 yapan polis ekipleri, bu ki\u015filerin yanlar\u0131nda getirdikleri pankart, d\u00f6viz ve benzeri malzemeleri de i\u00e7erik y\u00f6n\u00fcnden inceledi.<\/p>\n<p style=\"text-align: justify;\">Baz\u0131 ki\u015filerin \u00fcst aramalar\u0131n\u0131 da yapan ekipler, ara\u00e7larda da silah, b\u0131\u00e7ak ve benzeri malzemelerin olup olmad\u0131\u011f\u0131n\u0131 kontrol etti.<\/p>\n<p style=\"text-align: justify;\"><strong>Gruplar topland\u0131<\/strong><\/p>\n<p style=\"text-align: justify;\">Sivas&#8217;ta, 18 y\u0131l \u00f6nce meydana gelen olaylarda ya\u015fam\u0131n\u0131 yitirenleri anmak \u00fczere aralar\u0131nda olaylarda ya\u015fam\u0131n\u0131 yitirenlerin yak\u0131nlar\u0131yla, siyasi parti ve sivil toplum kurulu\u015fu \u00fcyelerinin de bulundu\u011fu bir grup topland\u0131.<\/p>\n<p style=\"text-align: justify;\">Ellerinde olaylarda \u00f6lenlerin foto\u011fraflar\u0131yla, \u00e7e\u015fitli pankart ve d\u00f6viz ta\u015f\u0131yan grup \u00fcyeleri Ethembey Park\u0131 yak\u0131nlar\u0131nda bir araya geldi.<\/p>\n<p style=\"text-align: justify;\">Burada bir s\u00fcre bekleyen grup \u00fcyeleri Bilim ve K\u00fclt\u00fcr Merkezi&#8217;ne d\u00f6n\u00fc\u015ft\u00fcr\u00fclen eski Mad\u0131mak Oteli binas\u0131n\u0131n m\u00fcze olmas\u0131 y\u00f6n\u00fcnde ve \u00e7e\u015fitli sloganlar att\u0131. Daha sonra Mevlana Caddesine do\u011fru y\u00fcr\u00fcy\u00fc\u015fe ge\u00e7mek isteyen grubun \u00f6n\u00fcne, aralar\u0131ndaki yakla\u015f\u0131k 20 ki\u015fi oturarak kortejin hareket etmesini engelledi.<\/p>\n<p style=\"text-align: justify;\">&#8220;Bir pankart y\u00fcz\u00fcnden kente yakla\u015f\u0131k 20 otob\u00fcs\u00fcn girmesine izin verilmedi\u011fini&#8221; belirterek, bu gerek\u00e7eyle oturduklar\u0131n\u0131 belirten bu ki\u015filerle kortejdekiler g\u00f6r\u00fc\u015ft\u00fc. Kortej sorumlular\u0131 bu durumla ilgili yetkililerle g\u00f6r\u00fc\u015ft\u00fcklerini anlatarak, oturanlardan eylemlerine son vermelerini istedi.<\/p>\n<p style=\"text-align: justify;\">Yap\u0131lan g\u00f6r\u00fc\u015fmeler sonucu kortej \u00f6n\u00fcnde oturan bu ki\u015filer daha sonra eylemlerini bitirdi.<\/p>\n<p style=\"text-align: justify;\">Y\u00fcr\u00fcy\u00fc\u015fe ge\u00e7en kortejdekiler g\u00fcvenlik noktas\u0131nda arand\u0131ktan sonra Mevlana Caddesine al\u0131nmaya ba\u015flad\u0131.<\/p>\n<p style=\"text-align: justify;\">Bilim ve K\u00fclt\u00fcr Merkezi&#8217;ne d\u00f6n\u00fc\u015ft\u00fcr\u00fclen eski Mad\u0131mak Oteli binas\u0131na y\u00fcr\u00fcmek isteyen kortej Mevlana Caddesi&#8217;ne do\u011fru harekete ge\u00e7ti. Ba\u015fka bir grubun da Bilim ve K\u00fclt\u00fcr merkezi yak\u0131nlar\u0131nda topland\u0131\u011f\u0131 g\u00f6r\u00fcld\u00fc.<\/p>\n<p style=\"text-align: justify;\"><strong>Polis gazla m\u00fcdahale etti<\/strong><\/p>\n<p style=\"text-align: justify;\">Ethembey Park\u0131 yak\u0131nlar\u0131nda topland\u0131ktan sonra Mevlana Caddesi&#8217;nden y\u00fcr\u00fcyen grup \u00fcyeleri, bilim ve k\u00fclt\u00fcr merkezine d\u00f6n\u00fc\u015ft\u00fcr\u00fclen eski Mad\u0131mak Oteli yak\u0131nlar\u0131na kadar geldi.<\/p>\n<p style=\"text-align: justify;\">Grup, buradaki polis bariyerleri \u00f6n\u00fcnde slogan att\u0131. Olaylarda \u00f6lenlerin isimleri okunduktan sonra ya\u015fam\u0131n\u0131 yitirenlerin yak\u0131nlar\u0131 bina \u00f6n\u00fcne al\u0131nd\u0131. Bu s\u0131rada bariyerleri a\u015fmak isteyen grup ile polis aras\u0131nda gerginlik ya\u015fand\u0131.<\/p>\n<p style=\"text-align: justify;\">\u00c7\u0131kan arbedede biber gaz\u0131 kullanan polis, m\u00fcdahale etti\u011fi grubu da\u011f\u0131tt\u0131.<\/p>\n<p style=\"text-align: justify;\">Bir s\u00fcre ara sokaklara da\u011f\u0131lan grup, daha sonra tekrar polis bariyerleri \u00f6n\u00fcnde topland\u0131.<\/p>\n<p style=\"text-align: center;\"><a href=\"http:\/\/www.korhanyilmaz.com\/wp-content\/uploads\/2011\/07\/609.jpg\"  class=\"lightview\"><img loading=\"lazy\" decoding=\"async\" class=\"aligncenter size-full wp-image-35433\" src=\"http:\/\/www.korhanyilmaz.com\/wp-content\/uploads\/2011\/07\/609.jpg\" alt=\"\" width=\"464\" height=\"309\" \/><\/a><\/p>\n<p style=\"text-align: justify;\">Bu arada, kamula\u015ft\u0131r\u0131ld\u0131ktan sonra Sivas \u0130l \u00d6zel \u0130daresi Bilim ve K\u00fclt\u00fcr Merkezi&#8217;ne d\u00f6n\u00fc\u015ft\u00fcr\u00fclen eski Mad\u0131mak Oteli binas\u0131 \u00f6n\u00fc de ara\u00e7 trafi\u011fine kapat\u0131ld\u0131. Binan\u0131n bulundu\u011fu soka\u011f\u0131 demir bariyerlerle kapatan polis ekipleri, sokaktaki park halindeki t\u00fcm ara\u00e7lar\u0131n da kald\u0131r\u0131lmas\u0131n\u0131 sa\u011flad\u0131.<\/p>\n<p style=\"text-align: justify;\">Eski Mad\u0131mak Oteli&#8217;nin \u00f6n\u00fc ile anma etkinlikleri s\u0131ras\u0131nda yap\u0131lacak kortej y\u00fcr\u00fcy\u00fc\u015f\u00fcn\u00fcn ger\u00e7ekle\u015ftirilece\u011fi g\u00fczergahtaki t\u00fcm \u00e7\u00f6p konteynerleri de g\u00fcvenlik amac\u0131yla kald\u0131r\u0131ld\u0131. Anma etkinliklerinde, Sivas ve \u00e7evre illerden \u00e7ok say\u0131da resmi ve sivil polis ekibi g\u00f6rev yapacak. Eski Mad\u0131mak Oteli&#8217;nin \u00e7evresi ile kortej y\u00fcr\u00fcy\u00fc\u015f\u00fcn\u00fcn yap\u0131laca\u011f\u0131 g\u00fczergah, MOBESE kameralar\u0131 yard\u0131m\u0131yla izlenecek.<\/p>\n<p style=\"text-align: justify;\"><strong>Karanfil b\u0131rak\u0131ld\u0131<\/strong><\/p>\n<p style=\"text-align: justify;\">Sivas Valisi Ali Kolat, 2 Temmuz 1993&#8217;te meydana gelen katliamda hayat\u0131n\u0131 kaybeden 37 ki\u015fi i\u00e7in, Belediye Ba\u015fkan\u0131 Do\u011fan \u00dcrg\u00fcp ve kentteki 33 sivil toplum \u00f6rg\u00fct\u00fcn\u00fcn kat\u0131l\u0131m\u0131yla olu\u015fturulan Sivas Sivil Toplum Kurulu\u015flar\u0131 Platformu temsilcileriyle birlikte, Bilim ve K\u00fclt\u00fcr Merkezi&#8217;ne d\u00f6n\u00fc\u015ft\u00fcr\u00fclen eski Mad\u0131mak Oteli binas\u0131nda olu\u015fturulan An\u0131 K\u00f6\u015fesi&#8217;ne karanfil b\u0131rakt\u0131.<\/p>\n<p style=\"text-align: justify;\"><strong>G\u00fcnay&#8217;\u0131n mesaj\u0131<\/strong><\/p>\n<p style=\"text-align: justify;\">K\u00fclt\u00fcr ve Turizm Bakan\u0131 Ertu\u011frul G\u00fcnay, Sivas olaylar\u0131n\u0131n haf\u0131zalardan silinmesini engelleyecek bir an\u0131sal d\u00fczenlemenin yap\u0131lm\u0131\u015f olmas\u0131n\u0131, bu vah\u015fette hayat\u0131n\u0131 kaybedenlere kar\u015f\u0131 gecikmi\u015f bir \u00f6devin yerine getirilmesi sayd\u0131\u011f\u0131n\u0131 belirtti.<\/p>\n<p style=\"text-align: justify;\">G\u00fcnay, Sivas olaylar\u0131n\u0131n 18. y\u0131l\u0131 dolayas\u0131yla yay\u0131mlad\u0131\u011f\u0131 mesaj\u0131nda, 2 Temmuz 1993&#8217;te Sivas&#8217;ta herkesin g\u00f6z\u00fc \u00f6n\u00fcnde ya\u015fanan vah\u015feti, y\u0131l d\u00f6n\u00fcm\u00fc vesilesiyle yeniden lanetledi\u011fini bildirdi.<\/p>\n<p style=\"text-align: justify;\"><a href=\"http:\/\/www.cnnturk.com\/2011\/turkiye\/07\/02\/sivasta.olaganustu.hal\/621892.0\/index.html\" target=\"_blank\">Kaynak : CNN T\u00dcRK<\/a><\/p>\n","protected":false},"excerpt":{"rendered":"<p style=\"text-align: center;\">\n<p style=\"text-align: justify;\">Sivas katliam\u0131n\u0131n 18. y\u0131l\u0131 dolay\u0131s\u0131yla kentte d\u00fczenlenen anma etkinliklerine kat\u0131lan g\u00f6stericilere polis biber gaz\u0131yla m\u00fcdahale etti.<\/p>\n<p style=\"text-align: justify;\">Sivas Emniyet M\u00fcd\u00fcrl\u00fc\u011f\u00fc, 2 Temmuz 1993&#8217;te 37 ki\u015finin ya\u015fam\u0131n\u0131 yitirmesiyle sonu\u00e7lanan katliam\u0131n 18. y\u0131l\u0131 dolay\u0131s\u0131yla kentte ger\u00e7ekle\u015ftirilecek anma etkinleri \u00f6ncesinde yo\u011fun g\u00fcvenlik \u00f6nlemi ald\u0131. <\/p>\n","protected":false},"author":1,"featured_media":0,"comment_status":"open","ping_status":"closed","sticky":false,"template":"","format":"standard","meta":{"footnotes":""},"categories":[105],"tags":[],"class_list":["post-35431","post","type-post","status-publish","format-standard","hentry","category-gundem","odd"],"_links":{"self":[{"href":"http:\/\/www.korhanyilmaz.com\/index.php?rest_route=\/wp\/v2\/posts\/35431","targetHints":{"allow":["GET"]}}],"collection":[{"href":"http:\/\/www.korhanyilmaz.com\/index.php?rest_route=\/wp\/v2\/posts"}],"about":[{"href":"http:\/\/www.korhanyilmaz.com\/index.php?rest_route=\/wp\/v2\/types\/post"}],"author":[{"embeddable":true,"href":"http:\/\/www.korhanyilmaz.com\/index.php?rest_route=\/wp\/v2\/users\/1"}],"replies":[{"embeddable":true,"href":"http:\/\/www.korhanyilmaz.com\/index.php?rest_route=%2Fwp%2Fv2%2Fcomments&post=35431"}],"version-history":[{"count":0,"href":"http:\/\/www.korhanyilmaz.com\/index.php?rest_route=\/wp\/v2\/posts\/35431\/revisions"}],"wp:attachment":[{"href":"http:\/\/www.korhanyilmaz.com\/index.php?rest_route=%2Fwp%2Fv2%2Fmedia&parent=35431"}],"wp:term":[{"taxonomy":"category","embeddable":true,"href":"http:\/\/www.korhanyilmaz.com\/index.php?rest_route=%2Fwp%2Fv2%2Fcategories&post=35431"},{"taxonomy":"post_tag","embeddable":true,"href":"http:\/\/www.korhanyilmaz.com\/index.php?rest_route=%2Fwp%2Fv2%2Ftags&post=35431"}],"curies":[{"name":"wp","href":"https:\/\/api.w.org\/{rel}","templated":true}]}}