{"id":35424,"date":"2011-06-29T17:45:13","date_gmt":"2011-06-29T14:45:13","guid":{"rendered":"http:\/\/www.korhanyilmaz.com\/?p=35424"},"modified":"2011-07-10T23:24:56","modified_gmt":"2011-07-10T20:24:56","slug":"erdoganin-yegeni-iciciyim-dedi-tahliye-edildi","status":"publish","type":"post","link":"http:\/\/www.korhanyilmaz.com\/?p=35424","title":{"rendered":"Erdo\u011fan&#8217;\u0131n ye\u011feni &#8216;\u0130\u00e7iciyim&#8217; dedi tahliye edildi&#8230;"},"content":{"rendered":"<p style=\"text-align: center;\"><a href=\"http:\/\/www.korhanyilmaz.com\/wp-content\/uploads\/2011\/07\/607.jpg\"  class=\"lightview\"><img loading=\"lazy\" decoding=\"async\" class=\"aligncenter size-full wp-image-35426\" src=\"http:\/\/www.korhanyilmaz.com\/wp-content\/uploads\/2011\/07\/607.jpg\" alt=\"\" width=\"250\" height=\"175\" \/><\/a><\/p>\n<p style=\"text-align: justify;\">Ba\u015fbakan Erdo\u011fan&#8217;\u0131n ye\u011feni Mehmet Erdo\u011fan 2010&#8217;da 50 kg. esrarla yakalanm\u0131\u015ft\u0131. Ye\u011fen Erdo\u011fan ifadesinde &#8220;sat\u0131c\u0131 de\u011fil i\u00e7iciyim&#8221; diyerek kendini savundu ve mahkeme bu ifadeye inanarak ye\u011fen Erdo\u011fan&#8217;\u0131 tahliye etti. <!--more--><\/p>\n<p style=\"text-align: justify;\">Vatan gazetesinden Elif Alt\u0131n&#8217;\u0131n haberine g\u00f6re, ge\u00e7ti\u011fimiz y\u0131l Diyarbak\u0131r&#8217;dan \u0130stanbul&#8217;a uyu\u015fturucu sevkiyat\u0131 yap\u0131laca\u011f\u0131n\u0131 de\u011ferlendiren \u0130stanbul Narkotik Polisi, yapt\u0131\u011f\u0131 operasyonla Ba\u015fbakan Recep Tayyip Erdo\u011fan&#8217;\u0131n ye\u011feni Mehmet Erdo\u011fan ile birlikte 11 ki\u015fiyi, 50 kilo esrarla yakalam\u0131\u015ft\u0131. Sorgular\u0131n\u0131n ard\u0131ndan mahkemeye \u00e7\u0131kar\u0131lan 12 ki\u015fiden aralar\u0131nda Ba\u015fbakan&#8217;\u0131n ye\u011feni Mehmet Erdo\u011fan&#8217;\u0131n da bulundu\u011fu yedi ki\u015fi tutuklanarak cezaevine g\u00f6nderilmi\u015fti.<\/p>\n<p style=\"text-align: justify;\"><strong>&#8220;SATICI DE\u011e\u0130L, \u0130\u00c7\u0130C\u0130Y\u0130M&#8221;<\/strong><\/p>\n<p style=\"text-align: justify;\">\u0130stanbul 1. A\u011f\u0131r Ceza Mahkemesi&#8217;nde 27 Haziran g\u00fcn\u00fc g\u00f6r\u00fclen duru\u015fmaya tutuklu san\u0131klar Serkan Emre, Esra \u0130\u015fcan, Mehmet Erdo\u011fan, Bayram Kaplan, Selim Selvi, Aysen Tutkun, tutuksuz san\u0131k Serdar T\u00fcm ve taraf avukatlar\u0131 kat\u0131ld\u0131. Mehmet Erdo\u011fan, yapt\u0131\u011f\u0131 savunmada, 22 y\u0131ld\u0131r uyu\u015fturucu kulland\u0131\u011f\u0131n\u0131, ancak hi\u00e7bir zaman bu i\u015fin ticaretine girmedi\u011fini s\u00f6yledi ve hakk\u0131ndaki iddialar\u0131 reddetti. Mahkeme, san\u0131klardan Esra \u0130\u015f\u00e7al&#8217;\u0131n tutukluluk halinin devam\u0131na karar verirken, aralar\u0131nda Mehmet Erdo\u011fan&#8217;\u0131n da bulundu\u011fu be\u015f ki\u015finin tahliyesine karar verdi.<\/p>\n<p style=\"text-align: justify;\"><a href=\"http:\/\/www.odatv.com\/n.php?n=iciciyim-dedi-tahliye-edildi-2906111200\" target=\"_blank\">Kaynak : Odatv.com<\/a><\/p>\n","protected":false},"excerpt":{"rendered":"<p style=\"text-align: center;\">\n<p style=\"text-align: justify;\">Ba\u015fbakan Erdo\u011fan&#8217;\u0131n ye\u011feni Mehmet Erdo\u011fan 2010&#8217;da 50 kg. esrarla yakalanm\u0131\u015ft\u0131. Ye\u011fen Erdo\u011fan ifadesinde &#8220;sat\u0131c\u0131 de\u011fil i\u00e7iciyim&#8221; diyerek kendini savundu ve mahkeme bu ifadeye inanarak ye\u011fen Erdo\u011fan&#8217;\u0131 tahliye etti. <\/p>\n","protected":false},"author":1,"featured_media":0,"comment_status":"open","ping_status":"closed","sticky":false,"template":"","format":"standard","meta":{"footnotes":""},"categories":[105],"tags":[],"class_list":["post-35424","post","type-post","status-publish","format-standard","hentry","category-gundem","odd"],"_links":{"self":[{"href":"http:\/\/www.korhanyilmaz.com\/index.php?rest_route=\/wp\/v2\/posts\/35424","targetHints":{"allow":["GET"]}}],"collection":[{"href":"http:\/\/www.korhanyilmaz.com\/index.php?rest_route=\/wp\/v2\/posts"}],"about":[{"href":"http:\/\/www.korhanyilmaz.com\/index.php?rest_route=\/wp\/v2\/types\/post"}],"author":[{"embeddable":true,"href":"http:\/\/www.korhanyilmaz.com\/index.php?rest_route=\/wp\/v2\/users\/1"}],"replies":[{"embeddable":true,"href":"http:\/\/www.korhanyilmaz.com\/index.php?rest_route=%2Fwp%2Fv2%2Fcomments&post=35424"}],"version-history":[{"count":0,"href":"http:\/\/www.korhanyilmaz.com\/index.php?rest_route=\/wp\/v2\/posts\/35424\/revisions"}],"wp:attachment":[{"href":"http:\/\/www.korhanyilmaz.com\/index.php?rest_route=%2Fwp%2Fv2%2Fmedia&parent=35424"}],"wp:term":[{"taxonomy":"category","embeddable":true,"href":"http:\/\/www.korhanyilmaz.com\/index.php?rest_route=%2Fwp%2Fv2%2Fcategories&post=35424"},{"taxonomy":"post_tag","embeddable":true,"href":"http:\/\/www.korhanyilmaz.com\/index.php?rest_route=%2Fwp%2Fv2%2Ftags&post=35424"}],"curies":[{"name":"wp","href":"https:\/\/api.w.org\/{rel}","templated":true}]}}