{"id":35420,"date":"2011-07-01T16:52:39","date_gmt":"2011-07-01T13:52:39","guid":{"rendered":"http:\/\/www.korhanyilmaz.com\/?p=35420"},"modified":"2011-07-10T23:07:15","modified_gmt":"2011-07-10T20:07:15","slug":"hasan-heybetliye-25-yil-10-ay","status":"publish","type":"post","link":"http:\/\/www.korhanyilmaz.com\/?p=35420","title":{"rendered":"Hasan Heybetli&#8217;ye 25 y\u0131l 10 ay!"},"content":{"rendered":"<p style=\"text-align: center;\"><a href=\"http:\/\/www.korhanyilmaz.com\/wp-content\/uploads\/2011\/07\/889.jpg\"  class=\"lightview\"><img loading=\"lazy\" decoding=\"async\" class=\"aligncenter size-full wp-image-35522\" src=\"http:\/\/www.korhanyilmaz.com\/wp-content\/uploads\/2011\/07\/889.jpg\" alt=\"\" width=\"300\" height=\"210\" \/><\/a><\/p>\n<p style=\"text-align: justify;\">Rezidans cinayeti davas\u0131nda mahkeme, Hasan Heybetli\u2019ye Fatih Edremit\u2019i \u00f6ld\u00fcrmekten 25 y\u0131l 10 ay hapis cezas\u0131 verdi. Mahkeme, di\u011fer san\u0131klar Onur \u00d6zbizerdik ile B\u00fclent Zara\u2019y\u0131 ise beraat ettirdi. <!--more--><\/p>\n<p style=\"text-align: justify;\">\u0130stanbul 2. A\u011f\u0131r Ceza Mahkemesi\u2019nde g\u00f6r\u00fclen duru\u015fmaya Silivri Cezaevi\u2019de tutuklu bulunan san\u0131klar Hasan Heybetli ile \u0130smail Onur \u00d6zbizerdik getirilirdi. \u00d6ld\u00fcr\u00fclen Fatih Edremit\u2019in e\u015fi Lamia ile o\u011flu Alican Edremit de duru\u015fmaya kat\u0131ld\u0131. Tutuksuz san\u0131k B\u00fclent Zara ise duru\u015fmaya gelmedi. Savc\u0131 Orhan Erbay, ge\u00e7en celse verdi\u011fi m\u00fctalaay\u0131 tekrar etti\u011fini belirtti.<\/p>\n<p style=\"text-align: justify;\"><strong>Kar\u015f\u0131l\u0131kl\u0131 at\u0131\u015fma<\/strong><\/p>\n<p style=\"text-align: justify;\">San\u0131k \u0130smail Onur \u00d6zbizerdik son savunmas\u0131nda, \u201cBenim tek su\u00e7um Fatih Edremit ile Hasan Heybetli\u2019yi tan\u0131\u015ft\u0131rmakt\u0131r. Su\u00e7la ilgim yoktur. Beraat ve tahliyemi talep ederim\u201d dedi. San\u0131k Hasan Heybetli ise \u201cBu olay\u0131 bana y\u0131kmak i\u00e7in talimat verenleri \u00e7ok iyi biliyorum. Bu olaya beni neden katt\u0131klar\u0131n\u0131 anlam\u0131\u015f de\u011filim\u201d diye konu\u015ftu. Bu s\u0131rada Onur \u00d6zbizerdik Heybetli\u2019ye \u201cA\u011fabey cinayeti benim \u00fczerime y\u0131kmaya \u00e7al\u0131\u015f\u0131yorsun. Ben sana iftira atarsam beni gazoz kapa\u011f\u0131na \u00e7evirip delik de\u015fik ederler\u201d dedi.<\/p>\n<p style=\"text-align: justify;\"><strong>\u015ea\u015f\u0131rtan karar<\/strong><\/p>\n<p style=\"text-align: justify;\">Mahkeme Ba\u015fkan\u0131 Salih \u00d6zt\u00fcrk, san\u0131k Hasan Heybetli\u2019nin maktul Fatih Edremit\u2019i silahla \u00f6ld\u00fcrd\u00fc\u011f\u00fc kanaatine vard\u0131klar\u0131n\u0131 belirtti. Oy birli\u011fiyle al\u0131nan kararda Heybetli\u2019nin kasten adam \u00f6ld\u00fcrmek su\u00e7undan \u00f6nce m\u00fcebbet hapis cezas\u0131na \u00e7arpt\u0131r\u0131ld\u0131. Heybetli\u2019nin duru\u015fmalardaki iyi halini dikkate alan heyet, cezay\u0131 25 y\u0131l hapse indirdi. Heyet di\u011fer san\u0131klar \u0130smail Onur \u00d6zbizerdik ve B\u00fclent Zara\u2019n\u0131n beraatlar\u0131na ve tahliyelerine karar verdi. Karar okuduktan sonra \u0130smail Onur \u00d6zbizerdik, ellerini a\u00e7\u0131p dua ederek ellerini y\u00fcz\u00fcne s\u00fcrd\u00fc. Heybetli ise mahkemenin karar\u0131n\u0131 sessizlikle kar\u015f\u0131lad\u0131.<\/p>\n<p style=\"text-align: justify;\"><a href=\"http:\/\/haber.gazetevatan.com\/hasan-heybetliye-25-yil-10-ay\/386532\/1\/Gundem\" target=\"_blank\">Kaynak : VATAN Gazetesi<\/a><\/p>\n","protected":false},"excerpt":{"rendered":"<p style=\"text-align: center;\">\n<p style=\"text-align: justify;\">Rezidans cinayeti davas\u0131nda mahkeme, Hasan Heybetli\u2019ye Fatih Edremit\u2019i \u00f6ld\u00fcrmekten 25 y\u0131l 10 ay hapis cezas\u0131 verdi. Mahkeme, di\u011fer san\u0131klar Onur \u00d6zbizerdik ile B\u00fclent Zara\u2019y\u0131 ise beraat ettirdi. <\/p>\n","protected":false},"author":1,"featured_media":0,"comment_status":"open","ping_status":"closed","sticky":false,"template":"","format":"standard","meta":{"footnotes":""},"categories":[105],"tags":[],"class_list":["post-35420","post","type-post","status-publish","format-standard","hentry","category-gundem","odd"],"_links":{"self":[{"href":"http:\/\/www.korhanyilmaz.com\/index.php?rest_route=\/wp\/v2\/posts\/35420","targetHints":{"allow":["GET"]}}],"collection":[{"href":"http:\/\/www.korhanyilmaz.com\/index.php?rest_route=\/wp\/v2\/posts"}],"about":[{"href":"http:\/\/www.korhanyilmaz.com\/index.php?rest_route=\/wp\/v2\/types\/post"}],"author":[{"embeddable":true,"href":"http:\/\/www.korhanyilmaz.com\/index.php?rest_route=\/wp\/v2\/users\/1"}],"replies":[{"embeddable":true,"href":"http:\/\/www.korhanyilmaz.com\/index.php?rest_route=%2Fwp%2Fv2%2Fcomments&post=35420"}],"version-history":[{"count":0,"href":"http:\/\/www.korhanyilmaz.com\/index.php?rest_route=\/wp\/v2\/posts\/35420\/revisions"}],"wp:attachment":[{"href":"http:\/\/www.korhanyilmaz.com\/index.php?rest_route=%2Fwp%2Fv2%2Fmedia&parent=35420"}],"wp:term":[{"taxonomy":"category","embeddable":true,"href":"http:\/\/www.korhanyilmaz.com\/index.php?rest_route=%2Fwp%2Fv2%2Fcategories&post=35420"},{"taxonomy":"post_tag","embeddable":true,"href":"http:\/\/www.korhanyilmaz.com\/index.php?rest_route=%2Fwp%2Fv2%2Ftags&post=35420"}],"curies":[{"name":"wp","href":"https:\/\/api.w.org\/{rel}","templated":true}]}}