{"id":35412,"date":"2011-07-01T18:10:32","date_gmt":"2011-07-01T15:10:32","guid":{"rendered":"http:\/\/www.korhanyilmaz.com\/?p=35412"},"modified":"2011-07-10T23:22:43","modified_gmt":"2011-07-10T20:22:43","slug":"basbakan-anayasa-mahkemesi-baskani-ile-gorustu","status":"publish","type":"post","link":"http:\/\/www.korhanyilmaz.com\/?p=35412","title":{"rendered":"Ba\u015fbakan Anayasa Mahkemesi Ba\u015fkan\u0131 ile g\u00f6r\u00fc\u015ft\u00fc"},"content":{"rendered":"<p style=\"text-align: center;\"><a href=\"http:\/\/www.korhanyilmaz.com\/wp-content\/uploads\/2011\/07\/603.jpeg\"  class=\"lightview\"><img loading=\"lazy\" decoding=\"async\" class=\"aligncenter size-full wp-image-35413\" src=\"http:\/\/www.korhanyilmaz.com\/wp-content\/uploads\/2011\/07\/603.jpeg\" alt=\"\" width=\"360\" height=\"240\" \/><\/a><\/p>\n<p style=\"text-align: justify;\">Ba\u015fbakan Erdo\u011fan, Anayasa Mahkemesi Ba\u015fkan\u0131 Ha\u015fim K\u0131l\u0131\u00e7 ile g\u00f6r\u00fc\u015ft\u00fc.<\/p>\n<p style=\"text-align: justify;\">Ba\u015fbakan Recep Tayyip Erdo\u011fan, TBMM Ba\u015fkan\u0131 se\u00e7iminden sonra kabine listesini Cumhurba\u015fkan\u0131 Abdullah G\u00fcl&#8217;\u00fcn onay\u0131na sunaca\u011f\u0131n\u0131 bildirdi. Ba\u015fbakan Erdo\u011fan, Polis Akademisi mezuniyet t\u00f6reninden ayr\u0131l\u0131rken bas\u0131n mensuplar\u0131n\u0131n sorular\u0131n\u0131 yan\u0131tlad\u0131. Erdo\u011fan, \u201c\u0130\u00e7eride Anayasa Mahkemesi Ba\u015fkan\u0131 Ha\u015fim K\u0131l\u0131\u00e7 ile bir g\u00f6r\u00fc\u015fme yapt\u0131n\u0131z m\u0131?\u201d sorusuna, \u201cG\u00f6r\u00fc\u015fmek bize haram m\u0131?\u201d yan\u0131t\u0131n\u0131 verdi. <!--more--><\/p>\n<p style=\"text-align: justify;\">Ba\u015fbakan Erdo\u011fan, \u201cYeni h\u00fck\u00fcmet i\u00e7in \u00c7ankaya K\u00f6\u015fk\u00fc&#8217;ne ne zaman \u00e7\u0131kaca\u011f\u0131\u201d y\u00f6n\u00fcnde sorulan bir soru \u00fczerine, \u201cMeclis Ba\u015fkanl\u0131\u011f\u0131 se\u00e7imini halledelim ondan sonra\u201d dedi. Erdo\u011fan, \u201cSal\u0131 g\u00fcn\u00fcn\u00fc bekleyelim mi?\u201d sorusunu, \u201cBen size haber veririm\u201d diye yan\u0131tlad\u0131. Ba\u015fbakan Erdo\u011fan, \u201cBu konuda bir s\u00fcrpriz olup olmayaca\u011f\u0131na\u201d ili\u015fkin soru \u00fczerine de \u201cBir s\u00fcrpriz yok\u201d dedi.<\/p>\n<p style=\"text-align: justify;\">Anayasa Mahkemesi Ba\u015fkan\u0131 Ha\u015fim K\u0131l\u0131\u00e7 da bir gazetecinin, \u201cSay\u0131n Ba\u015fbakan ile Hatip Dicle&#8217;nin durumunu mu g\u00f6r\u00fc\u015ft\u00fcn\u00fcz?\u201d sorusuna K\u0131l\u0131\u00e7, \u201cHay\u0131r. G\u00fcndemdeki konular\u0131 g\u00f6r\u00fc\u015fmedik\u201d kar\u015f\u0131l\u0131\u011f\u0131n\u0131 verdi. Tutuklu vekillerin durumunu mu g\u00f6r\u00fc\u015ft\u00fcn\u00fcz?\u201d sorusu \u00fczerine de K\u0131l\u0131\u00e7, \u201cHay\u0131r, hay\u0131r. T\u00f6renlerin ard\u0131ndan nezaket \u00e7ay\u0131 i\u00e7ilir. O nedenle bir araya geldik\u201d dedi.<\/p>\n<p style=\"text-align: justify;\"><a href=\"http:\/\/www.radikal.com.tr\/Radikal.aspx?aType=RadikalDetayV3&amp;ArticleID=1054777&amp;Date=02.07.2011&amp;CategoryID=78\" target=\"_blank\">Kaynak : Radikal<\/a><\/p>\n","protected":false},"excerpt":{"rendered":"<p style=\"text-align: center;\">\n<p style=\"text-align: justify;\">Ba\u015fbakan Erdo\u011fan, Anayasa Mahkemesi Ba\u015fkan\u0131 Ha\u015fim K\u0131l\u0131\u00e7 ile g\u00f6r\u00fc\u015ft\u00fc.<\/p>\n<p style=\"text-align: justify;\">Ba\u015fbakan Recep Tayyip Erdo\u011fan, TBMM Ba\u015fkan\u0131 se\u00e7iminden sonra kabine listesini Cumhurba\u015fkan\u0131 Abdullah G\u00fcl&#8217;\u00fcn onay\u0131na sunaca\u011f\u0131n\u0131 bildirdi. Ba\u015fbakan Erdo\u011fan, Polis Akademisi mezuniyet t\u00f6reninden ayr\u0131l\u0131rken bas\u0131n mensuplar\u0131n\u0131n sorular\u0131n\u0131 yan\u0131tlad\u0131. Erdo\u011fan, \u201c\u0130\u00e7eride Anayasa Mahkemesi Ba\u015fkan\u0131 Ha\u015fim K\u0131l\u0131\u00e7 ile bir g\u00f6r\u00fc\u015fme yapt\u0131n\u0131z m\u0131?\u201d <\/p>\n","protected":false},"author":1,"featured_media":0,"comment_status":"open","ping_status":"closed","sticky":false,"template":"","format":"standard","meta":{"footnotes":""},"categories":[105],"tags":[],"class_list":["post-35412","post","type-post","status-publish","format-standard","hentry","category-gundem","odd"],"_links":{"self":[{"href":"http:\/\/www.korhanyilmaz.com\/index.php?rest_route=\/wp\/v2\/posts\/35412","targetHints":{"allow":["GET"]}}],"collection":[{"href":"http:\/\/www.korhanyilmaz.com\/index.php?rest_route=\/wp\/v2\/posts"}],"about":[{"href":"http:\/\/www.korhanyilmaz.com\/index.php?rest_route=\/wp\/v2\/types\/post"}],"author":[{"embeddable":true,"href":"http:\/\/www.korhanyilmaz.com\/index.php?rest_route=\/wp\/v2\/users\/1"}],"replies":[{"embeddable":true,"href":"http:\/\/www.korhanyilmaz.com\/index.php?rest_route=%2Fwp%2Fv2%2Fcomments&post=35412"}],"version-history":[{"count":0,"href":"http:\/\/www.korhanyilmaz.com\/index.php?rest_route=\/wp\/v2\/posts\/35412\/revisions"}],"wp:attachment":[{"href":"http:\/\/www.korhanyilmaz.com\/index.php?rest_route=%2Fwp%2Fv2%2Fmedia&parent=35412"}],"wp:term":[{"taxonomy":"category","embeddable":true,"href":"http:\/\/www.korhanyilmaz.com\/index.php?rest_route=%2Fwp%2Fv2%2Fcategories&post=35412"},{"taxonomy":"post_tag","embeddable":true,"href":"http:\/\/www.korhanyilmaz.com\/index.php?rest_route=%2Fwp%2Fv2%2Ftags&post=35412"}],"curies":[{"name":"wp","href":"https:\/\/api.w.org\/{rel}","templated":true}]}}