{"id":35405,"date":"2011-07-01T15:05:29","date_gmt":"2011-07-01T12:05:29","guid":{"rendered":"http:\/\/www.korhanyilmaz.com\/?p=35405"},"modified":"2011-07-10T23:23:11","modified_gmt":"2011-07-10T20:23:11","slug":"hopa%e2%80%99da-insan-avi","status":"publish","type":"post","link":"http:\/\/www.korhanyilmaz.com\/?p=35405","title":{"rendered":"Hopa\u2019da insan av\u0131"},"content":{"rendered":"<p style=\"text-align: center;\"><a href=\"http:\/\/www.korhanyilmaz.com\/wp-content\/uploads\/2011\/07\/602.jpg\"  class=\"lightview\"><img loading=\"lazy\" decoding=\"async\" class=\"aligncenter size-full wp-image-35406\" src=\"http:\/\/www.korhanyilmaz.com\/wp-content\/uploads\/2011\/07\/602.jpg\" alt=\"\" width=\"420\" height=\"210\" \/><\/a><\/p>\n<p style=\"text-align: justify;\">Hopa Savc\u0131l\u0131\u011f\u0131, bas\u0131n kurulu\u015flar\u0131na yaz\u0131 g\u00f6ndererek, Ba\u015fbakan\u2019\u0131n Hopa mitingine ili\u015fkin g\u00f6r\u00fcnt\u00fcleri istedi. Bilgi vermeyenler hakk\u0131nda da i\u015flem yap\u0131laca\u011f\u0131 vurguland\u0131. Gazeteci birlikleri talebin yasad\u0131\u015f\u0131 oldu\u011funu belirterek sert tepki g\u00f6sterdi.<!--more--><\/p>\n<p style=\"text-align: justify;\">Hopa Cumhuriyet Ba\u015fsavc\u0131l\u0131\u011f\u0131, t\u00fcm bas\u0131n yay\u0131n kurulu\u015flar\u0131na bir yaz\u0131 g\u00f6ndererek, Ba\u015fbakan Erdo\u011fan\u2019\u0131n Hopa mitinginde meydana gelen olaylar ile bu olaylarda \u201crahats\u0131zlanarak\u201d hayat\u0131n\u0131 kaybeden Metin Lokumcu\u2019nun cenaze t\u00f6renine ili\u015fkin yay\u0131nlanm\u0131\u015f ve yay\u0131nlanmam\u0131\u015f t\u00fcm g\u00f6r\u00fcnt\u00fc ve foto\u011fraflar\u0131n g\u00f6nderilmesini istedi. Yaz\u0131da, savc\u0131l\u0131\u011fa 10 g\u00fcn i\u00e7inde cevap vermenin zorunlu oldu\u011fu, e\u011fer bu s\u00fcre i\u00e7inde istenen bilgilerin verilmesi imkans\u0131z ise sebebi ve en ge\u00e7 hangi tarihte cevap verilebilece\u011finin belirtilmesi gerekti\u011fi, aksi halde sorumlular hakk\u0131nda T\u00fcrk Ceza Kanunu\u2019nun 257. maddesine ayk\u0131r\u0131l\u0131ktan adli i\u015flem yap\u0131laca\u011f\u0131 bildirildi.<\/p>\n<p style=\"text-align: justify;\"><strong>\u2018Gazeteci savc\u0131l\u0131k personeli de\u011fildir\u2019<\/strong><\/p>\n<p style=\"text-align: justify;\">Savc\u0131n\u0131n talebine T\u00fcrkiye Gazeteciler Cemiyeti ve \u00c7a\u011fda\u015f Gazeteciler Derne\u011fi sert tepki g\u00f6sterdi.<\/p>\n<p style=\"text-align: justify;\">TGC: \u201c\u0130stek 5187 say\u0131l\u0131 Bas\u0131n Yasas\u0131\u2019n\u0131n 12. maddesine ayk\u0131r\u0131d\u0131r. S\u00f6z konusu madde \u015f\u00f6yledir; \u2018S\u00fcreli yay\u0131n sahibi sorumlu m\u00fcd\u00fcr ve eser sahibi bilgi belge dahil her t\u00fcrl\u00fc haber kaynaklar\u0131n\u0131 a\u00e7\u0131klamaya ve bu konuda tan\u0131kl\u0131k yapmaya zorlanamaz.\u2019 TCK\u2019n\u0131n 257. maddesinin de kamu g\u00f6revlileriyle ilgilidir. Gazeteci kamu g\u00f6revi yapar ama kamu g\u00f6revlisi de\u011fildir.\u201d<\/p>\n<p style=\"text-align: justify;\">\u00c7GD: \u201cGazeteciler, savc\u0131l\u0131\u011f\u0131n personeli ya da olaylar\u0131 adli makamlara intikal ettirmek i\u00e7in maa\u015f alan kolluk g\u00f6revlileri de\u011fildir. Gazetecilerin ellerindeki g\u00f6r\u00fcnt\u00fcleri adli makamlara bildirme gibi bir y\u00fck\u00fcml\u00fcl\u00fckleri yoktur. Gazetecileri, izledikleri olaylar\u0131n taraf\u0131, \u015fikayet\u00e7isi, jurnalcisi haline sokmaya y\u00f6nelik bu tav\u0131r, Ba\u015fbakan\u2019\u0131n ve h\u00fck\u00fcmetin bas\u0131na y\u00f6nelik d\u00fc\u015fmanca ve tarafl\u0131 tutumunun devam\u0131 niteli\u011findedir.\u201d<\/p>\n<p style=\"text-align: justify;\"><strong>HES\u00b4den vazge\u00e7ilmesi onun an\u0131s\u0131n\u0131 ya\u015fatacak<\/strong><\/p>\n<p style=\"text-align: justify;\">Nett Enerji \u015eirketi, toplumsal bir olaya bahane edilmemesi i\u00e7in Hopa\u2019da yapmay\u0131 planlad\u0131klar\u0131 HES\u2019ten vazge\u00e7ti\u011fini a\u00e7\u0131klamas\u0131 sevin\u00e7 yaratt\u0131. Derelerin Karde\u015fli\u011fi Platformu (DEKAP) Y\u00fcr\u00fctme Kurulu \u00fcyesi ve Hopa temsilcisi Kamil Ustaba\u015f, Ba\u015fbakan Erdo\u011fan\u2019\u0131n Hopa mitingi s\u0131ras\u0131ndaki olaylar\u0131n, sular\u0131na ve \u00e7aylar\u0131na sahip \u00e7\u0131kt\u0131klar\u0131n\u0131 anlatan bir pankart a\u00e7\u0131lmas\u0131 \u00fczerine ba\u015flad\u0131\u011f\u0131n\u0131 hat\u0131rlatt\u0131. Ustaba\u015f \u015firketin bu karar\u0131n\u0131n, olaylarda hayat\u0131n\u0131 kaybeden emekli \u00f6\u011fretmen Metin Lokumcu\u2019nun an\u0131s\u0131n\u0131 ya\u015fatacak bir zafer oldu\u011funu belirtti.<\/p>\n<p style=\"text-align: justify;\"><a href=\"http:\/\/haber.gazetevatan.com\/hopada-insan-avi\/386517\/1\/Gundem\" target=\"_blank\">Kaynak : VATAN Gazetesi<\/a><\/p>\n","protected":false},"excerpt":{"rendered":"<p style=\"text-align: center;\">\n<p style=\"text-align: justify;\">Hopa Savc\u0131l\u0131\u011f\u0131, bas\u0131n kurulu\u015flar\u0131na yaz\u0131 g\u00f6ndererek, Ba\u015fbakan\u2019\u0131n Hopa mitingine ili\u015fkin g\u00f6r\u00fcnt\u00fcleri istedi. Bilgi vermeyenler hakk\u0131nda da i\u015flem yap\u0131laca\u011f\u0131 vurguland\u0131. Gazeteci birlikleri talebin yasad\u0131\u015f\u0131 oldu\u011funu belirterek sert tepki g\u00f6sterdi.<\/p>\n","protected":false},"author":1,"featured_media":0,"comment_status":"open","ping_status":"closed","sticky":false,"template":"","format":"standard","meta":{"footnotes":""},"categories":[105],"tags":[],"class_list":["post-35405","post","type-post","status-publish","format-standard","hentry","category-gundem","odd"],"_links":{"self":[{"href":"http:\/\/www.korhanyilmaz.com\/index.php?rest_route=\/wp\/v2\/posts\/35405","targetHints":{"allow":["GET"]}}],"collection":[{"href":"http:\/\/www.korhanyilmaz.com\/index.php?rest_route=\/wp\/v2\/posts"}],"about":[{"href":"http:\/\/www.korhanyilmaz.com\/index.php?rest_route=\/wp\/v2\/types\/post"}],"author":[{"embeddable":true,"href":"http:\/\/www.korhanyilmaz.com\/index.php?rest_route=\/wp\/v2\/users\/1"}],"replies":[{"embeddable":true,"href":"http:\/\/www.korhanyilmaz.com\/index.php?rest_route=%2Fwp%2Fv2%2Fcomments&post=35405"}],"version-history":[{"count":0,"href":"http:\/\/www.korhanyilmaz.com\/index.php?rest_route=\/wp\/v2\/posts\/35405\/revisions"}],"wp:attachment":[{"href":"http:\/\/www.korhanyilmaz.com\/index.php?rest_route=%2Fwp%2Fv2%2Fmedia&parent=35405"}],"wp:term":[{"taxonomy":"category","embeddable":true,"href":"http:\/\/www.korhanyilmaz.com\/index.php?rest_route=%2Fwp%2Fv2%2Fcategories&post=35405"},{"taxonomy":"post_tag","embeddable":true,"href":"http:\/\/www.korhanyilmaz.com\/index.php?rest_route=%2Fwp%2Fv2%2Ftags&post=35405"}],"curies":[{"name":"wp","href":"https:\/\/api.w.org\/{rel}","templated":true}]}}