{"id":35400,"date":"2011-07-01T12:11:14","date_gmt":"2011-07-01T09:11:14","guid":{"rendered":"http:\/\/www.korhanyilmaz.com\/?p=35400"},"modified":"2011-07-10T23:23:57","modified_gmt":"2011-07-10T20:23:57","slug":"aranan-pasa-tarihi-gorevde","status":"publish","type":"post","link":"http:\/\/www.korhanyilmaz.com\/?p=35400","title":{"rendered":"Aranan Pa\u015fa tarihi g\u00f6revde"},"content":{"rendered":"<p style=\"text-align: center;\"><a href=\"http:\/\/www.korhanyilmaz.com\/wp-content\/uploads\/2011\/07\/601.jpg\"  class=\"lightview\"><img loading=\"lazy\" decoding=\"async\" class=\"aligncenter size-full wp-image-35401\" src=\"http:\/\/www.korhanyilmaz.com\/wp-content\/uploads\/2011\/07\/601.jpg\" alt=\"\" width=\"420\" height=\"210\" \/><\/a><\/p>\n<p style=\"text-align: justify;\">2. Balyoz davas\u0131n\u0131n iddianamesinde ismi ge\u00e7en ve \u0130stanbul 10. A\u011f\u0131r Ceza Mahkemesi&#8217;nin hakk\u0131nda yakalama karar\u0131 \u00e7\u0131kartt\u0131\u011f\u0131 T\u00fcmamiral Ahmet Sinan Ertu\u011frul&#8217;un komutas\u0131ndaki T\u00fcrk Deniz G\u00f6rev Grubu, Pakistan \u2019\u0131n Kara\u00e7i Liman\u0131&#8217;na geldi.<!--more--><\/p>\n<p style=\"text-align: justify;\">Balyoz\u2019da yakalama karar\u0131 \u00e7\u0131kar\u0131lan T\u00fcmamiral Sinan Ertu\u011frul, cumhuriyet tarihinde ilk defa Hint Okyanusu\u2019nda yap\u0131lan bir harekat\u0131 komuta ediyor. NATO ve \u00e7ok uluslu harekatlara destek sa\u011flamak amac\u0131yla denize a\u00e7\u0131lan \u00fc\u00e7 sava\u015f gemisi ve 700\u2019e yak\u0131n personelin g\u00f6rev yapt\u0131\u011f\u0131 T\u00fcrk Deniz Grubu Kara\u00e7i Liman\u0131\u2019nda t\u00f6renle kar\u015f\u0131land\u0131.<\/p>\n<p style=\"text-align: justify;\">Balyoz soru\u015fturmas\u0131 kapsam\u0131nda Eski\u015fehir\u2019de ele ge\u00e7irilen belgelerle ilgili y\u00fcr\u00fct\u00fclen soru\u015fturmada mahkemenin yakalama karar\u0131 \u00e7\u0131kard\u0131\u011f\u0131 isimler aras\u0131nda yer alan Deniz Kuvvetleri Komutanl\u0131\u011f\u0131 MEBS Ba\u015fkan\u0131 T\u00fcmamiral Ahmet Sinan Ertu\u011frul, T\u00fcrk Deniz Grubu Kotumatan\u0131 olarak gitti\u011fi Kara\u00e7i\u2019de askeri t\u00f6renle kar\u015f\u0131land\u0131. NATO ve \u00e7ok uluslu hareketlara destek sa\u011flamak, korsanlarla m\u00fccadele, b\u00f6lge \u00fclkeleriyle e\u011fitim ve liman ziyaretleri yaparak ikili ili\u015fkiler geli\u015ftirmek amac\u0131yla denize a\u00e7\u0131lan T\u00fcmamiral Ahmet Sinan Ertu\u011frul komutas\u0131ndaki T\u00fcrk Deniz G\u00f6rev Grubu, TCG Barbaros (F-244), TCG Gemlik (F-492) ve TCG Gelibolu (F-493) firkateynleri ile gemilere denizde ikmal deste\u011fi sa\u011flayacak olan TCG Yarbay Kudet G\u00fcng\u00f6r (A-595) lojistik destek gemilerinden olu\u015fuyor.<\/p>\n<p style=\"text-align: justify;\"><strong>B\u00fcy\u00fckel\u00e7ilikten kar\u015f\u0131lama<\/strong><\/p>\n<p style=\"text-align: justify;\">Sabah saatlerinde Kara\u00e7i\u2019deki askeri limana demirleyen T\u00fcrk Deniz G\u00f6rev Grubu\u2019na ait firkateynler Pakistan Deniz Kuvvetleri\u2019nden Amiral Kelim \u015eevket taraf\u0131ndan askeri bando ve m\u0131z\u0131ka tak\u0131m\u0131 ile kar\u015f\u0131land\u0131. Kar\u015f\u0131lama t\u00f6reninde Pakistan Donanmas\u0131ndan \u00e7ok say\u0131da askeri yetkilinin yan\u0131 s\u0131ra, T\u00fcrkiye\u2019nin \u0130slamabad B\u00fcy\u00fckel\u00e7ili\u011finde g\u00f6revli sivil ve askeri yetkililer de bulundu. T\u00fcmamiral Ertu\u011frul\u2019un bug\u00fcn Kara\u00e7i\u2019de sancak gemisi TCG Barbaros\u2019ta bas\u0131n toplant\u0131s\u0131 d\u00fczenlemesi bekleniyor. T\u00fcrk Deniz G\u00f6rev Grubu\u2019nun 8 A\u011fustos\u2019ta T\u00fcrkiye\u2019ye d\u00f6nmesi planlan\u0131yor.<\/p>\n<p style=\"text-align: justify;\"><strong>SU\u00c7LAMALARI REDDETM\u0130\u015eT\u0130<\/strong><\/p>\n<p style=\"text-align: justify;\">Balyoz Suga Harekat Plan\u0131\u2019n\u0131n eklerinde ad\u0131 ge\u00e7en Ertu\u011frul, bu kapsamda savc\u0131ya ifade vermi\u015f ve serbest b\u0131rak\u0131lm\u0131\u015ft\u0131. Su\u00e7lamalar\u0131 reddeden Ertu\u011frul hakk\u0131nda, ilk Balyoz iddianamesinde takipsizlik verilirken, 2010 YA\u015e\u2019ta terfi ederek T\u00fcmgeneral r\u00fctbesine y\u00fckselmi\u015fti.<\/p>\n<p style=\"text-align: justify;\"><strong>Cumhuriyet tarihinde ilk<\/strong><\/p>\n<p style=\"text-align: justify;\">Hint Okyanusunda bir T\u00fcrk amiral komutas\u0131nda ve milli kontrolde g\u00f6revini icra eden T\u00fcrk Deniz G\u00f6rev Grubu T\u00fcrkiye Cumhuriyeti tarihinde ilk olma \u00f6zelli\u011fine sahip bulunuyor.<\/p>\n<p style=\"text-align: justify;\"><strong>8 A\u011fustos\u2019ta teslim olmas\u0131 bekleniyor<\/strong><\/p>\n<p style=\"text-align: justify;\">T\u00fcmamiral Ertu\u011frul\u2019un 8 A\u011fustos\u2019ta g\u00f6revini tamamlad\u0131ktan sonra teslim olaca\u011f\u0131 tahmin ediliyor.<\/p>\n<p style=\"text-align: justify;\"><strong>Yakalama karar\u0131na itirazlar reddedildi<\/strong><\/p>\n<p style=\"text-align: justify;\">\u0130stanbul 10. A\u011f\u0131r Ceza Mahkemesi \u2019nin \u0130kinci Balyoz \u0130ddianamesinin kabul\u00fcyle haklar\u0131nda yakalama emri \u00e7\u0131kard\u0131\u011f\u0131 Korgeneral Turgut Atman, T\u00fcmgeneral Beyaz\u0131t Karata\u015f, T\u00fcmamiral Ahmet Sinan Ertu\u011frul, T\u00fcmgeneral B\u00fclent Kocababu\u00e7, Tu\u011fgeneral Mehmet Eldem, T\u00fcmgeneral Nedim G\u00fcng\u00f6r Kuruba\u015f, Tu\u011fgeneral Mustafa Erhan Pamuk ve Albay Mehmet \u00d6rgen \u2019in avukatlar\u0131 karara itiraz etmi\u015fti. Talebi de\u011ferlendiren \u0130stanbul 10. A\u011f\u0131r Ceza Mahkemesi, karar\u0131n kald\u0131r\u0131lmas\u0131 talebini oybirli\u011fiyle reddetti. Mahkeme, \u201cyakalama emri \u00e7\u0131kar\u0131lmas\u0131 \u201d y\u00f6n\u00fcndeki kararlar\u0131n\u0131n yerinde oldu\u011funa h\u00fckmetti. Dosya, yakalama karar\u0131na yap\u0131lan itiraz\u0131n de\u011ferlendirilmesi i\u00e7in \u00fcst mahkemeye g\u00f6nderildi. \u0130stanbul 11. A\u011f\u0131r Ceza Mahkemesi talebi gelecek hafta de\u011ferlendirecek.<\/p>\n<p><a href=\"http:\/\/haber.gazetevatan.com\/aranan-pasa-tarihi-gorevde\/386493\/1\/Gundem\" target=\"_blank\">Kaynak : VATAN Gazetesi<\/a><\/p>\n","protected":false},"excerpt":{"rendered":"<p style=\"text-align: center;\">\n<p style=\"text-align: justify;\">2. Balyoz davas\u0131n\u0131n iddianamesinde ismi ge\u00e7en ve \u0130stanbul 10. A\u011f\u0131r Ceza Mahkemesi&#8217;nin hakk\u0131nda yakalama karar\u0131 \u00e7\u0131kartt\u0131\u011f\u0131 T\u00fcmamiral Ahmet Sinan Ertu\u011frul&#8217;un komutas\u0131ndaki T\u00fcrk Deniz G\u00f6rev Grubu, Pakistan \u2019\u0131n Kara\u00e7i Liman\u0131&#8217;na geldi.<\/p>\n","protected":false},"author":1,"featured_media":0,"comment_status":"open","ping_status":"closed","sticky":false,"template":"","format":"standard","meta":{"footnotes":""},"categories":[105],"tags":[],"class_list":["post-35400","post","type-post","status-publish","format-standard","hentry","category-gundem","odd"],"_links":{"self":[{"href":"http:\/\/www.korhanyilmaz.com\/index.php?rest_route=\/wp\/v2\/posts\/35400","targetHints":{"allow":["GET"]}}],"collection":[{"href":"http:\/\/www.korhanyilmaz.com\/index.php?rest_route=\/wp\/v2\/posts"}],"about":[{"href":"http:\/\/www.korhanyilmaz.com\/index.php?rest_route=\/wp\/v2\/types\/post"}],"author":[{"embeddable":true,"href":"http:\/\/www.korhanyilmaz.com\/index.php?rest_route=\/wp\/v2\/users\/1"}],"replies":[{"embeddable":true,"href":"http:\/\/www.korhanyilmaz.com\/index.php?rest_route=%2Fwp%2Fv2%2Fcomments&post=35400"}],"version-history":[{"count":0,"href":"http:\/\/www.korhanyilmaz.com\/index.php?rest_route=\/wp\/v2\/posts\/35400\/revisions"}],"wp:attachment":[{"href":"http:\/\/www.korhanyilmaz.com\/index.php?rest_route=%2Fwp%2Fv2%2Fmedia&parent=35400"}],"wp:term":[{"taxonomy":"category","embeddable":true,"href":"http:\/\/www.korhanyilmaz.com\/index.php?rest_route=%2Fwp%2Fv2%2Fcategories&post=35400"},{"taxonomy":"post_tag","embeddable":true,"href":"http:\/\/www.korhanyilmaz.com\/index.php?rest_route=%2Fwp%2Fv2%2Ftags&post=35400"}],"curies":[{"name":"wp","href":"https:\/\/api.w.org\/{rel}","templated":true}]}}