{"id":35390,"date":"2011-07-01T14:25:02","date_gmt":"2011-07-01T11:25:02","guid":{"rendered":"http:\/\/www.korhanyilmaz.com\/?p=35390"},"modified":"2011-07-10T23:06:47","modified_gmt":"2011-07-10T20:06:47","slug":"tutuklu-vekil-krizini-dunya-gundeminie-tasidi","status":"publish","type":"post","link":"http:\/\/www.korhanyilmaz.com\/?p=35390","title":{"rendered":"Tutuklu vekil krizini d\u00fcnya g\u00fcndeminie ta\u015f\u0131d\u0131"},"content":{"rendered":"<p style=\"text-align: center;\"><a href=\"http:\/\/www.korhanyilmaz.com\/wp-content\/uploads\/2011\/07\/014.jpg\"  class=\"lightview\"><img loading=\"lazy\" decoding=\"async\" class=\"aligncenter size-full wp-image-35391\" src=\"http:\/\/www.korhanyilmaz.com\/wp-content\/uploads\/2011\/07\/014.jpg\" alt=\"\" width=\"292\" height=\"192\" \/><\/a><\/p>\n<p style=\"text-align: justify;\">CHP lideri Kemal K\u0131l\u0131\u00e7daro\u011flu, BM, AB, AG\u0130T, OECD, Avrupa Konseyi, \u0130slam Konseyi, AP, Uluslararas\u0131 Af \u00d6rg\u00fct\u00fc, S\u0131n\u0131r Tan\u0131mayan Gazeteciler \u00d6rg\u00fct\u00fc ba\u015fkan ve y\u00f6neticileriyle, T\u00fcrkiye&#8217;deki b\u00fcy\u00fckel\u00e7iler ve yabanc\u0131 gazetecilere &#8220;Neden Yemin Etmedik?&#8221; diye bir mektup g\u00f6nderdi.<\/p>\n<p style=\"text-align: justify;\">CHP, se\u00e7ilmi\u015f milletvekillerinin TBMM\u2019de yemin etmesinin engellenmesini d\u00fcnyan\u0131n g\u00fcndemine ta\u015f\u0131d\u0131. <!--more--><\/p>\n<p style=\"text-align: justify;\">K\u0131l\u0131\u00e7daro\u011flu\u2019nun CHP\u2019nin TBMM\u2019de yemin etmeme gerek\u00e7elerini a\u00e7\u0131klamak ve se\u00e7ilmi\u015f milletvekillerine y\u00f6nelik hukuk d\u0131\u015f\u0131 hak gasb\u0131n\u0131 anlatmak i\u00e7in, BM \u0130nsan Haklar\u0131 Y\u00fcksek Komiseri, Navanethem Pillay AG\u0130T Genel Sekreteri, Marc Perin de Brichambaut, AG\u0130T-PA Ba\u015fkan\u0131, Petros Efthymiou OECD Genel Sekreteri, Jos\u00e9 \u00c1ngel Gurr\u00eda, \u0130slam Konferans\u0131 \u00d6rg\u00fct\u00fc Genel Sekreteri Ekmeleddin \u0130hsano\u011flu, Avrupa Konseyi Genel Sekreteri Thorbjorn Jagland, Sosyalist Enternasyonal Ba\u015fkan\u0131 George A. Papandreou, Avrupa Sosyalistler Partisi Ba\u015fkan\u0131 Poul Nyrup Rasmussen, Avrupa Parlamentosu Ba\u015fkan\u0131 Jerzy Buzek, Avrupa Komisyonu Ba\u015fkan\u0131 Jos\u00e9 Manuel Barroso, Avrupa Komisyonu Ba\u015fkan Yard\u0131mc\u0131s\u0131 Viviane Reding, Avrupa Komisyonu Geni\u015flemeden Sorumlu Komiseri Stefan F\u00fcle, Parlamentolar Aras\u0131 Birlik Ba\u015fkan\u0131 Theo-Ben Gurirab, Uluslararas\u0131 Af \u00d6rg\u00fct\u00fc Genel Sekreteri Salil Shetty, Human Rights Watch Direkt\u00f6r\u00fc Keneth Roth, D8 Genel Sekreteri Widi A. Pratikto, S\u0131n\u0131r Tan\u0131mayan Gazeteciler, T\u00fcrkiye\u2019deki Yerle\u015fik B\u00fcy\u00fckel\u00e7ilikler ile T\u00fcrkiye\u2019de Yerle\u015fik Yabanc\u0131 Bas\u0131n Temsilcilerine yazd\u0131\u011f\u0131 mektup \u015f\u00f6yle:<\/p>\n<p style=\"text-align: justify;\"><strong>&#8220;<em>Say\u0131n \u0130lgili,<\/em><\/strong><\/p>\n<p style=\"text-align: justify;\"><em>Cumhuriyet Halk Partisi Milletvekilleri 28 Haziran 2011\u2019deki TBMM\u2019nin a\u00e7\u0131l\u0131\u015f oturumunda yemin etmemi\u015flerdir. Milletvekillerimiz uzun s\u00fcredir tutuklu bulunan ve mahkemenin serbest b\u0131rakmamas\u0131 nedeniyle TBMM\u2019deki a\u00e7\u0131l\u0131\u015f oturumuna kat\u0131lamayan iki Milletvekillerimizle dayan\u0131\u015fmak i\u00e7in bu karar\u0131 alm\u0131\u015flard\u0131r.<\/em><\/p>\n<p style=\"text-align: justify;\"><em>Bu iki Milletvekilimiz \u015fu an iki y\u0131ldan uzun bir s\u00fcredir tutuklu bulunmaktalar ve halen herhangi bir su\u00e7tan mahkum olmu\u015f de\u011fildirler. Bir yarg\u0131 organ\u0131 olan Y\u00fcksek Se\u00e7im Kurulu, herhangi bir su\u00e7tan dolay\u0131 mahk\u00fbm edilmemi\u015f bulunan, gazeteci Mustafa Balbay ile t\u0131p doktoru Profes\u00f6r Mehmet Haberal\u2019\u0131n, aday olabileceklerini h\u00fckme ba\u011flam\u0131\u015ft\u0131r.<\/em><\/p>\n<p style=\"text-align: justify;\"><em>Halk onlara oy vermi\u015f ve vekilleri olarak se\u00e7mi\u015ftir. \u015eimdi ise, iki h\u00e2kim, verdikleri bir kararla, Balbay ve Haberal\u2019\u0131n, halk\u0131n se\u00e7ilmi\u015f vekilleri olarak g\u00f6revlerini yerine getirmelerini engellemektedir. Di\u011fer bir siyasi partiye mensup alt\u0131 vekil de ayn\u0131 durumdad\u0131r.<\/em><\/p>\n<p style=\"text-align: justify;\"><em>Bu husustaki kesin kan\u0131m, s\u00f6z konusu durumun b\u00fcy\u00fck bir adaletsizlik oldu\u011fu ve Avrupa \u0130nsan Haklar\u0131 S\u00f6zle\u015fmesi ile Birle\u015fmi\u015f Milletler \u0130nsan Haklar\u0131 organlar\u0131n\u0131n kararlar\u0131 taraf\u0131ndan vazge\u00e7ilmez bir hak olarak tan\u0131nan se\u00e7me ve se\u00e7ilme hakk\u0131n\u0131n a\u00e7\u0131k bir ihlalini olu\u015fturdu\u011fudur.<\/em><\/p>\n<p style=\"text-align: justify;\"><em>CHP, demokrasiyi ve halk\u0131n h\u00fcr iradesini korumaya devam edecek, soruna s\u00fcratli bir \u015fekilde demokrasiye ve hukuka uygun bir \u00e7\u00f6z\u00fcm bulmak i\u00e7in gerekli t\u00fcm gayreti g\u00f6sterecektir.<\/em><\/p>\n<p style=\"text-align: justify;\"><em>CHP\u2019nin, adaletin ve bir temel demokratik hak olan se\u00e7me ve se\u00e7ilme hakk\u0131n\u0131n ihlali sonucu halen tutuklu bulunan sekiz vekille dayan\u0131\u015fma nedenlerini a\u00e7\u0131klayan bir notu ili\u015fikte bilginize sunuyorum.<\/em><\/p>\n<p style=\"text-align: justify;\"><em>Sayg\u0131lar\u0131mla,<\/em><\/p>\n<p style=\"text-align: justify;\"><em>Kemal K\u0131l\u0131\u00e7daro\u011flu<\/em><\/p>\n<p style=\"text-align: justify;\"><em>Genel Ba\u015fkan&#8221;<\/em><\/p>\n<p style=\"text-align: justify;\"><strong>CHP TUTUM KA\u011eIDI<\/strong><\/p>\n<p style=\"text-align: justify;\">Mektupla birlikte &#8220;CHP Tutum Ka\u011f\u0131d\u0131&#8221; ad\u0131 alt\u0131nda, ya\u015fanan s\u00fcreci anlatan bir bilgi ekinin de g\u00f6nderildi\u011fi bildirildi.<\/p>\n<p style=\"text-align: justify;\">&#8220;T\u00fcrkiye\u2019de 12 Haziran 2011 tarihinde yap\u0131lm\u0131\u015f olan Genel Se\u00e7im sonu\u00e7lar\u0131 kesinle\u015fmi\u015f, bu se\u00e7imlerde Milletvekili se\u00e7ilenlerin, se\u00e7ildiklerini belgeleyen mazbatalar\u0131, il se\u00e7im kurullar\u0131 taraf\u0131ndan haz\u0131rlanarak kendilerine teslim edilmi\u015ftir. B\u00f6ylece bu ki\u015filerin TBMM\u2019de 24. D\u00f6nem Milletvekili olarak yer almalar\u0131 da resmen onanm\u0131\u015ft\u0131r.<\/p>\n<p style=\"text-align: justify;\">Genel Se\u00e7imlerde Milletvekili se\u00e7ilmi\u015f olan sekiz Parlamenter, hen\u00fcz devam etmekte olan davalar nedeniyle halen tutuklu bulunmaktad\u0131rlar. Bu Milletvekillerinin baz\u0131lar\u0131n\u0131n tutukluluk s\u00fcreleri 800 g\u00fcn\u00fc ge\u00e7mi\u015f olup, bu s\u00fcre i\u00e7inde yapm\u0131\u015f olduklar\u0131 50\u2019yi a\u015fk\u0131n tahliye talebi A\u0130HM\u2019nin \u00f6ng\u00f6rd\u00fc\u011f\u00fc \u00f6l\u00e7\u00fctlere tamamen ayk\u0131r\u0131 olarak kli\u015fe gerek\u00e7elerle reddedilmi\u015ftir.<\/p>\n<p style=\"text-align: justify;\">Yasalar\u0131m\u0131za g\u00f6re, TBMM\u2019ne se\u00e7ilen Milletvekillerinin, Parlamento faaliyetlerinde bulunabilmeleri i\u00e7in TBMM\u2019nde yemin etmeleri gerekmektedir. Yukar\u0131da s\u00f6z\u00fc edilen Milletvekillerinin TBMM\u2019ne gelerek yemin edebilmeleri ve kendilerini se\u00e7en halk\u0131n iradesi do\u011frultusunda g\u00f6revlerine ba\u015flayabilmeleri i\u00e7in tutukluluk hallerine son verilmesi gerekmektedir.<\/p>\n<p style=\"text-align: justify;\">Bilindi\u011fi gibi T\u00fcrkiye\u2019de Milletvekillerinin yarg\u0131 dokunulmazl\u0131klar\u0131 vard\u0131r. Ancak s\u00f6z\u00fc edilen Milletvekilleri hakk\u0131ndaki dava s\u00fcreci, se\u00e7ilmelerinden \u00f6nce ba\u015flam\u0131\u015f oldu\u011fu i\u00e7in, kendilerinin bu dava ile ilgili olarak dokunulmazl\u0131klar\u0131ndan yararlanmalar\u0131 s\u00f6z konusu de\u011fildir. Kald\u0131 ki, biz CHP olarak, mevcut milletvekili dokunulmazl\u0131\u011f\u0131 s\u0131n\u0131rlar\u0131n\u0131 fazla geni\u015f buldu\u011fumuzu a\u00e7\u0131klam\u0131\u015f ve dokunulmazl\u0131\u011f\u0131n demokratik \u00fclkelerde oldu\u011fu gibi, Milletvekillerinin bu s\u0131fatla siyasi i\u015flevlerini yerine getirmelerine izin verecek d\u00fczeye indirgemek i\u00e7in gerekli yasal d\u00fczenlemelere \u00f6nc\u00fcl\u00fck etmeyi halk\u0131m\u0131za taahh\u00fct etmi\u015f bulunmaktay\u0131z.<\/p>\n<p style=\"text-align: justify;\">Milletvekilleri, se\u00e7ildikten sonra, g\u00f6revlerine ba\u015flayabilmek i\u00e7in tutukluluk hallerinin kald\u0131r\u0131lmas\u0131 istemiyle mahkemeye ba\u015fvurmu\u015flar, ancak bu istekleri mahkeme taraf\u0131ndan \u201cdava ile ilgili delillerin hen\u00fcz toplanamad\u0131\u011f\u0131\u00f6 gibi, kendilerinin sorumlu tutulamayacaklar\u0131 dayanaks\u0131z bir gerek\u00e7eyle reddedilmi\u015ftir. Bu karara kar\u015f\u0131 itiraz mercii olan \u00fcst mahkeme Milletvekillerinin tutukluluk hallerinin devam\u0131 yolundaki ilk mahkemenin karar\u0131n\u0131 onaylam\u0131\u015ft\u0131r.<\/p>\n<p style=\"text-align: justify;\">B\u00f6ylelikle, Genel Se\u00e7imlerde Halk taraf\u0131ndan Milletvekili se\u00e7ilerek, Parlamentoda g\u00f6revlendirilen sekiz Parlamenterin bu g\u00f6revi yapmalar\u0131, 12 Eyl\u00fcl Askeri Darbesinin \u00fcr\u00fcn\u00fc olan \u00f6zel yetkili mahkemeler taraf\u0131ndan engellenmi\u015f olmaktad\u0131r.<\/p>\n<p style=\"text-align: justify;\">Burada dikkate al\u0131nmas\u0131 gereken \u00f6nemli bir husus, s\u00f6z\u00fc edilen sekiz Milletvekili hakk\u0131nda kendilerinin tutuklu bulunduklar\u0131 dava ile ilgili herhangi bir mahk\u00fbmiyet karar\u0131n\u0131n bulunmamas\u0131d\u0131r.<\/p>\n<p style=\"text-align: justify;\">Di\u011fer bir \u00f6nemli husus, bu Milletvekillerinin dokunulmazl\u0131ktan yararlanmak de\u011fil, TBMM\u2019de yemin ederek Milletvekili s\u0131fat\u0131yla g\u00f6revlerine ba\u015flamak istemeleridir. Milletvekilleri haklar\u0131ndaki davan\u0131n s\u00fcrmesine ve yarg\u0131lanmalar\u0131n\u0131n tamamlanmas\u0131na kar\u015f\u0131 de\u011fildirler. Ancak kendilerini se\u00e7en halk\u0131n iradesinin yerine gelmesini istemektedirler.<\/p>\n<p style=\"text-align: justify;\">S\u00f6z\u00fcn\u00fc etti\u011fimiz yarg\u0131 kararlar\u0131 ise bunu engellemektedir. Bu yarg\u0131 kararlar\u0131n\u0131n Avrupa \u0130nsan Haklar\u0131 S\u00f6zle\u015fmesinin, \u00f6zg\u00fcrl\u00fckten yoksun b\u0131rak\u0131lmaya ili\u015fkin 5. Maddesine, se\u00e7me ve se\u00e7ilme hakk\u0131na ili\u015fkin Ek Birinci Protokol\u00fcn, 3. Maddesine ayk\u0131r\u0131 oldu\u011fu a\u00e7\u0131kt\u0131r. Sekiz Milletvekilinin tutukluluk halleri Milletvekili olarak se\u00e7ilmeden \u00f6nce dahi yasal de\u011fildi ve A\u0130HM kriterlerine uymamaktayd\u0131. A\u0130HM\u2019in S\u00f6zle\u015fmenin ihlali yolundaki bir\u00e7ok karar\u0131 tutukluluk halinin yasal olmad\u0131\u011f\u0131n\u0131n delilidir. Mahkeme kararlar\u0131 ayr\u0131ca Ek Birinci Protokolde vaaz edilen se\u00e7me ve se\u00e7ilme hakk\u0131na ili\u015fkin i\u00e7tihada ve A\u0130HM\u2019nin tutuklama s\u00fcreleri, yetersiz gerek\u00e7eler, kli\u015fe kararlar, katalog su\u00e7lar, adli koruma \u00f6nlemlerine yer verilmemesi, duru\u015fma yap\u0131lmamas\u0131 gibi temel hususlara ili\u015fkin t\u00fcm i\u00e7tihad\u0131na her y\u00f6nden ayk\u0131r\u0131 oldu\u011fu a\u00e7\u0131kt\u0131r.<\/p>\n<p style=\"text-align: justify;\">\u00d6te yandan, T\u00fcrkiye\u2019deki bu durum Birle\u015fmi\u015f Milletler Medeni ve Siyasal Haklar S\u00f6zle\u015fmesinin siyasi hayata kat\u0131lmayla ilgili 2. ve 25. maddelerine de ayk\u0131r\u0131 d\u00fc\u015fmektedir.<\/p>\n<p style=\"text-align: justify;\">Bu g\u00fcne kadar bu sekiz Milletvekilinin herhangi bir su\u00e7tan mahkum edilmemi\u015f olmalar\u0131 ger\u00e7e\u011finden hareketle kendilerine y\u00f6neltilen su\u00e7lamalar ve haks\u0131z tutuklanma hallerinin devam etmesi Avrupa \u0130nsan Haklar\u0131 S\u00f6zle\u015fmesinin 6(2) Maddesine ile Birle\u015fmi\u015f Milletler Medeni ve Siyasal Haklara ili\u015fkin S\u00f6zle\u015fmesinin 14(2) Maddesinde vaaz edilen \u201csu\u00e7u ispat edilinceye kadar ki\u015fi masumdur\u00f6 temel ilkesinin ihlalidir.<\/p>\n<p style=\"text-align: justify;\">CHP, 12 Eyl\u00fcl 2010 referandumu ile yap\u0131lan Anayasa de\u011fi\u015fiklikleri sonucunda T\u00fcrkiye\u2019de kuvvetler dengesinin bozuldu\u011funa ve yarg\u0131n\u0131n, y\u00fcr\u00fctmenin kontrol\u00fc alt\u0131na girmi\u015f oldu\u011funa bir\u00e7ok kez i\u015faret etmi\u015fti.<\/p>\n<p style=\"text-align: justify;\">Genel Se\u00e7imlerde Milletvekili se\u00e7ilen ki\u015filerin, halk\u0131n kendilerine verdi\u011fi g\u00f6revi yerine getirmelerinin, haklar\u0131nda kesin h\u00fck\u00fcm olmaks\u0131z\u0131n yarg\u0131 taraf\u0131ndan engellenmesi sonucunu do\u011furan bu vahim olay, bu \u00e7arp\u0131kl\u0131\u011f\u0131n T\u00fcrkiye\u2019de parlamenter demokrasinin i\u015fleyi\u015fine sekte vuracak bir d\u00fczeye geldi\u011fini g\u00f6stermektedir.&#8221;<\/p>\n<p style=\"text-align: justify;\"><a href=\"http:\/\/www.cnnturk.com\/2011\/turkiye\/07\/01\/tutuklu.vekil.krizini.dunya.gundeminie.tasidi\/621830.0\/index.html\" target=\"_blank\">Kaynak : CNN T\u00dcRK<\/a><\/p>\n","protected":false},"excerpt":{"rendered":"<p style=\"text-align: center;\">\n<p style=\"text-align: justify;\">CHP lideri Kemal K\u0131l\u0131\u00e7daro\u011flu, BM, AB, AG\u0130T, OECD, Avrupa Konseyi, \u0130slam Konseyi, AP, Uluslararas\u0131 Af \u00d6rg\u00fct\u00fc, S\u0131n\u0131r Tan\u0131mayan Gazeteciler \u00d6rg\u00fct\u00fc ba\u015fkan ve y\u00f6neticileriyle, T\u00fcrkiye&#8217;deki b\u00fcy\u00fckel\u00e7iler ve yabanc\u0131 gazetecilere &#8220;Neden Yemin Etmedik?&#8221; diye bir mektup g\u00f6nderdi.<\/p>\n<p style=\"text-align: justify;\">CHP, se\u00e7ilmi\u015f milletvekillerinin TBMM\u2019de yemin etmesinin engellenmesini d\u00fcnyan\u0131n g\u00fcndemine ta\u015f\u0131d\u0131. <\/p>\n","protected":false},"author":1,"featured_media":0,"comment_status":"open","ping_status":"closed","sticky":false,"template":"","format":"standard","meta":{"footnotes":""},"categories":[105],"tags":[],"class_list":["post-35390","post","type-post","status-publish","format-standard","hentry","category-gundem","odd"],"_links":{"self":[{"href":"http:\/\/www.korhanyilmaz.com\/index.php?rest_route=\/wp\/v2\/posts\/35390","targetHints":{"allow":["GET"]}}],"collection":[{"href":"http:\/\/www.korhanyilmaz.com\/index.php?rest_route=\/wp\/v2\/posts"}],"about":[{"href":"http:\/\/www.korhanyilmaz.com\/index.php?rest_route=\/wp\/v2\/types\/post"}],"author":[{"embeddable":true,"href":"http:\/\/www.korhanyilmaz.com\/index.php?rest_route=\/wp\/v2\/users\/1"}],"replies":[{"embeddable":true,"href":"http:\/\/www.korhanyilmaz.com\/index.php?rest_route=%2Fwp%2Fv2%2Fcomments&post=35390"}],"version-history":[{"count":0,"href":"http:\/\/www.korhanyilmaz.com\/index.php?rest_route=\/wp\/v2\/posts\/35390\/revisions"}],"wp:attachment":[{"href":"http:\/\/www.korhanyilmaz.com\/index.php?rest_route=%2Fwp%2Fv2%2Fmedia&parent=35390"}],"wp:term":[{"taxonomy":"category","embeddable":true,"href":"http:\/\/www.korhanyilmaz.com\/index.php?rest_route=%2Fwp%2Fv2%2Fcategories&post=35390"},{"taxonomy":"post_tag","embeddable":true,"href":"http:\/\/www.korhanyilmaz.com\/index.php?rest_route=%2Fwp%2Fv2%2Ftags&post=35390"}],"curies":[{"name":"wp","href":"https:\/\/api.w.org\/{rel}","templated":true}]}}