{"id":35385,"date":"2011-07-01T12:29:42","date_gmt":"2011-07-01T09:29:42","guid":{"rendered":"http:\/\/www.korhanyilmaz.com\/?p=35385"},"modified":"2011-07-10T23:06:23","modified_gmt":"2011-07-10T20:06:23","slug":"bdpli-tuncelden-8-askeri-sehit-eden-pkkliya-ovgu","status":"publish","type":"post","link":"http:\/\/www.korhanyilmaz.com\/?p=35385","title":{"rendered":"BDP&#8217;li Tuncel&#8217;den 8 askeri \u015fehit eden PKK&#8217;l\u0131ya \u00f6vg\u00fc!"},"content":{"rendered":"<p style=\"text-align: center;\"><a href=\"http:\/\/www.korhanyilmaz.com\/wp-content\/uploads\/2011\/07\/013.jpg\"  class=\"lightview\"><img loading=\"lazy\" decoding=\"async\" class=\"aligncenter size-full wp-image-35386\" src=\"http:\/\/www.korhanyilmaz.com\/wp-content\/uploads\/2011\/07\/013.jpg\" alt=\"\" width=\"420\" height=\"210\" \/><\/a><\/p>\n<p style=\"text-align: justify;\">TUNCEL\u0130\u2019de 30 Haziran 1996 tarihinde askerlerin bayrak merasimi s\u0131ras\u0131nda hamile kad\u0131n k\u0131l\u0131\u011f\u0131na girerek d\u00fczenledi\u011fi intihar sald\u0131r\u0131s\u0131yla 8 askerin \u015fehit olmas\u0131na, 29 askerin ise yaralanmas\u0131na yol a\u00e7an Zilan kod adl\u0131 PKK\u2019l\u0131 Zeynep K\u0131nac\u0131\u2019n\u0131n Diyarbak\u0131r\u2019daki anma etkinli\u011fine BDP \u0130stanbul Milletvekili Sebahat Tuncel kat\u0131ld\u0131. <!--more--><\/p>\n<p style=\"text-align: justify;\">Zeynep K\u0131nac\u0131\u2019n\u0131n m\u00fccadelesini kendi m\u00fccadeleleri olarak g\u00f6rmeleri gerekti\u011fini belirten Tuncel, &#8221; 0 y\u0131l\u0131k m\u00fccadelede 18 bin gerilla ya\u015fam\u0131n\u0131 yitirmi\u015ftir. 30 y\u0131lda b\u00fcy\u00fck emekler bedeller verildi. Bug\u00fcn rahat siyaset yapmam\u0131z\u0131, bu kadar rahat konu\u015fmam\u0131z\u0131 bu arkada\u015flar\u0131m\u0131za bor\u00e7luyuz&#8221; dedi.<\/p>\n<p style=\"text-align: justify;\">Diyarbak\u0131r\u2019\u0131n Merkez Sur il\u00e7esi Has\u0131rl\u0131 mahallesi \u00d6zg\u00fcr Yurtta\u015f Derne\u011fi \u00f6n\u00fcnde Diyarbak\u0131r Kent Kad\u0131n Meclisi taraf\u0131ndan d\u00fczenlenen PKK\u2019l\u0131 &#8220;Zilan&#8221; kod adl\u0131 Zeynep K\u0131nac\u0131\u2019y\u0131 anma etkinli\u011fine \u0130stanbul\u2019dan ba\u011f\u0131ms\u0131z se\u00e7ildikten sonra BDP\u2019ye kat\u0131lan miletvekili Sebahat Tuncel de kat\u0131ld\u0131. 30 Haziran 1996 tarihinde Tunceli kent merkezinde Cumhuriyet meydan\u0131nda bayrak merasimi yapan askerlerin aras\u0131na hamile k\u0131l\u0131\u011f\u0131nda girerek v\u00fccuduna sard\u0131\u011f\u0131 bombalar\u0131 patlatarak intihar sald\u0131r\u0131s\u0131 d\u00fczenleyerek 8 askerin \u015fehit olmas\u0131na, 29 askerin de yaralanmas\u0131na yol a\u00e7an PKK\u2019l\u0131 Zeynep K\u0131nac\u0131 ile \u00e7at\u0131\u015fmalarda \u00f6len kad\u0131n PKK\u2019l\u0131lar\u0131n foto\u011fraflar\u0131 ile &#8220;\u00f6zg\u00fcrl\u00fck ya\u015famd\u0131r, ya\u015fam kad\u0131nd\u0131r&#8221; pankart\u0131 as\u0131ld\u0131.<\/p>\n<p style=\"text-align: justify;\"><strong>RAHATLI\u011eIMIZI YA\u015eAMINI Y\u0130T\u0130REN 18 B\u0130N GER\u0130LLAYA BOR\u00c7LUYUZ<\/strong><\/p>\n<p style=\"text-align: justify;\">Kad\u0131nlar\u0131n yo\u011fun ilgisiyle kar\u015f\u0131lanan BDP \u0130stanbul milletvekili Sebahat Tuncel, PKK\u2019l\u0131 Zeynep K\u0131nac\u0131\u2019n\u0131n, K\u00fcrt ve kad\u0131n \u00f6zg\u00fcrl\u00fck hareketi a\u00e7\u0131s\u0131ndan \u00f6nemli isimlerden biri oldu\u011funu iddia etti. Tuncel, &#8220;Zilan yolda\u015f \u00f6zg\u00fcrl\u00fck hareketi a\u00e7\u0131s\u0131ndan \u00f6nemli bir isimdir. Zilan yolda\u015f sadece sisteme kar\u015f\u0131 kendi bedeninde bomba patlatmam\u0131\u015f, ayn\u0131 zamanda erkek egemen sisteme kar\u015f\u0131 kad\u0131n m\u00fccadelesine \u00f6nemli bir \u00e7\u0131k\u0131\u015f yapm\u0131\u015ft\u0131r. Sadece Zilan de\u011fil, K\u00fcrt \u00f6zg\u00fcrl\u00fck tarihine bakt\u0131\u011f\u0131m\u0131zda binlerce sehidimiz var. 18 bin gerilla bu 30 y\u0131ll\u0131k m\u00fccadele ya\u015fam\u0131n\u0131 yitirmi\u015ftir. Bunlar\u0131n aras\u0131nda binlerce kad\u0131n arkada\u015f\u0131m\u0131z var. Bizim bugun rahat siyaset yapmam\u0131z\u0131, bu kadar rahat konu\u015fmam\u0131z\u0131 bu m\u00fccadeleye ve bu arkada\u015flar\u0131m\u0131za bor\u00e7luyuz. 30 y\u0131lda \u00e7ok b\u00fcy\u00fck emekler ve \u00e7ok b\u00fcy\u00fck bedeller verildi. Ancak halen yolumuz var&#8221; dedi.<\/p>\n<p style=\"text-align: justify;\"><strong>M\u00dcCADELES\u0130N\u0130, M\u00dcCADELEM\u0130Z OLARAK G\u00d6RMEL\u0130Y\u0130Z<\/strong><\/p>\n<p style=\"text-align: justify;\">Tunceli\u2019de intihar sald\u0131r\u0131s\u0131 d\u00fczenleyen PKK\u2019l\u0131 Zeynep K\u0131nac\u0131y\u0131 eyleminden dolay\u0131 \u00f6ven Sebahat Tuncel, &#8220;Zilan yolda\u015f\u0131n can\u0131n\u0131 ortaya koyarak sisteme kars\u0131 v\u00fccudunu bomba yap\u0131p patlatmas\u0131n\u0131 kendi m\u00fccadelemiz olarak g\u00f6rmeliyiz. Kad\u0131nlar halen bu sistem d\u00f6ng\u00fcs\u00fc i\u00e7inde her g\u00fcn ayn\u0131 \u015feyi yap\u0131yoruz. Gelin kaynanay\u0131, kaynana gelini, gelin g\u00f6r\u00fcmceyi sevmez. Biz kad\u0131nlar ne zaman kendimizi sevmeye baslarsak, birbirimizi seversek iste o zaman bu erkek egemen s\u0131n\u0131f\u0131na kar\u015f\u0131 \u00e7ok daha g\u00fc\u00e7l\u00fc ve s\u00f6z sahibi oluruz. O zaman biz sehitlerimizi anarken sadece onlar\u0131n \u00f6n\u00fcnde sayg\u0131 ile e\u011filmekle de\u011fil, onlar\u0131n ya\u015fam idollerini kendimize ya\u015fam idolu olarak g\u00f6rmeliyiz&#8221; diye konu\u015ftu.<\/p>\n<p style=\"text-align: justify;\">Konu\u015fmalardan sonra, Zeynep K\u0131nac\u0131\u2019n\u0131n kendi sesinde hayat\u0131n\u0131 ve hayat\u0131ndan kesitleri yans\u0131tan slayt gosterisi d\u00fczenlendi. Dicle F\u0131rat K\u00fclt\u00fcr Merkezi sanat\u00e7\u0131lar\u0131 PKK\u2019l\u0131 Zeynep K\u0131nac\u0131 i\u00e7in bestelenen t\u00fcrk\u00fcleri okurken, anmaya kat\u0131lanlar &#8220;\u015fehitler \u00f6lmez&#8221;, &#8220;ya\u015fas\u0131n ba\u015fkan Apo&#8221; sloganlar\u0131 att\u0131.<\/p>\n<p style=\"text-align: justify;\"><a href=\"http:\/\/haber.gazetevatan.com\/bdpli-tuncelden-8-askeri-sehit-eden-pkkliya-ovgu\/386496\/1\/Gundem\" target=\"_blank\">Kaynak : VATAN Gazetesi<\/a><\/p>\n","protected":false},"excerpt":{"rendered":"<p style=\"text-align: center;\">\n<p style=\"text-align: justify;\">TUNCEL\u0130\u2019de 30 Haziran 1996 tarihinde askerlerin bayrak merasimi s\u0131ras\u0131nda hamile kad\u0131n k\u0131l\u0131\u011f\u0131na girerek d\u00fczenledi\u011fi intihar sald\u0131r\u0131s\u0131yla 8 askerin \u015fehit olmas\u0131na, 29 askerin ise yaralanmas\u0131na yol a\u00e7an Zilan kod adl\u0131 PKK\u2019l\u0131 Zeynep K\u0131nac\u0131\u2019n\u0131n Diyarbak\u0131r\u2019daki anma etkinli\u011fine BDP \u0130stanbul Milletvekili Sebahat Tuncel kat\u0131ld\u0131. <\/p>\n","protected":false},"author":1,"featured_media":0,"comment_status":"open","ping_status":"closed","sticky":false,"template":"","format":"standard","meta":{"footnotes":""},"categories":[105],"tags":[],"class_list":["post-35385","post","type-post","status-publish","format-standard","hentry","category-gundem","odd"],"_links":{"self":[{"href":"http:\/\/www.korhanyilmaz.com\/index.php?rest_route=\/wp\/v2\/posts\/35385","targetHints":{"allow":["GET"]}}],"collection":[{"href":"http:\/\/www.korhanyilmaz.com\/index.php?rest_route=\/wp\/v2\/posts"}],"about":[{"href":"http:\/\/www.korhanyilmaz.com\/index.php?rest_route=\/wp\/v2\/types\/post"}],"author":[{"embeddable":true,"href":"http:\/\/www.korhanyilmaz.com\/index.php?rest_route=\/wp\/v2\/users\/1"}],"replies":[{"embeddable":true,"href":"http:\/\/www.korhanyilmaz.com\/index.php?rest_route=%2Fwp%2Fv2%2Fcomments&post=35385"}],"version-history":[{"count":0,"href":"http:\/\/www.korhanyilmaz.com\/index.php?rest_route=\/wp\/v2\/posts\/35385\/revisions"}],"wp:attachment":[{"href":"http:\/\/www.korhanyilmaz.com\/index.php?rest_route=%2Fwp%2Fv2%2Fmedia&parent=35385"}],"wp:term":[{"taxonomy":"category","embeddable":true,"href":"http:\/\/www.korhanyilmaz.com\/index.php?rest_route=%2Fwp%2Fv2%2Fcategories&post=35385"},{"taxonomy":"post_tag","embeddable":true,"href":"http:\/\/www.korhanyilmaz.com\/index.php?rest_route=%2Fwp%2Fv2%2Ftags&post=35385"}],"curies":[{"name":"wp","href":"https:\/\/api.w.org\/{rel}","templated":true}]}}