{"id":35380,"date":"2011-06-30T22:59:56","date_gmt":"2011-06-30T19:59:56","guid":{"rendered":"http:\/\/www.korhanyilmaz.com\/?p=35380"},"modified":"2011-07-10T23:06:00","modified_gmt":"2011-07-10T20:06:00","slug":"basbakan-erdoganin-vekilligi-dusecek-mi","status":"publish","type":"post","link":"http:\/\/www.korhanyilmaz.com\/?p=35380","title":{"rendered":"Ba\u015fbakan Erdo\u011fan&#8217;\u0131n vekilli\u011fi d\u00fc\u015fecek mi?"},"content":{"rendered":"<p style=\"text-align: center;\"><a href=\"http:\/\/www.korhanyilmaz.com\/wp-content\/uploads\/2011\/07\/012.jpg\"  class=\"lightview\"><img loading=\"lazy\" decoding=\"async\" class=\"aligncenter size-full wp-image-35381\" src=\"http:\/\/www.korhanyilmaz.com\/wp-content\/uploads\/2011\/07\/012.jpg\" alt=\"\" width=\"307\" height=\"236\" \/><\/a><\/p>\n<p style=\"text-align: justify;\">CNN T\u00dcRK&#8217;te \u015eirin Payz\u0131n&#8217;\u0131n sundu\u011fu &#8220;Ne Oluyor?&#8221; program\u0131nda yemin krizi, anayasa de\u011fi\u015fikli\u011fi ve tutuklu milletvekillerinin durumu tart\u0131\u015f\u0131ld\u0131. Program\u0131n konuklar\u0131ndan olan \u00c7a\u011fda\u015f Hukuk\u00e7ular Derne\u011fi Ba\u015fkan\u0131 Av. Sel\u00e7uk Koza\u011fa\u00e7l\u0131, Ba\u015fbakan Erdo\u011fan&#8217;\u0131n milletvekilli\u011finin d\u00fc\u015febilece\u011fi iddias\u0131nda bulundu.<!--more--><\/p>\n<p style=\"text-align: justify;\">Avukat Sel\u00e7uk Koza\u011fa\u00e7l\u0131 konuyla ilgili olarak \u015funlar\u0131 s\u00f6yledi:<\/p>\n<p style=\"text-align: justify;\">&#8220;Israrla alt\u0131n\u0131 \u00e7izerek s\u00f6yl\u00fcyorum. Bu anayasa merak\u0131 e\u011fer bu radikallikle s\u00fcrd\u00fcr\u00fcl\u00fcrse Ba\u015fbakan Erdo\u011fan&#8217;\u0131n milletvekili\u011fini d\u00fc\u015f\u00fcr\u00fcrler. 76. madde \u00e7ok a\u00e7\u0131k. Anayasa&#8217;ya bu kadar ba\u011fl\u0131ysak Say\u0131n Ba\u015fbakan&#8217;\u0131n milletvekilli\u011fi d\u00fc\u015fer. Bunu bir ka\u00e7 keredir s\u00f6yl\u00fcyorum, bu anasayasa sevdas\u0131ndan bu anlamda vazge\u00e7ilmelidir.&#8221;<\/p>\n<p style=\"text-align: justify;\">Koza\u011fa\u00e7l\u0131 &#8220;<strong>76. madde \u00e7ok a\u00e7\u0131k. Affa bile u\u011fram\u0131\u015f olsalar ter\u00f6r su\u00e7undan h\u00fck\u00fcm giyenler milletvekilli\u011fi d\u00fc\u015fer<\/strong>&#8221; dedi.<\/p>\n<p style=\"text-align: justify;\">Avukat Koza\u011fa\u00e7l\u0131&#8217;n\u0131n bu iddias\u0131 \u00fczerine programda Erdo\u011fan&#8217;\u0131n durumu tart\u0131\u015f\u0131ld\u0131.<\/p>\n<p><center><a class=\"lightview\" title=\" :::: width:640, height:480\" href=\"http:\/\/www.korhanyilmaz.com\/dosyalar\/medya\/Video_Haber\/basbakan-erdoganin-vekilligi-dusecek-mi.html\" rel=\"set[cnnturk2]\"><img decoding=\"async\" src=\"http:\/\/www.korhanyilmaz.com\/wp-data\/images\/videoizle1.png\" alt=\"\" \/ class=\"lightview\"><\/a><\/center><a href=\"http:\/\/www.cnnturk.com\/2011\/yasam\/diger\/06\/30\/basbakan.erdoganin.vekilligi.dusecek.mi\/621755.0\/index.html\" target=\"_blank\">Kaynak : CNN T\u00dcRK<\/a><\/p>\n","protected":false},"excerpt":{"rendered":"<p style=\"text-align: center;\">\n<p style=\"text-align: justify;\">CNN T\u00dcRK&#8217;te \u015eirin Payz\u0131n&#8217;\u0131n sundu\u011fu &#8220;Ne Oluyor?&#8221; program\u0131nda yemin krizi, anayasa de\u011fi\u015fikli\u011fi ve tutuklu milletvekillerinin durumu tart\u0131\u015f\u0131ld\u0131. Program\u0131n konuklar\u0131ndan olan \u00c7a\u011fda\u015f Hukuk\u00e7ular Derne\u011fi Ba\u015fkan\u0131 Av. Sel\u00e7uk Koza\u011fa\u00e7l\u0131, Ba\u015fbakan Erdo\u011fan&#8217;\u0131n milletvekilli\u011finin d\u00fc\u015febilece\u011fi iddias\u0131nda bulundu.<\/p>\n","protected":false},"author":1,"featured_media":0,"comment_status":"open","ping_status":"closed","sticky":false,"template":"","format":"standard","meta":{"footnotes":""},"categories":[105],"tags":[],"class_list":["post-35380","post","type-post","status-publish","format-standard","hentry","category-gundem","odd"],"_links":{"self":[{"href":"http:\/\/www.korhanyilmaz.com\/index.php?rest_route=\/wp\/v2\/posts\/35380","targetHints":{"allow":["GET"]}}],"collection":[{"href":"http:\/\/www.korhanyilmaz.com\/index.php?rest_route=\/wp\/v2\/posts"}],"about":[{"href":"http:\/\/www.korhanyilmaz.com\/index.php?rest_route=\/wp\/v2\/types\/post"}],"author":[{"embeddable":true,"href":"http:\/\/www.korhanyilmaz.com\/index.php?rest_route=\/wp\/v2\/users\/1"}],"replies":[{"embeddable":true,"href":"http:\/\/www.korhanyilmaz.com\/index.php?rest_route=%2Fwp%2Fv2%2Fcomments&post=35380"}],"version-history":[{"count":0,"href":"http:\/\/www.korhanyilmaz.com\/index.php?rest_route=\/wp\/v2\/posts\/35380\/revisions"}],"wp:attachment":[{"href":"http:\/\/www.korhanyilmaz.com\/index.php?rest_route=%2Fwp%2Fv2%2Fmedia&parent=35380"}],"wp:term":[{"taxonomy":"category","embeddable":true,"href":"http:\/\/www.korhanyilmaz.com\/index.php?rest_route=%2Fwp%2Fv2%2Fcategories&post=35380"},{"taxonomy":"post_tag","embeddable":true,"href":"http:\/\/www.korhanyilmaz.com\/index.php?rest_route=%2Fwp%2Fv2%2Ftags&post=35380"}],"curies":[{"name":"wp","href":"https:\/\/api.w.org\/{rel}","templated":true}]}}