{"id":35357,"date":"2011-06-30T07:16:06","date_gmt":"2011-06-30T04:16:06","guid":{"rendered":"http:\/\/www.korhanyilmaz.com\/?p=35357"},"modified":"2011-07-10T23:01:24","modified_gmt":"2011-07-10T20:01:24","slug":"yargi-coktu-sira","status":"publish","type":"post","link":"http:\/\/www.korhanyilmaz.com\/?p=35357","title":{"rendered":"Yarg\u0131 \u00e7\u00f6kt\u00fc , s\u0131ra &#8230;"},"content":{"rendered":"<p style=\"text-align: center;\"><a href=\"http:\/\/www.korhanyilmaz.com\/wp-content\/uploads\/2011\/06\/0102.jpg\"  class=\"lightview\"><img loading=\"lazy\" decoding=\"async\" class=\"aligncenter size-full wp-image-35358\" src=\"http:\/\/www.korhanyilmaz.com\/wp-content\/uploads\/2011\/06\/0102.jpg\" alt=\"\" width=\"250\" height=\"175\" \/><\/a><\/p>\n<p style=\"text-align: justify;\">Ergenekon Tertibinin \u00fczeriden d\u00f6rt y\u0131l ge\u00e7ti. Tertibi yapanlar\u0131n temel amac\u0131; Ordunun PKK \u00fczerindeki askeri ve siyasi etkinli\u011fini azaltmak ve sonland\u0131rmakt\u0131. \u00c7\u00fcnk\u00fc Amerika T\u00fcrk Ordusunu 1996 y\u0131l\u0131ndan beri, kendi ama\u00e7lar\u0131 do\u011frultusunda yeterince kullanam\u0131yordu. Irak diyor, olmuyor, \u0130ran diyor olmuyordu. <!--more--><\/p>\n<p style=\"text-align: justify;\">AKP&#8217;nin bir Amerikan projesi olma nedeni de zaten buydu. Amerika bankalar\u0131 vas\u0131tas\u0131 ile ulusal pazarlar\u0131m\u0131z\u0131 kullanmak i\u00e7in \u00f6nceki d\u00f6nemlerde \u00e7ok u\u011fra\u015fm\u0131\u015f az ba\u015farm\u0131\u015ft\u0131.<\/p>\n<p style=\"text-align: justify;\">Bu projenin ad\u0131; B\u00fcy\u00fck Ortado\u011fu Projesiydi, e\u015fba\u015fkan\u0131 da RTE oldu. Bu ya\u015fad\u0131klar\u0131m\u0131z, normal bir Cumhuriyet d\u00f6neminde ya\u015fad\u0131klar\u0131m\u0131z de\u011fildi. Muhalefet partileri bu durumu, d\u00f6rt y\u0131l s\u00fcre ile &#8220;yarg\u0131 \u00e7\u00f6zer&#8221; diyerek ge\u00e7irdiler.<\/p>\n<p style=\"text-align: justify;\"><strong>AKP&#8217;de yarg\u0131 \u00e7\u00f6zer diyordu.<\/strong><\/p>\n<p style=\"text-align: justify;\">D\u00fczen i\u00e7inde kal\u0131narak elde edilebilecek \u00e7\u00f6z\u00fcmler kalm\u0131\u015f gibi, sanki kar\u015f\u0131 taraf d\u00fczden i\u00e7inde \u00e7\u00f6z\u00fcm \u00fcretiyor, d\u00fczen i\u00e7inde yarg\u0131lama yap\u0131yor ve yarg\u0131 da \u00e7\u00f6z\u00fcyormu\u015f gibi&#8230; Bir, &#8220;yarg\u0131 \u00e7\u00f6zer&#8221; d\u00f6nemi ya\u015fad\u0131k.<\/p>\n<p style=\"text-align: justify;\"><strong>Yarg\u0131 \u00e7\u00f6kt\u00fc.<\/strong><\/p>\n<p style=\"text-align: justify;\">Yarg\u0131n\u0131n \u00e7\u00f6zemeyece\u011fini bir\u00e7ok insan anlad\u0131. Biraz da CHP anlad\u0131. MHP hala anlayamad\u0131. Ya da kasetlerin arkas\u0131 gelir korkusuyla, AKP&#8217;ye gene ola\u011fan\u00fcst\u00fc bir destek sundu.<\/p>\n<p style=\"text-align: justify;\"><strong>Yarg\u0131 \u00e7\u00f6zer d\u00f6nemi bitti.<\/strong><\/p>\n<p style=\"text-align: justify;\"><strong>\u015eimdi, Meclis \u00e7\u00f6zer d\u00f6nemi ba\u015flad\u0131.<\/strong><\/p>\n<p style=\"text-align: justify;\"><strong>Meclis \u00e7\u00f6zer demek, AKP \u00e7\u00f6zer demektir.<\/strong><\/p>\n<p style=\"text-align: justify;\">Yani d\u00fczen i\u00e7i hamlelerle, Meclis \u00e7\u00f6zer sanaca\u011f\u0131m\u0131z bir d\u00f6nem ge\u00e7ecektir. Meclis \u00e7\u00f6zmeyecektir. Meclis AKP&#8217;dir. \u00c7\u00f6zecek olsa, bu durumlar\u0131 zaten yaratmazd\u0131. \u00c7\u00f6zmek onun varl\u0131\u011f\u0131 ile \u00e7eli\u015fen bir durumdur. \u00c7\u00fcnk\u00fc kar\u015f\u0131 taraf\u0131n Ergenekon hamlesi d\u00fczen d\u0131\u015f\u0131 bir hamleydi, buna<\/p>\n<p style=\"text-align: justify;\">d\u00fczen i\u00e7inde kal\u0131narak verilecek bir cevap yoktu. Onun i\u00e7in d\u00f6rt y\u0131l s\u00fcre ile &#8220;yarg\u0131 \u00e7\u00f6zer&#8221; yalan\u0131 i\u015flendi. Yarg\u0131 \u00e7\u00f6zer demek AKP&#8217;nin siyasetine destek verme anlam\u0131na geliyordu.<\/p>\n<p style=\"text-align: justify;\">\u015eimdi CHP ilk defa, d\u00fczen i\u00e7i \u00e7\u00f6z\u00fcm aray\u0131\u015f\u0131n\u0131n d\u0131\u015f\u0131na \u00e7\u0131kt\u0131. Yemin Eylemini, \u00fcrkerek, korkarak da olsa uygulad\u0131. \u00c7ok etkili oldu. \u00c7\u00fcnk\u00fc kanun nizam tan\u0131maz bir y\u00f6netime, ilk kez onun anlayaca\u011f\u0131 bir dil ile cevap verilmi\u015f oldu.<\/p>\n<p style=\"text-align: justify;\">Bu eylemi DTP&#8217;lilerin eylemi ile ayn\u0131 yere koymak, AKP&#8217;ye hizmet etme anlam\u0131na gelir. Meclis, ya da AKP Yeni Anayasa, APO&#8217;nun aff\u0131 ve demokratik \u00f6zerklik ile Ergenekon&#8217;u takas etmeye \u00e7al\u0131\u015f\u0131yor.<\/p>\n<p style=\"text-align: justify;\">B\u00f6ylece de, Ergenekon Tertibinin ne ama\u00e7la tertiplendi\u011fi de, kendi a\u011f\u0131zlar\u0131ndan s\u00f6ylenmi\u015f oluyor.<\/p>\n<p style=\"text-align: justify;\"><a href=\"http:\/\/www.odatv.com\/n.php?n=yargi-coktu-sira...-3006111200\" target=\"_blank\">Kaynak : B\u00fclent Esino\u011flu &#8211; Odatv.com<\/a><\/p>\n","protected":false},"excerpt":{"rendered":"<p style=\"text-align: center;\">\n<p style=\"text-align: justify;\">Ergenekon Tertibinin \u00fczeriden d\u00f6rt y\u0131l ge\u00e7ti. Tertibi yapanlar\u0131n temel amac\u0131; Ordunun PKK \u00fczerindeki askeri ve siyasi etkinli\u011fini azaltmak ve sonland\u0131rmakt\u0131. \u00c7\u00fcnk\u00fc Amerika T\u00fcrk Ordusunu 1996 y\u0131l\u0131ndan beri, kendi ama\u00e7lar\u0131 do\u011frultusunda yeterince kullanam\u0131yordu. Irak diyor, olmuyor, \u0130ran diyor olmuyordu. <\/p>\n","protected":false},"author":1,"featured_media":0,"comment_status":"open","ping_status":"closed","sticky":false,"template":"","format":"standard","meta":{"footnotes":""},"categories":[105],"tags":[],"class_list":["post-35357","post","type-post","status-publish","format-standard","hentry","category-gundem","odd"],"_links":{"self":[{"href":"http:\/\/www.korhanyilmaz.com\/index.php?rest_route=\/wp\/v2\/posts\/35357","targetHints":{"allow":["GET"]}}],"collection":[{"href":"http:\/\/www.korhanyilmaz.com\/index.php?rest_route=\/wp\/v2\/posts"}],"about":[{"href":"http:\/\/www.korhanyilmaz.com\/index.php?rest_route=\/wp\/v2\/types\/post"}],"author":[{"embeddable":true,"href":"http:\/\/www.korhanyilmaz.com\/index.php?rest_route=\/wp\/v2\/users\/1"}],"replies":[{"embeddable":true,"href":"http:\/\/www.korhanyilmaz.com\/index.php?rest_route=%2Fwp%2Fv2%2Fcomments&post=35357"}],"version-history":[{"count":0,"href":"http:\/\/www.korhanyilmaz.com\/index.php?rest_route=\/wp\/v2\/posts\/35357\/revisions"}],"wp:attachment":[{"href":"http:\/\/www.korhanyilmaz.com\/index.php?rest_route=%2Fwp%2Fv2%2Fmedia&parent=35357"}],"wp:term":[{"taxonomy":"category","embeddable":true,"href":"http:\/\/www.korhanyilmaz.com\/index.php?rest_route=%2Fwp%2Fv2%2Fcategories&post=35357"},{"taxonomy":"post_tag","embeddable":true,"href":"http:\/\/www.korhanyilmaz.com\/index.php?rest_route=%2Fwp%2Fv2%2Ftags&post=35357"}],"curies":[{"name":"wp","href":"https:\/\/api.w.org\/{rel}","templated":true}]}}