{"id":35352,"date":"2011-06-30T15:06:33","date_gmt":"2011-06-30T12:06:33","guid":{"rendered":"http:\/\/www.korhanyilmaz.com\/?p=35352"},"modified":"2011-07-10T23:04:05","modified_gmt":"2011-07-10T20:04:05","slug":"akp-anayasayi-ihlal-ederse-biz-de-ederiz","status":"publish","type":"post","link":"http:\/\/www.korhanyilmaz.com\/?p=35352","title":{"rendered":"&#8216;AKP Anayasa&#8217;y\u0131 ihlal ederse biz de ederiz&#8217;"},"content":{"rendered":"<p style=\"text-align: center;\"><a href=\"http:\/\/www.korhanyilmaz.com\/wp-content\/uploads\/2011\/06\/009.jpeg\"  class=\"lightview\"><img loading=\"lazy\" decoding=\"async\" class=\"aligncenter size-full wp-image-35353\" src=\"http:\/\/www.korhanyilmaz.com\/wp-content\/uploads\/2011\/06\/009.jpeg\" alt=\"\" width=\"336\" height=\"223\" \/><\/a><\/p>\n<p style=\"text-align: justify;\">CHP Genel Ba\u015fkan\u0131 Kemal K\u0131l\u0131\u00e7daro\u011flu, &#8221;Muhalefet ister gelsin ister gelmesin Meclis \u00e7al\u0131\u015f\u0131r&#8221; diyen Ba\u015fbakan Erdo\u011fan&#8217;a &#8216;AKP Anayasa&#8217;y\u0131 ihlal ederse biz de ederiz&#8217; yan\u0131t\u0131n\u0131 verdi.<\/p>\n<p style=\"text-align: justify;\">CHP Genel Ba\u015fkan\u0131 Kemal K\u0131l\u0131\u00e7daro\u011flu, tutuklu vekiller konusunda Ba\u015fbakan Erdo\u011fan&#8217;\u0131n &#8221;Ba\u015fbakan hakimleri aray\u0131p talimat m\u0131 versin&#8221; s\u00f6zleri \u00fczerine &#8221;Ba\u015fbakan&#8217;\u0131n s\u00f6zlerini yad\u0131rgad\u0131m. Biz Ba\u015fbakan&#8217;dan \u00f6yle bir talepte bulunmad\u0131k&#8221; yan\u0131t\u0131n\u0131 verdi. <!--more--><\/p>\n<p style=\"text-align: justify;\">Ba\u015fbakan Erdo\u011fan bug\u00fcn grup toplant\u0131s\u0131nda &#8221;Ba\u015fbakan ne yaps\u0131n? Hakimleri aray\u0131p talimat m\u0131 versin&#8221; dedi. Ba\u015fbakan&#8217;\u0131n bu s\u00f6zleri K\u0131l\u0131\u00e7daro\u011flu&#8217;na soruldu. K\u0131l\u0131\u00e7daro\u011flu, &#8221;Ba\u015fbakan talimat versin diye bir talepte bulunmad\u0131k. Ba\u015fbakan&#8217;\u0131n bu s\u00f6zlerini yad\u0131rgad\u0131m. Sadece \u015funu istedik. Anayasa\u2019n\u0131n 90. maddesi var. A\u0130HM var. BM var. Hukukun \u00fcst\u00fcnl\u00fc\u011f\u00fc evrensel hukuktur. Bu yerine getirilsin dedik. Biz de bunu istedik&#8221; s\u00f6zlerini kulland\u0131.<\/p>\n<p style=\"text-align: justify;\"><strong>\u00c7\u00d6Z\u00dcM ADALET BAKANLI\u011eI&#8217;NDA<\/strong><\/p>\n<p style=\"text-align: justify;\">K\u0131l\u0131\u00e7daro\u011flu, tutuklu vekillerle ilgili krizin \u00e7\u00f6z\u00fcm\u00fc konusunda &#8221;Sorun Adalet Bakanl\u0131\u011f\u0131 b\u00fcrokrasisi i\u00e7inde \u00e7\u00f6z\u00fclmeli. Biz \u00e7\u00f6z\u00fcm \u00f6nerirsek dayatma denir, bu mant\u0131kta de\u011filiz. Sorunun tek bir \u00e7\u00f6z\u00fcm\u00fc yok, b\u00fct\u00fcn \u00f6nerilere a\u00e7\u0131\u011f\u0131z&#8221; \u00f6nerisinde bulundu.<\/p>\n<p style=\"text-align: justify;\">Erdo\u011fan&#8217;\u0131n &#8221;Muhalefet ister gelsin ister gelmesin Meclis \u00e7al\u0131\u015f\u0131r&#8221; s\u00f6zlerine K\u0131l\u0131\u00e7daro\u011flu&#8217;nun yan\u0131t\u0131, &#8221;Anayasay\u0131 ihlal edip komisyon kurulur ise biz de Genel Kurul&#8217;a kat\u0131l\u0131r\u0131z.<\/p>\n<p style=\"text-align: justify;\"><strong>MECL\u0130S BA\u015eKANLI\u011eI SE\u00c7\u0130M\u0130NDE OY KULLANMAYACA\u011eIZ<\/strong><\/p>\n<p style=\"text-align: justify;\">Pazartesi g\u00fcn\u00fc yap\u0131lacak Meclis Ba\u015fkanl\u0131\u011f\u0131 se\u00e7iminde oy kullanmayacaklar\u0131n\u0131 belirten K\u0131l\u0131\u00e7daro\u011flu, &#8221;Ba\u015fbakan&#8217;da sorunu \u00e7\u00f6zeriz diye bir irade beyan\u0131 yok .G\u00fcl &#8216;uzla\u015fma k\u00fclt\u00fcr\u00fcyle b\u00fct\u00fcn sorunlar \u00e7\u00f6z\u00fclmeli&#8217; dedi&#8221; \u015feklinde konu\u015ftu.<\/p>\n<p style=\"text-align: justify;\"><a href=\"http:\/\/www.radikal.com.tr\/Radikal.aspx?aType=RadikalDetayV3&amp;ArticleID=1054625&amp;Date=30.06.2011&amp;CategoryID=78\" target=\"_blank\">Kaynak : Radikal<\/a><\/p>\n","protected":false},"excerpt":{"rendered":"<p style=\"text-align: center;\">\n<p style=\"text-align: justify;\">CHP Genel Ba\u015fkan\u0131 Kemal K\u0131l\u0131\u00e7daro\u011flu, &#8221;Muhalefet ister gelsin ister gelmesin Meclis \u00e7al\u0131\u015f\u0131r&#8221; diyen Ba\u015fbakan Erdo\u011fan&#8217;a &#8216;AKP Anayasa&#8217;y\u0131 ihlal ederse biz de ederiz&#8217; yan\u0131t\u0131n\u0131 verdi.<\/p>\n<p style=\"text-align: justify;\">CHP Genel Ba\u015fkan\u0131 Kemal K\u0131l\u0131\u00e7daro\u011flu, tutuklu vekiller konusunda Ba\u015fbakan Erdo\u011fan&#8217;\u0131n &#8221;Ba\u015fbakan hakimleri aray\u0131p talimat m\u0131 versin&#8221; s\u00f6zleri \u00fczerine &#8221;Ba\u015fbakan&#8217;\u0131n s\u00f6zlerini yad\u0131rgad\u0131m. Biz Ba\u015fbakan&#8217;dan \u00f6yle <\/p>\n","protected":false},"author":1,"featured_media":0,"comment_status":"open","ping_status":"closed","sticky":false,"template":"","format":"standard","meta":{"footnotes":""},"categories":[105],"tags":[],"class_list":["post-35352","post","type-post","status-publish","format-standard","hentry","category-gundem","odd"],"_links":{"self":[{"href":"http:\/\/www.korhanyilmaz.com\/index.php?rest_route=\/wp\/v2\/posts\/35352","targetHints":{"allow":["GET"]}}],"collection":[{"href":"http:\/\/www.korhanyilmaz.com\/index.php?rest_route=\/wp\/v2\/posts"}],"about":[{"href":"http:\/\/www.korhanyilmaz.com\/index.php?rest_route=\/wp\/v2\/types\/post"}],"author":[{"embeddable":true,"href":"http:\/\/www.korhanyilmaz.com\/index.php?rest_route=\/wp\/v2\/users\/1"}],"replies":[{"embeddable":true,"href":"http:\/\/www.korhanyilmaz.com\/index.php?rest_route=%2Fwp%2Fv2%2Fcomments&post=35352"}],"version-history":[{"count":0,"href":"http:\/\/www.korhanyilmaz.com\/index.php?rest_route=\/wp\/v2\/posts\/35352\/revisions"}],"wp:attachment":[{"href":"http:\/\/www.korhanyilmaz.com\/index.php?rest_route=%2Fwp%2Fv2%2Fmedia&parent=35352"}],"wp:term":[{"taxonomy":"category","embeddable":true,"href":"http:\/\/www.korhanyilmaz.com\/index.php?rest_route=%2Fwp%2Fv2%2Fcategories&post=35352"},{"taxonomy":"post_tag","embeddable":true,"href":"http:\/\/www.korhanyilmaz.com\/index.php?rest_route=%2Fwp%2Fv2%2Ftags&post=35352"}],"curies":[{"name":"wp","href":"https:\/\/api.w.org\/{rel}","templated":true}]}}