{"id":35348,"date":"2011-06-30T09:07:30","date_gmt":"2011-06-30T06:07:30","guid":{"rendered":"http:\/\/www.korhanyilmaz.com\/?p=35348"},"modified":"2011-07-10T23:01:49","modified_gmt":"2011-07-10T20:01:49","slug":"demirtas-ara-secimi-sart-kostu","status":"publish","type":"post","link":"http:\/\/www.korhanyilmaz.com\/?p=35348","title":{"rendered":"Demirta\u015f, &#8216;ara se\u00e7im&#8217;i \u015fart ko\u015ftu"},"content":{"rendered":"<p style=\"text-align: center;\"><a href=\"http:\/\/www.korhanyilmaz.com\/wp-content\/uploads\/2011\/06\/008.jpeg\"  class=\"lightview\"><img loading=\"lazy\" decoding=\"async\" class=\"aligncenter size-full wp-image-35349\" src=\"http:\/\/www.korhanyilmaz.com\/wp-content\/uploads\/2011\/06\/008.jpeg\" alt=\"\" width=\"336\" height=\"223\" \/><\/a><\/p>\n<p style=\"text-align: justify;\">El\u00e7i&#8217;nin g\u00f6r\u00fc\u015fme iste\u011fine Erdo\u011fan &#8220;Meclis&#8217;e gelirlerse g\u00f6r\u00fc\u015f\u00fcr\u00fcz&#8221; yan\u0131t\u0131n\u0131 verdi.<\/p>\n<p style=\"text-align: justify;\">Meclis\u2019te yemin krizi devam ederken sorunu \u00e7\u00f6zmek i\u00e7in BDP destekli Diyarbak\u0131r Ba\u011f\u0131ms\u0131z Milletvekili \u015eerafettin El\u00e7i arabulucu rol\u00fc \u00fcstlendi. <!--more--><\/p>\n<p style=\"text-align: justify;\">Hakk\u00e2ri Milletvekili Selahattin Demirta\u015f, Ak Parti ile BDP ad\u0131na resmi bir g\u00f6r\u00fc\u015fme yap\u0131lmad\u0131\u011f\u0131n\u0131 ancak grup olu\u015fana kadar h\u00fck\u00fcmet dahil t\u00fcm temaslar i\u00e7in d\u00f6rt ki\u015finin yetkili k\u0131l\u0131nd\u0131\u011f\u0131n\u0131 ifade etti.<\/p>\n<p style=\"text-align: justify;\">Milliyet gazetesinin haberine g\u00f6re konu\u015fan Demirta\u015f, \u201c\u015eerafettin El\u00e7i, kendisi g\u00f6r\u00fc\u015fmek istemi\u015fti. H\u00fcseyin \u00c7elik\u2019le telefon g\u00f6r\u00fc\u015fmesi yapm\u0131\u015f\u201d dedi. Dicle sorununu \u00e7\u00f6zmek i\u00e7in Ak Parti\u2019den Diyarbak\u0131r\u2019da ara se\u00e7im s\u00f6z\u00fc vermesini isteyen Demirta\u015f \u015f\u00f6yle devam etti:<\/p>\n<p style=\"text-align: justify;\">Bizim talebimiz nettir. \u00d6rne\u011fin AKP anayasa de\u011fi\u015fikli\u011fi yaparak, gerekirse Diyarbak\u0131r\u2019da bir ara se\u00e7im yapmaya haz\u0131r oldu\u011funu s\u00f6ylerse biz ilgili anayasa ve yasa maddelerinin de\u011fi\u015fmesine destek veririz. Hatip Dicle ve tutuklu vekillerin durumu AKP\u2019yi rahats\u0131z etmi\u015f g\u00f6r\u00fcnm\u00fcyor.<\/p>\n<p style=\"text-align: justify;\"><a href=\"http:\/\/www.radikal.com.tr\/Radikal.aspx?aType=RadikalDetayV3&amp;ArticleID=1054588&amp;Date=30.06.2011&amp;CategoryID=78\" target=\"_blank\">Kaynak : Radikal<\/a><\/p>\n","protected":false},"excerpt":{"rendered":"<p style=\"text-align: center;\">\n<p style=\"text-align: justify;\">El\u00e7i&#8217;nin g\u00f6r\u00fc\u015fme iste\u011fine Erdo\u011fan &#8220;Meclis&#8217;e gelirlerse g\u00f6r\u00fc\u015f\u00fcr\u00fcz&#8221; yan\u0131t\u0131n\u0131 verdi.<\/p>\n<p style=\"text-align: justify;\">Meclis\u2019te yemin krizi devam ederken sorunu \u00e7\u00f6zmek i\u00e7in BDP destekli Diyarbak\u0131r Ba\u011f\u0131ms\u0131z Milletvekili \u015eerafettin El\u00e7i arabulucu rol\u00fc \u00fcstlendi. <\/p>\n","protected":false},"author":1,"featured_media":0,"comment_status":"open","ping_status":"closed","sticky":false,"template":"","format":"standard","meta":{"footnotes":""},"categories":[105],"tags":[],"class_list":["post-35348","post","type-post","status-publish","format-standard","hentry","category-gundem","odd"],"_links":{"self":[{"href":"http:\/\/www.korhanyilmaz.com\/index.php?rest_route=\/wp\/v2\/posts\/35348","targetHints":{"allow":["GET"]}}],"collection":[{"href":"http:\/\/www.korhanyilmaz.com\/index.php?rest_route=\/wp\/v2\/posts"}],"about":[{"href":"http:\/\/www.korhanyilmaz.com\/index.php?rest_route=\/wp\/v2\/types\/post"}],"author":[{"embeddable":true,"href":"http:\/\/www.korhanyilmaz.com\/index.php?rest_route=\/wp\/v2\/users\/1"}],"replies":[{"embeddable":true,"href":"http:\/\/www.korhanyilmaz.com\/index.php?rest_route=%2Fwp%2Fv2%2Fcomments&post=35348"}],"version-history":[{"count":0,"href":"http:\/\/www.korhanyilmaz.com\/index.php?rest_route=\/wp\/v2\/posts\/35348\/revisions"}],"wp:attachment":[{"href":"http:\/\/www.korhanyilmaz.com\/index.php?rest_route=%2Fwp%2Fv2%2Fmedia&parent=35348"}],"wp:term":[{"taxonomy":"category","embeddable":true,"href":"http:\/\/www.korhanyilmaz.com\/index.php?rest_route=%2Fwp%2Fv2%2Fcategories&post=35348"},{"taxonomy":"post_tag","embeddable":true,"href":"http:\/\/www.korhanyilmaz.com\/index.php?rest_route=%2Fwp%2Fv2%2Ftags&post=35348"}],"curies":[{"name":"wp","href":"https:\/\/api.w.org\/{rel}","templated":true}]}}