{"id":35344,"date":"2011-06-30T17:17:55","date_gmt":"2011-06-30T14:17:55","guid":{"rendered":"http:\/\/www.korhanyilmaz.com\/?p=35344"},"modified":"2011-07-10T23:04:40","modified_gmt":"2011-07-10T20:04:40","slug":"engin-alana-ust-mahkeme-de-meclis-vizesi-vermedi","status":"publish","type":"post","link":"http:\/\/www.korhanyilmaz.com\/?p=35344","title":{"rendered":"Engin Alan&#8217;a \u00fcst mahkeme de Meclis vizesi vermedi"},"content":{"rendered":"<p style=\"text-align: center;\"><a href=\"http:\/\/www.korhanyilmaz.com\/wp-content\/uploads\/2011\/06\/007.jpeg\"  class=\"lightview\"><img loading=\"lazy\" decoding=\"async\" class=\"aligncenter size-full wp-image-35345\" src=\"http:\/\/www.korhanyilmaz.com\/wp-content\/uploads\/2011\/06\/007.jpeg\" alt=\"\" width=\"336\" height=\"223\" \/><\/a><\/p>\n<p style=\"text-align: justify;\">MHP milletvekili ve Balyoz Davas\u0131 tutuklu san\u0131\u011f\u0131 Engin Alan&#8217;\u0131n tahliyesi i\u00e7in bir \u00fcst mahkemeye yapt\u0131\u011f\u0131 talep reddedildi.<\/p>\n<p style=\"text-align: justify;\">MHP\u2019den milletvekili se\u00e7ilen Balyoz Davas\u0131\u2019n\u0131n tutuklu san\u0131\u011f\u0131 Emekli Korgeneral Engin Alan\u2019\u0131n &amp;lsquo;tahliye talebinin reddedilmesine\u2019 yapt\u0131\u011f\u0131 itiraz, bir \u00fcst mahkeme taraf\u0131ndan da reddedildi. \u0130stanbul 11. A\u011f\u0131r Ceza Mahkemesi &#8220;ret&#8221; karar\u0131n\u0131 oy birli\u011fi ile ald\u0131. Oy birli\u011fi ile karar veren mahkeme gerek\u00e7esinde Anayasa\u2019n\u0131n 83. ve 14. maddesine at\u0131fta bulundu. <!--more--><\/p>\n<p style=\"text-align: justify;\"><strong>\u0130\u015eTE O MADDE<\/strong><\/p>\n<p style=\"text-align: justify;\">Anayasa\u2019n\u0131n 14. maddesinin &#8220;Anayasada yer alan hak ve h\u00fcrriyetlerden hi\u00e7biri, devletin \u00fclkesi ve milletiyle b\u00f6l\u00fcnmez b\u00fct\u00fcnl\u00fc\u011f\u00fcn\u00fc bozmay\u0131 ve insan haklar\u0131na dayanan demokratik ve laik Cumhuriyeti ortadan kald\u0131rmay\u0131 ama\u00e7layan faaliyetler bi\u00e7iminde kullan\u0131lamaz. Anayasa h\u00fck\u00fcmlerinden hi\u00e7biri, Devlete veya ki\u015filere, Anayasayla tan\u0131nan temel hak ve h\u00fcrriyetlerin yok edilmesini veya Anayasada belirtilenden daha geni\u015f \u015fekilde s\u0131n\u0131rland\u0131r\u0131lmas\u0131n\u0131 ama\u00e7layan bir faaliyette bulunmay\u0131 m\u00fcmk\u00fcn k\u0131lacak \u015fekilde yorumlanamaz. Bu h\u00fck\u00fcmlere ayk\u0131r\u0131 faaliyette bulunanlar hakk\u0131nda uygulanacak m\u00fceyyideler, kanunla d\u00fczenlenir&#8221; h\u00fckm\u00fc i\u00e7erdi\u011finin belirtildi\u011fi kararda, \u015fu ifadelere yer verildi:<\/p>\n<p style=\"text-align: justify;\">&#8220;San\u0131\u011f\u0131n \u00fczerine at\u0131l\u0131 ve yarg\u0131land\u0131\u011f\u0131 su\u00e7 Anasaya\u2019n\u0131n 14. maddesinde belirtilen su\u00e7lardand\u0131r. Dolay\u0131s\u0131yla san\u0131\u011f\u0131n ba\u015fl\u0131 ba\u015f\u0131na milletvekili se\u00e7ilmesinin yukar\u0131da belirtilen Anayasal h\u00fck\u00fcmler bak\u0131m\u0131ndan tahliye talebine ili\u015fkin sonuca etkili bir niteli\u011fin bulunmad\u0131\u011f\u0131, bu nedenle san\u0131\u011f\u0131n tutukluluk durumunun CMK. 100. maddesi bak\u0131m\u0131ndan yap\u0131lmas\u0131 gerekti\u011fi anla\u015f\u0131lm\u0131\u015ft\u0131r. San\u0131k Engin Alan\u2019\u0131n \u00fczerine at\u0131l\u0131 bulunan su\u00e7un vehamet arzeden niteli\u011fi, delil durumu, bilirki\u015fi raporlar\u0131, dijital metaryaller, dosyadaki planlara ait yaz\u0131l\u0131 ve sesli kay\u0131tlar, G\u00f6lc\u00fck Donanma Komutanl\u0131\u011f\u0131ndan elde edilen belgelere ili\u015fkin deliller, Eski\u015fehir\u2019de \u015f\u00fcpheli Hakan B\u00fcy\u00fck\u2019\u00fcn evinde yap\u0131lan aramalarda elde edilen \u015fifreli flash diskten \u00e7\u0131kan deliller de g\u00f6z\u00f6n\u00fcne al\u0131narak tahliye talebi oy birli\u011fiyle reddedilmi\u015ftir.&#8221;<\/p>\n<p style=\"text-align: justify;\"><a href=\"http:\/\/www.radikal.com.tr\/Radikal.aspx?aType=RadikalDetayV3&amp;ArticleID=1054636&amp;Date=30.06.2011&amp;CategoryID=78\" target=\"_blank\">Kaynak : Radikal<\/a><\/p>\n","protected":false},"excerpt":{"rendered":"<p style=\"text-align: center;\">\n<p style=\"text-align: justify;\">MHP milletvekili ve Balyoz Davas\u0131 tutuklu san\u0131\u011f\u0131 Engin Alan&#8217;\u0131n tahliyesi i\u00e7in bir \u00fcst mahkemeye yapt\u0131\u011f\u0131 talep reddedildi.<\/p>\n<p style=\"text-align: justify;\">MHP\u2019den milletvekili se\u00e7ilen Balyoz Davas\u0131\u2019n\u0131n tutuklu san\u0131\u011f\u0131 Emekli Korgeneral Engin Alan\u2019\u0131n &amp;lsquo;tahliye talebinin reddedilmesine\u2019 yapt\u0131\u011f\u0131 itiraz, bir \u00fcst mahkeme taraf\u0131ndan da reddedildi. \u0130stanbul 11. A\u011f\u0131r Ceza Mahkemesi &#8220;ret&#8221; karar\u0131n\u0131 oy birli\u011fi <\/p>\n","protected":false},"author":1,"featured_media":0,"comment_status":"open","ping_status":"closed","sticky":false,"template":"","format":"standard","meta":{"footnotes":""},"categories":[105],"tags":[],"class_list":["post-35344","post","type-post","status-publish","format-standard","hentry","category-gundem","odd"],"_links":{"self":[{"href":"http:\/\/www.korhanyilmaz.com\/index.php?rest_route=\/wp\/v2\/posts\/35344","targetHints":{"allow":["GET"]}}],"collection":[{"href":"http:\/\/www.korhanyilmaz.com\/index.php?rest_route=\/wp\/v2\/posts"}],"about":[{"href":"http:\/\/www.korhanyilmaz.com\/index.php?rest_route=\/wp\/v2\/types\/post"}],"author":[{"embeddable":true,"href":"http:\/\/www.korhanyilmaz.com\/index.php?rest_route=\/wp\/v2\/users\/1"}],"replies":[{"embeddable":true,"href":"http:\/\/www.korhanyilmaz.com\/index.php?rest_route=%2Fwp%2Fv2%2Fcomments&post=35344"}],"version-history":[{"count":0,"href":"http:\/\/www.korhanyilmaz.com\/index.php?rest_route=\/wp\/v2\/posts\/35344\/revisions"}],"wp:attachment":[{"href":"http:\/\/www.korhanyilmaz.com\/index.php?rest_route=%2Fwp%2Fv2%2Fmedia&parent=35344"}],"wp:term":[{"taxonomy":"category","embeddable":true,"href":"http:\/\/www.korhanyilmaz.com\/index.php?rest_route=%2Fwp%2Fv2%2Fcategories&post=35344"},{"taxonomy":"post_tag","embeddable":true,"href":"http:\/\/www.korhanyilmaz.com\/index.php?rest_route=%2Fwp%2Fv2%2Ftags&post=35344"}],"curies":[{"name":"wp","href":"https:\/\/api.w.org\/{rel}","templated":true}]}}