{"id":35338,"date":"2011-06-30T19:16:04","date_gmt":"2011-06-30T16:16:04","guid":{"rendered":"http:\/\/www.korhanyilmaz.com\/?p=35338"},"modified":"2011-07-10T23:05:04","modified_gmt":"2011-07-10T20:05:04","slug":"bagimsiz-29-vekil-bdpye-katiliyor","status":"publish","type":"post","link":"http:\/\/www.korhanyilmaz.com\/?p=35338","title":{"rendered":"Ba\u011f\u0131ms\u0131z 29 vekil BDP&#8217;ye kat\u0131l\u0131yor"},"content":{"rendered":"<p style=\"text-align: center;\"><a href=\"http:\/\/www.korhanyilmaz.com\/wp-content\/uploads\/2011\/06\/006.jpeg\"  class=\"lightview\"><img loading=\"lazy\" decoding=\"async\" class=\"aligncenter size-full wp-image-35339\" src=\"http:\/\/www.korhanyilmaz.com\/wp-content\/uploads\/2011\/06\/006.jpeg\" alt=\"\" width=\"336\" height=\"223\" \/><\/a><\/p>\n<p style=\"text-align: justify;\">12 Haziran&#8217;da yap\u0131lan se\u00e7imlerde ba\u011f\u0131ms\u0131z milletvekili se\u00e7ilen 29 ki\u015fi BDP&#8217;ye kat\u0131lma karar\u0131 ald\u0131. Emek Demokrasi ve \u00d6zg\u00fcrl\u00fck Bloku&#8217;nun partile\u015fme \u00e7al\u0131\u015fmalar\u0131 da ba\u015flat\u0131ld\u0131.<!--more--><\/p>\n<p style=\"text-align: justify;\">Emek \u00d6zg\u00fcrl\u00fck ve Demokrasi Blo\u011fu alt\u0131nda ba\u011f\u0131ms\u0131z milletvekili se\u00e7ilen 36 milletvekilinden 29&#8217;u BDP&#8217;ye kat\u0131ld\u0131. Ahmet T\u00fcrk, Aysel Tu\u011fluk, Kemal Akta\u015f ve Leyla Zana siyasi yasaklar\u0131, \u015eerafettin El\u00e7i KADEP Genel Ba\u015fkan\u0131, Levent T\u00fczel de EMEP Genel Ba\u015fkan\u0131 olduklar\u0131 i\u00e7in BDP&#8217;de yer almad\u0131. KCK tutuklusu 5 milletvekili de avukatlar\u0131 arac\u0131l\u0131\u011f\u0131yla partiye \u00fcyelik formu g\u00f6nderecek. Konuyla ilgili a\u00e7\u0131klamay\u0131 yapan Selahattin Demirta\u015f, blok partisi kurma \u00e7al\u0131\u015fmalar\u0131n\u0131n da ba\u015flat\u0131ld\u0131\u011f\u0131n\u0131 s\u00f6yledi.<\/p>\n<p style=\"text-align: justify;\">&#8221;Toplam 29 milletvekili BDP&#8217;nin \u00fcyesi olarak, Meclis&#8217;te 29 ki\u015filik BDP grubu kurmay\u0131 kararla\u015ft\u0131rd\u0131k&#8221; diyen Hakkari Milletvekili Demirta\u015f&#8217;\u0131n konu\u015fmas\u0131nda dikkat \u00e7eken unsur, bir blok partisi haz\u0131rl\u0131klar\u0131na ba\u015fland\u0131\u011f\u0131 bilgisi oldu.<\/p>\n<p style=\"text-align: justify;\"><strong>&#8220;EN KISA ZAMANDA BLOK PART\u0130S\u0130&#8221;<\/strong><\/p>\n<p style=\"text-align: justify;\">BDP Genel Merkezi&#8217;nde baz\u0131 ba\u011f\u0131ms\u0131z milletvekillerinin kat\u0131l\u0131m\u0131yla yapt\u0131klar\u0131 toplant\u0131 sonras\u0131 konu\u015fan Demirta\u015f \u015funlar\u0131 s\u00f6yledi:<\/p>\n<p style=\"text-align: justify;\">&#8221;\u00d6n\u00fcm\u00fczdeki ilk i\u015f olarak, bu blok hareketinin bir partile\u015fme blok partisi olarak kendisini ifade etmesinin haz\u0131rl\u0131klar\u0131na ba\u015flam\u0131\u015f olduk. Bug\u00fcnk\u00fc toplant\u0131da bunu kararla\u015ft\u0131rd\u0131k. Dolay\u0131s\u0131yla en k\u0131sa zamanda bir blok partisi olarak hareket edebilecek t\u00fczel ki\u015fili\u011fe haiz bir parti \u00e7al\u0131\u015fmas\u0131na ba\u015flam\u0131\u015f durumday\u0131z. Bizim a\u00e7\u0131m\u0131zdan stratejik bir birliktir bu \u00e7al\u0131\u015fma. Bu \u00e7al\u0131\u015fman\u0131n y\u0131llara dayanan bir ge\u00e7mi\u015fi var. Bu se\u00e7imde bunun \u00e7ok \u00f6nemli bir ad\u0131m\u0131n\u0131 ger\u00e7ekle\u015ftirmi\u015f olduk. \u015eimdi bunu partile\u015fmeye do\u011fru g\u00f6t\u00fcrme kararl\u0131l\u0131\u011f\u0131m\u0131z\u0131 bir kez daha ifade etmi\u015f olduk. Bunun \u00e7al\u0131\u015fmalar\u0131 yar\u0131ndan itibaren somut olarak ba\u015flayacak. Umut ediyorum ki en k\u0131sa zamanda t\u00fczel ki\u015fili\u011fi de olan resmi parti kurulu\u015fu ger\u00e7ekle\u015fmi\u015f olacak.<\/p>\n<p style=\"text-align: justify;\">Bu vesile ile bizler blok partisi kurulana kadar bir grup milletvekili olarak Bar\u0131\u015f ve Demokrasi Partisine bug\u00fcn \u00fcye olarak ge\u00e7i\u015f yapm\u0131\u015f olduk. Toplam 29 milletvekili BDP&#8217;nin \u00fcyesi olarak Meclis&#8217;te 29 ki\u015filik BDP grubu kurmay\u0131 kararla\u015ft\u0131rd\u0131k.&#8221;<\/p>\n<p style=\"text-align: justify;\"><strong>KATILAMAYANLARA DA ROL<\/strong><\/p>\n<p style=\"text-align: justify;\">Demirta\u015f, blokun aktif \u00fcyesi olan ancak BDP&#8217;ye kat\u0131lmayan \u015eerafettin El\u00e7i ve Levent T\u00fczel&#8217;in, blok partisi kurma \u00e7al\u0131\u015fmalar\u0131n\u0131 da y\u00fcr\u00fcteceklerini s\u00f6yledi. Demirta\u015f Ahmet T\u00fcrk, Aysel Tu\u011fluk, Leyla Zana ve Kemal Akta\u015f&#8217;\u0131n da b\u00fct\u00fcn zeminlerde grupla birlikte hareket edeceklerini kaydetti.<\/p>\n<p style=\"text-align: justify;\"><a href=\"http:\/\/www.radikal.com.tr\/Radikal.aspx?aType=RadikalDetayV3&amp;ArticleID=1054643&amp;Date=30.06.2011&amp;CategoryID=78\" target=\"_blank\">Kaynak : Radikal<\/a><\/p>\n","protected":false},"excerpt":{"rendered":"<p style=\"text-align: center;\">\n<p style=\"text-align: justify;\">12 Haziran&#8217;da yap\u0131lan se\u00e7imlerde ba\u011f\u0131ms\u0131z milletvekili se\u00e7ilen 29 ki\u015fi BDP&#8217;ye kat\u0131lma karar\u0131 ald\u0131. Emek Demokrasi ve \u00d6zg\u00fcrl\u00fck Bloku&#8217;nun partile\u015fme \u00e7al\u0131\u015fmalar\u0131 da ba\u015flat\u0131ld\u0131.<\/p>\n","protected":false},"author":1,"featured_media":0,"comment_status":"open","ping_status":"closed","sticky":false,"template":"","format":"standard","meta":{"footnotes":""},"categories":[105],"tags":[],"class_list":["post-35338","post","type-post","status-publish","format-standard","hentry","category-gundem","odd"],"_links":{"self":[{"href":"http:\/\/www.korhanyilmaz.com\/index.php?rest_route=\/wp\/v2\/posts\/35338","targetHints":{"allow":["GET"]}}],"collection":[{"href":"http:\/\/www.korhanyilmaz.com\/index.php?rest_route=\/wp\/v2\/posts"}],"about":[{"href":"http:\/\/www.korhanyilmaz.com\/index.php?rest_route=\/wp\/v2\/types\/post"}],"author":[{"embeddable":true,"href":"http:\/\/www.korhanyilmaz.com\/index.php?rest_route=\/wp\/v2\/users\/1"}],"replies":[{"embeddable":true,"href":"http:\/\/www.korhanyilmaz.com\/index.php?rest_route=%2Fwp%2Fv2%2Fcomments&post=35338"}],"version-history":[{"count":0,"href":"http:\/\/www.korhanyilmaz.com\/index.php?rest_route=\/wp\/v2\/posts\/35338\/revisions"}],"wp:attachment":[{"href":"http:\/\/www.korhanyilmaz.com\/index.php?rest_route=%2Fwp%2Fv2%2Fmedia&parent=35338"}],"wp:term":[{"taxonomy":"category","embeddable":true,"href":"http:\/\/www.korhanyilmaz.com\/index.php?rest_route=%2Fwp%2Fv2%2Fcategories&post=35338"},{"taxonomy":"post_tag","embeddable":true,"href":"http:\/\/www.korhanyilmaz.com\/index.php?rest_route=%2Fwp%2Fv2%2Ftags&post=35338"}],"curies":[{"name":"wp","href":"https:\/\/api.w.org\/{rel}","templated":true}]}}