{"id":35329,"date":"2011-06-30T14:05:48","date_gmt":"2011-06-30T11:05:48","guid":{"rendered":"http:\/\/www.korhanyilmaz.com\/?p=35329"},"modified":"2011-07-10T23:03:15","modified_gmt":"2011-07-10T20:03:15","slug":"haberal%e2%80%99in-doktoru-gorevden-alindi","status":"publish","type":"post","link":"http:\/\/www.korhanyilmaz.com\/?p=35329","title":{"rendered":"Haberal\u2019\u0131n doktoru g\u00f6revden al\u0131nd\u0131"},"content":{"rendered":"<p style=\"text-align: center;\"><a href=\"http:\/\/www.korhanyilmaz.com\/wp-content\/uploads\/2011\/06\/0043.jpg\"  class=\"lightview\"><img loading=\"lazy\" decoding=\"async\" class=\"aligncenter size-full wp-image-35330\" src=\"http:\/\/www.korhanyilmaz.com\/wp-content\/uploads\/2011\/06\/0043.jpg\" alt=\"\" width=\"292\" height=\"203\" \/><\/a><\/p>\n<p style=\"text-align: justify;\">Ergenekon davas\u0131n\u0131n tutuklu san\u0131\u011f\u0131 Mehmet Haberal&#8217;\u0131n doktoru olarak ad\u0131n\u0131 duyuran Prof. Dr. Erhan Kans\u0131z&#8217;a \u0130stanbul \u00dcniversitesi Rekt\u00f6rl\u00fc\u011f\u00fc&#8217;nden g\u00f6nderilen yaz\u0131yla &#8220;Kardiyoloji Enstit\u00fcs\u00fc M\u00fcd\u00fcrl\u00fc\u011f\u00fc&#8217; g\u00f6revinden al\u0131nd\u0131\u011f\u0131 bildirildi. Bu yaz\u0131 \u00fczerine Kans\u0131z&#8217;\u0131n emeklili\u011fini istedi\u011fi \u00f6\u011frenildi. <!--more--><\/p>\n<p style=\"text-align: justify;\">Prof. Dr. Kans\u0131z, Haberal&#8217;\u0131n mahkemeden gizlendi\u011fi iddia edilen sa\u011fl\u0131k raporu ile ilgili soru\u015fturma kapsam\u0131nda tutuklanm\u0131\u015f, yakla\u015f\u0131k 3 ay cezaevinde kald\u0131ktan sonra tahliye edilmi\u015fti.<\/p>\n<p style=\"text-align: justify;\">Prof. Dr. Erhan Kans\u0131z , &#8220;\u0130stanbul \u00dcniversitesi Kardiyoloji Enstit\u00fcs\u00fc M\u00fcd\u00fcrl\u00fc\u011f\u00fc&#8217; g\u00f6revinden al\u0131nd\u0131.<\/p>\n<p style=\"text-align: justify;\">Kanser oldu\u011fu ve tutuklu bulundu\u011fu s\u00fcre\u00e7 i\u00e7erisinde sa\u011fl\u0131k ko\u015fullar\u0131n\u0131n k\u00f6t\u00fcye gitti\u011fi belirtilen Kans\u0131z 14 Nisan\u2019da tahliye edilmi\u015fti.<\/p>\n<p style=\"text-align: justify;\">DHA&#8217;n\u0131n telefonla ula\u015ft\u0131\u011f\u0131 Prof. Dr. Erhan Kans\u0131z g\u00f6revden al\u0131nma nedeniyle ilgili a\u00e7\u0131klama yapmad\u0131.<\/p>\n<p style=\"text-align: justify;\"><a href=\"http:\/\/www.cnnturk.com\/2011\/turkiye\/06\/30\/haberal.in.doktoru.gorevden.alindi\/621708.0\/index.html\" target=\"_blank\">Kaynak : CNN T\u00dcRK<\/a><\/p>\n","protected":false},"excerpt":{"rendered":"<p style=\"text-align: center;\">\n<p style=\"text-align: justify;\">Ergenekon davas\u0131n\u0131n tutuklu san\u0131\u011f\u0131 Mehmet Haberal&#8217;\u0131n doktoru olarak ad\u0131n\u0131 duyuran Prof. Dr. Erhan Kans\u0131z&#8217;a \u0130stanbul \u00dcniversitesi Rekt\u00f6rl\u00fc\u011f\u00fc&#8217;nden g\u00f6nderilen yaz\u0131yla &#8220;Kardiyoloji Enstit\u00fcs\u00fc M\u00fcd\u00fcrl\u00fc\u011f\u00fc&#8217; g\u00f6revinden al\u0131nd\u0131\u011f\u0131 bildirildi. Bu yaz\u0131 \u00fczerine Kans\u0131z&#8217;\u0131n emeklili\u011fini istedi\u011fi \u00f6\u011frenildi. <\/p>\n","protected":false},"author":1,"featured_media":0,"comment_status":"open","ping_status":"closed","sticky":false,"template":"","format":"standard","meta":{"footnotes":""},"categories":[105],"tags":[],"class_list":["post-35329","post","type-post","status-publish","format-standard","hentry","category-gundem","odd"],"_links":{"self":[{"href":"http:\/\/www.korhanyilmaz.com\/index.php?rest_route=\/wp\/v2\/posts\/35329","targetHints":{"allow":["GET"]}}],"collection":[{"href":"http:\/\/www.korhanyilmaz.com\/index.php?rest_route=\/wp\/v2\/posts"}],"about":[{"href":"http:\/\/www.korhanyilmaz.com\/index.php?rest_route=\/wp\/v2\/types\/post"}],"author":[{"embeddable":true,"href":"http:\/\/www.korhanyilmaz.com\/index.php?rest_route=\/wp\/v2\/users\/1"}],"replies":[{"embeddable":true,"href":"http:\/\/www.korhanyilmaz.com\/index.php?rest_route=%2Fwp%2Fv2%2Fcomments&post=35329"}],"version-history":[{"count":0,"href":"http:\/\/www.korhanyilmaz.com\/index.php?rest_route=\/wp\/v2\/posts\/35329\/revisions"}],"wp:attachment":[{"href":"http:\/\/www.korhanyilmaz.com\/index.php?rest_route=%2Fwp%2Fv2%2Fmedia&parent=35329"}],"wp:term":[{"taxonomy":"category","embeddable":true,"href":"http:\/\/www.korhanyilmaz.com\/index.php?rest_route=%2Fwp%2Fv2%2Fcategories&post=35329"},{"taxonomy":"post_tag","embeddable":true,"href":"http:\/\/www.korhanyilmaz.com\/index.php?rest_route=%2Fwp%2Fv2%2Ftags&post=35329"}],"curies":[{"name":"wp","href":"https:\/\/api.w.org\/{rel}","templated":true}]}}