{"id":35322,"date":"2011-06-30T13:56:55","date_gmt":"2011-06-30T10:56:55","guid":{"rendered":"http:\/\/www.korhanyilmaz.com\/?p=35322"},"modified":"2011-07-10T23:02:33","modified_gmt":"2011-07-10T20:02:33","slug":"ister-gelir-ister-gelmezsiniz","status":"publish","type":"post","link":"http:\/\/www.korhanyilmaz.com\/?p=35322","title":{"rendered":"&#8220;\u0130ster gelir ister gelmezsiniz&#8221;"},"content":{"rendered":"<p style=\"text-align: center;\"><a href=\"http:\/\/www.korhanyilmaz.com\/wp-content\/uploads\/2011\/06\/0023.jpg\"  class=\"lightview\"><img loading=\"lazy\" decoding=\"async\" class=\"aligncenter size-full wp-image-35323\" src=\"http:\/\/www.korhanyilmaz.com\/wp-content\/uploads\/2011\/06\/0023.jpg\" alt=\"\" width=\"307\" height=\"236\" \/><\/a><\/p>\n<p style=\"text-align: justify;\">Ba\u015fbakan Erdo\u011fan se\u00e7imin ard\u0131ndan ilk grup toplant\u0131s\u0131n\u0131 yapt\u0131. Erdo\u011fan&#8217;\u0131n ele\u015ftiri oklar\u0131n\u0131n hedefinde ise yine CHP vard\u0131. Ba\u015fbakan, &#8220;K\u0131l\u0131\u00e7daro\u011flu &#8216;biz olmadan komisyonlar \u00e7al\u0131\u015fmaz&#8217; diyor. Bak\u0131n nas\u0131l \u00e7al\u0131\u015f\u0131yor. Bal gibi \u00e7al\u0131\u015f\u0131r. Meclis&#8217;i \u00e7al\u0131\u015ft\u0131raca\u011f\u0131z. Gelirsiniz veya gelmezsiniz o sizin bilece\u011finiz i\u015f&#8221; dedi.<!--more--><\/p>\n<p style=\"text-align: justify;\"><em><strong>Erdo\u011fan&#8217;\u0131n konu\u015fmas\u0131ndan \u00f6ne \u00e7\u0131kanlar \u015f\u00f6yle:<\/strong><\/em><\/p>\n<p style=\"text-align: justify;\">&#8211; Biz T\u00fcrkiye haritas\u0131n\u0131 renklere boyayanlardan olmayaca\u011f\u0131z. Se\u00e7im gecesi zafer sarho\u015fu olmad\u0131k. Biz sadece parti genel merkezimizde sevincimizi payla\u015ft\u0131k. Sokaklara d\u00f6k\u00fclmedik. Bu bir olgunluk g\u00f6stergesidir. Kibirle de\u011fil tevazuyla hareket ettik.<\/p>\n<p style=\"text-align: justify;\">&#8211; Biz herkes i\u00e7in demokrasi istiyoruz. Daha fazla \u00f6zg\u00fcrl\u00fck istiyoruz. Milli irade bizim i\u00e7in kutsald\u0131r. Milli irade \u00fczerinde vesayeti asla kabul etmiyoruz. \u00c7ok b\u00fcy\u00fck haks\u0131zl\u0131klara maruz kald\u0131k. Bir \u015fiir y\u00fcz\u00fcnden h\u00fck\u00fcm giydik. &#8220;Muhtar bile olamazs\u0131n&#8221; denildi. Partimiz kapat\u0131lmak istendi. Cumhurba\u015fkan\u0131 se\u00e7imimiz engellenmek istendi. \u00c7etelerin demokrasi d\u0131\u015f\u0131 \u00f6rg\u00fctlenmelerin yeri haline getirildi. Bu \u00fclkenin karde\u015fli\u011fi hedef al\u0131nd\u0131.<\/p>\n<p style=\"text-align: justify;\"><strong>&#8220;Anayasa&#8217;y\u0131 takmamazl\u0131k etmedik&#8221;<\/strong><\/p>\n<p style=\"text-align: justify;\">&#8211; Hakk\u0131m\u0131zda kapatma davas\u0131 a\u00e7\u0131lmam\u0131\u015f olsayd\u0131 bug\u00fcn ki\u015fi ba\u015f\u0131na milli gelir 10 bin dolar\u0131n \u00fczerinde olurdu. Anayasa&#8217;y\u0131 takmamazl\u0131k etmedik. Biz oy verenleri sokaklara d\u00f6kmedik.<\/p>\n<p style=\"text-align: justify;\"><strong>&#8220;Meclis&#8217;i boykot ederek hedefe ula\u015f\u0131lamaz&#8221;<\/strong><\/p>\n<p style=\"text-align: justify;\">&#8211; Milli irade \u00fczerinde vesayeti kabul etmiyoruz ancak hukukun zorlanmas\u0131n\u0131 da kabul etmiyoruz. Yarg\u0131n\u0131n kararlar\u0131 y\u00fcz\u00fcnde AK Parti&#8217;yi itham edenler eski al\u0131\u015fkanl\u0131klar\u0131 n\u00fcksedendir. Onlar\u0131n zaman\u0131nda yarg\u0131 y\u00fcr\u00fctmeden talimat alm\u0131\u015f olabilir ama bizim zaman\u0131m\u0131zda kimseden talimat almaz. AK Parti kimseden emir ve talimat almaz . Meclis&#8217;i boykot ederek ula\u015f\u0131lacak bir hedef olmaz.<\/p>\n<p style=\"text-align: justify;\"><strong>&#8220;Ba\u015fbakan ne yaps\u0131n?&#8221;<\/strong><\/p>\n<p style=\"text-align: justify;\">&#8211; Ne diyorlar &#8220;Ba\u015fbakan bu i\u015fi \u00e7\u00f6zs\u00fcn&#8221;. Ba\u015fbakan ne yapacak? Hakimleri aray\u0131p talimat m\u0131 verecek? Ba\u015fka iktidarlar d\u00f6neminde bunlar ya\u015fanm\u0131\u015f olabilir. Elimizde kay\u0131tlarda var. Bu kay\u0131tlar onlar\u0131n anlad\u0131\u011f\u0131 kay\u0131tlar manas\u0131nda de\u011fil. Yarg\u0131 kararlar\u0131ndan dolay\u0131 TBMM&#8217;ye gelmeyenler, gelipte yemin etmeyenler kuvvetler ayr\u0131l\u0131\u011f\u0131n\u0131 hala kabullenemeyenlerdir. Kimsenin kanunlar\u0131 yok sayma hakk\u0131 yok.<\/p>\n<p style=\"text-align: justify;\"><strong>&#8211; &#8220;TBMM&#8217;ye gelmeyenler&#8230; &#8220;<\/strong><\/p>\n<p style=\"text-align: justify;\">&#8211; TBMM&#8217;ye gelmeyenler, gelip de yemin etmeyenler yasama-y\u00fcr\u00fctme-yarg\u0131 ayr\u0131m\u0131n\u0131 hala kabullenemeyenlerdir. Hi\u00e7kimseninn kanunlar\u0131 ve hukuku hi\u00e7e sayma hakk\u0131 yoktur. T\u00fcrkiye muz cumhuriyeti de\u011fildir. T\u00fcrkiye demokratik, laik, sosyal bir hukuk devletidir.<\/p>\n<p style=\"text-align: justify;\">&#8211; Keyfice aday g\u00f6sterenler bug\u00fcn yarg\u0131n\u0131n kararlar\u0131na herkes kadar sayg\u0131 duymakla m\u00fckelleftirler. Millet iradesi ile yarg\u0131 karar\u0131 kar\u015f\u0131 kar\u015f\u0131ya getirilemez. \u00c7\u00f6z\u00fcm de ka\u00e7\u0131n\u0131lmaz olarak ortak olacak.<\/p>\n<p style=\"text-align: justify;\">&#8211; Muhalefet sa\u011fduyu i\u00e7inde hareket etmek, makul \u00f6neriler getirmek zorundad\u0131r. Boykot ya da tepkiyle hi\u00e7bir yere var\u0131lamaz. Sorunu derinle\u015ftirmek yerine daha serinkanl\u0131 davranmalar\u0131nda fayda var. Hi\u00e7kimsenin kanunlar\u0131 hi\u00e7e sayma hakk\u0131 yoktur.<\/p>\n<p style=\"text-align: justify;\"><strong>&#8220;Hangi d\u00fcr\u00fcstl\u00fck?&#8221;<\/strong><\/p>\n<p style=\"text-align: justify;\">&#8211; \u015eimdi soruyorum: Ge\u00e7ici Meclis Ba\u015fkan\u0131 Genel Kurul&#8217;da oldu\u011fu halde, onu bildi\u011fi halde \u201cben yokum\u201d demesini hangi d\u00fcr\u00fcstl\u00fck anlay\u0131\u015f\u0131 i\u00e7ine s\u0131\u011fd\u0131r\u0131yor. Bu nas\u0131l d\u00fcr\u00fcstl\u00fck?<\/p>\n<p style=\"text-align: justify;\">&#8211; Bu ana muhalefetin tarihine kara leke olarak ge\u00e7mi\u015ftir. Desen de demesen de b\u00fct\u00fcn kameralar bu an\u0131 tespit etti. Hepiniz ordas\u0131n\u0131z kendinizi yok yazd\u0131r\u0131yorsunuz. Bunu yutmazlar beyler, bunu tarih affetmez. CHP ontolojik sorunlar i\u00e7erisindedir.<\/p>\n<p style=\"text-align: justify;\"><strong>&#8220;Muhalefet ister gelsin ister gelmesin&#8221;<\/strong><\/p>\n<p style=\"text-align: justify;\">&#8211; Milli iradenin \u00f6n\u00fcndeki engel AK Parti olmayacakt\u0131r. Milletin kar\u015f\u0131s\u0131nda onlar her ge\u00e7en g\u00fcn itibar kaybetmeye devam edecekler. D\u00fcn sand\u0131\u011f\u0131 bug\u00fcn Meclis\u2019i boykot ettiler. Muhalefet ister gelsin ister gelmesin, parlamentonun \u00e7al\u0131\u015fmas\u0131na mani bir hal yoktur.<\/p>\n<p style=\"text-align: justify;\"><strong>&#8220;Komisyonlar bal gibi \u00e7al\u0131\u015f\u0131r&#8221;<\/strong><\/p>\n<p style=\"text-align: justify;\">&#8211; Komisyona muhalefet gelmedi\u011fi zaman \u00e7al\u0131\u015f\u0131lamaz diye bir durum yok. TV\u2019de diyor ki biz komisyonlarda olmazsak komisyon \u00e7al\u0131\u015fmaz. Say\u0131n K\u0131l\u0131\u00e7daro\u011flu; komisyon bal gibi \u00e7al\u0131\u015f\u0131r. Meclis Divan\u0131 da ayn\u0131 \u015fekilde. Yeter ki bizden bir eksik olmas\u0131n. Ama demokrasi birlikle g\u00fc\u00e7 kazan\u0131r bizim iste\u011fimiz bu. Ama ister gelirsiniz ister gelmezsiniz bu sizin bilece\u011finiz i\u015f.<\/p>\n<p style=\"text-align: justify;\"><strong>\u201cCHP milletin mesaj\u0131n\u0131 anlayamad\u0131\u201d<\/strong><\/p>\n<p style=\"text-align: justify;\">&#8211; CHP kendine yeni s\u0131fat\u0131n\u0131 yap\u0131\u015ft\u0131rm\u0131\u015f ama eski kafayla hareket ediyor. CHP 12 Haziran se\u00e7imlerinin ard\u0131ndan milletin mesaj\u0131n\u0131 yine anlayamam\u0131\u015ft\u0131r. Bu s\u00fcreci biz kafa kar\u0131\u015f\u0131kl\u0131\u011f\u0131 olarak nitelendiriyoruz.<\/p>\n<p style=\"text-align: justify;\">CHP\u2019nin bir an \u00f6nce bu kafa kar\u0131\u015f\u0131kl\u0131\u011f\u0131ndan, \u015fa\u015fk\u0131nl\u0131ktan kurtulup ana muhalefet g\u00f6revini devir almas\u0131n\u0131 istiyoruz. Meclis \u00e7al\u0131\u015fmalar\u0131na aynen devam edecektir. Hani \u00e7al\u0131\u015fmazd\u0131, \u00e7al\u0131\u015ft\u0131rmazd\u0131n\u0131z \u00e7al\u0131\u015f\u0131yor i\u015fte.<\/p>\n<p style=\"text-align: justify;\"><a href=\"http:\/\/www.cnnturk.com\/2011\/turkiye\/06\/30\/ister.gelir.ister.gelmezsiniz\/621695.0\/index.html\" target=\"_blank\">Kaynak : CNN T\u00dcRK<\/a><\/p>\n","protected":false},"excerpt":{"rendered":"<p style=\"text-align: center;\">\n<p style=\"text-align: justify;\">Ba\u015fbakan Erdo\u011fan se\u00e7imin ard\u0131ndan ilk grup toplant\u0131s\u0131n\u0131 yapt\u0131. Erdo\u011fan&#8217;\u0131n ele\u015ftiri oklar\u0131n\u0131n hedefinde ise yine CHP vard\u0131. Ba\u015fbakan, &#8220;K\u0131l\u0131\u00e7daro\u011flu &#8216;biz olmadan komisyonlar \u00e7al\u0131\u015fmaz&#8217; diyor. Bak\u0131n nas\u0131l \u00e7al\u0131\u015f\u0131yor. Bal gibi \u00e7al\u0131\u015f\u0131r. Meclis&#8217;i \u00e7al\u0131\u015ft\u0131raca\u011f\u0131z. Gelirsiniz veya gelmezsiniz o sizin bilece\u011finiz i\u015f&#8221; dedi.<\/p>\n","protected":false},"author":1,"featured_media":0,"comment_status":"open","ping_status":"closed","sticky":false,"template":"","format":"standard","meta":{"footnotes":""},"categories":[105],"tags":[],"class_list":["post-35322","post","type-post","status-publish","format-standard","hentry","category-gundem","odd"],"_links":{"self":[{"href":"http:\/\/www.korhanyilmaz.com\/index.php?rest_route=\/wp\/v2\/posts\/35322","targetHints":{"allow":["GET"]}}],"collection":[{"href":"http:\/\/www.korhanyilmaz.com\/index.php?rest_route=\/wp\/v2\/posts"}],"about":[{"href":"http:\/\/www.korhanyilmaz.com\/index.php?rest_route=\/wp\/v2\/types\/post"}],"author":[{"embeddable":true,"href":"http:\/\/www.korhanyilmaz.com\/index.php?rest_route=\/wp\/v2\/users\/1"}],"replies":[{"embeddable":true,"href":"http:\/\/www.korhanyilmaz.com\/index.php?rest_route=%2Fwp%2Fv2%2Fcomments&post=35322"}],"version-history":[{"count":0,"href":"http:\/\/www.korhanyilmaz.com\/index.php?rest_route=\/wp\/v2\/posts\/35322\/revisions"}],"wp:attachment":[{"href":"http:\/\/www.korhanyilmaz.com\/index.php?rest_route=%2Fwp%2Fv2%2Fmedia&parent=35322"}],"wp:term":[{"taxonomy":"category","embeddable":true,"href":"http:\/\/www.korhanyilmaz.com\/index.php?rest_route=%2Fwp%2Fv2%2Fcategories&post=35322"},{"taxonomy":"post_tag","embeddable":true,"href":"http:\/\/www.korhanyilmaz.com\/index.php?rest_route=%2Fwp%2Fv2%2Ftags&post=35322"}],"curies":[{"name":"wp","href":"https:\/\/api.w.org\/{rel}","templated":true}]}}