{"id":35318,"date":"2011-06-30T14:26:59","date_gmt":"2011-06-30T11:26:59","guid":{"rendered":"http:\/\/www.korhanyilmaz.com\/?p=35318"},"modified":"2011-07-10T23:03:40","modified_gmt":"2011-07-10T20:03:40","slug":"bahceliden-gule-sert-elestiriler","status":"publish","type":"post","link":"http:\/\/www.korhanyilmaz.com\/?p=35318","title":{"rendered":"Bah\u00e7eli&#8217;den G\u00fcl&#8217;e sert ele\u015ftiriler"},"content":{"rendered":"<p style=\"text-align: center;\"><a href=\"http:\/\/www.korhanyilmaz.com\/wp-content\/uploads\/2011\/06\/0013.jpg\"  class=\"lightview\"><img loading=\"lazy\" decoding=\"async\" class=\"aligncenter size-full wp-image-35319\" src=\"http:\/\/www.korhanyilmaz.com\/wp-content\/uploads\/2011\/06\/0013.jpg\" alt=\"\" width=\"307\" height=\"236\" \/><\/a><\/p>\n<p style=\"text-align: justify;\">MHP lideri Devlet Bah\u00e7eli, &#8220;\u00c7ankaya K\u00f6\u015fk\u00fc&#8217;ne krizin taraf\u0131 olmad\u0131\u011f\u0131m\u0131z i\u00e7in \u00e7\u0131kmad\u0131k&#8221; dedi. Bah\u00e7eli, &#8220;G\u00fcl, Ba\u015fbakan&#8217;\u0131n \u00e7ekim alan\u0131ndan \u00e7\u0131kmal\u0131d\u0131r&#8221; diye konu\u015ftu.<\/p>\n<p style=\"text-align: justify;\">Yaz\u0131l\u0131 a\u00e7\u0131klama yapan Bah\u00e7eli, &#8220;Cumhurba\u015fkan\u0131 G\u00fcl&#8217;\u00fcn objektif sorun \u00e7\u00f6zme niteli\u011fi iflas etti&#8221; dedi. <!--more--><\/p>\n<p style=\"text-align: justify;\">MHP lideri s\u00f6zlerine, &#8220;Say\u0131n Cumhurba\u015fkan\u0131&#8217;n\u0131n; Ba\u015fbakan Erdo\u011fan&#8217;la girdi\u011fi rol payla\u015f\u0131m\u0131ndan ve AKP&#8217;yi \u00f6nceli\u011fine alarak yapt\u0131\u011f\u0131 g\u00f6revinden dolay\u0131; inand\u0131r\u0131c\u0131l\u0131\u011f\u0131, birle\u015ftirici \u00f6zelli\u011fi ve objektif sorun \u00e7\u00f6zme niteli\u011fi iflas etmi\u015ftir&#8221; \u015feklinde konu\u015ftu.<\/p>\n<p style=\"text-align: justify;\">Bah\u00e7eli s\u00f6zlerine, &#8220;G\u00fcl, Ba\u015fbakan&#8217;\u0131n \u00e7ekim alan\u0131ndan \u00e7\u0131kmal\u0131d\u0131r. Tarafs\u0131z ve e\u015fitli\u011fi g\u00f6z eden anlay\u0131\u015fa bir an \u00f6nce d\u00f6nmeli&#8221; diye devam etti.<\/p>\n<p style=\"text-align: justify;\"><strong>Neden K\u00f6\u015fk&#8217;e \u00e7\u0131kmad\u0131?<\/strong><\/p>\n<p style=\"text-align: justify;\">Devlet Bah\u00e7eli, &#8220;Milliyet\u00e7i Hareket Partisi&#8217;nin, yemin ve boykot krizinin taraflar\u0131yla ayn\u0131 kategoride de\u011ferlendirilmesi ve s\u00fcren siyasi krizin sanki bir par\u00e7as\u0131ym\u0131\u015f gibi sunulmas\u0131 \u00e7ok \u00e7irkin ve yak\u0131\u015f\u0131ks\u0131z olmu\u015ftur&#8221; ifadesini kulland\u0131.<\/p>\n<p style=\"text-align: justify;\">Bah\u00e7eli, MHP olarak Abdullah G\u00fcl&#8217;\u00fcn kamuoyunu oyalamak i\u00e7in pozisyon ald\u0131\u011f\u0131na inand\u0131klar\u0131n\u0131 belirterek, &#8220;MHP, Meclis&#8217;te cereyan eden krizin taraf\u0131 olmad\u0131\u011f\u0131ndan dolay\u0131 \u00c7ankaya K\u00f6\u015fk\u00fc&#8217;nden gelen g\u00f6r\u00fc\u015fme talebini geri \u00e7evirmi\u015ftir&#8221; diye konu\u015ftu.<\/p>\n<p style=\"text-align: justify;\"><strong>BAH\u00c7EL\u0130&#8217;N\u0130N YAZILI A\u00c7IKLAMASININ TAMAMI \u0130SE \u015e\u00d6YLE:<\/strong><\/p>\n<p style=\"text-align: justify;\">&#8220;T\u00fcrkiye B\u00fcy\u00fck Millet Meclisi\u2019ndeki boykot giri\u015fimi ve yemin krizi aziz milletimizin g\u00f6z\u00fc \u00f6n\u00fcnde vuku bulmu\u015ftur. Nitekim Cumhuriyet Halk Partisi milletvekilleri Meclis\u2019e gelmesine ra\u011fmen yemin etmemi\u015flerdir.<\/p>\n<p style=\"text-align: justify;\">Ba\u011f\u0131ms\u0131z olarak se\u00e7ilen bir grup milletvekili ise \u00e7ok manidar bir \u015fekilde Diyarbak\u0131r\u2019da toplanm\u0131\u015f ve yemin krizinin bir par\u00e7as\u0131 olmu\u015ftur. S\u00f6zde, bu talihsiz eylemlere tutuklu bulunan milletvekillerinin serbest b\u0131rak\u0131lmamas\u0131 gerek\u00e7e g\u00f6sterilmi\u015ftir. Milliyet\u00e7i Hareket Partisi ise, halen tutuklu bulunan bir milletvekili d\u0131\u015f\u0131nda tam kadro TBMM\u2019de yerini alm\u0131\u015f ve milletvekili yeminini ger\u00e7ekle\u015ftirmi\u015ftir.<\/p>\n<p style=\"text-align: justify;\">Bunu yaparken de, T\u00fcrkiye B\u00fcy\u00fck Millet Meclisi\u2019nin \u00e7\u00f6z\u00fcm ve \u00e7are yeri oldu\u011fu inanc\u0131ndan hareket etmi\u015f ve milli iradeyi suland\u0131racak niyetlere prim vermeyece\u011fini ortaya koymu\u015ftur. Partimiz hi\u00e7bir zaman TBMM\u2019nin sayg\u0131nl\u0131\u011f\u0131na g\u00f6lge d\u00fc\u015f\u00fcrecek ve millet egemenli\u011fini tart\u0131\u015ft\u0131racak bir zihniyetin i\u00e7inde olmam\u0131\u015ft\u0131r, bundan sonra da asla olmayacakt\u0131r.<\/p>\n<p style=\"text-align: justify;\"><strong>&#8220;Ku\u015fku verici&#8230;&#8221;<\/strong><\/p>\n<p style=\"text-align: justify;\">Bu geli\u015fmeler \u00fczerine Cumhurba\u015fkan\u0131 Say\u0131n Abdullah G\u00fcl inisiyatif alarak muhalefet partileri ve ba\u011f\u0131ms\u0131z milletvekilleriyle g\u00f6r\u00fc\u015fmek i\u00e7in harekete ge\u00e7mi\u015ftir. \u00d6ncelikle Say\u0131n Cumhurba\u015fkan\u0131\u2019n\u0131n, Ba\u015fbakan Erdo\u011fan\u2019la ger\u00e7ekle\u015ftirdi\u011fi iki saati a\u015fk\u0131n g\u00f6r\u00fc\u015fmeden sonra, siyasi partileri \u00c7ankaya K\u00f6\u015fk\u00fc\u2019ne davet etmesi ku\u015fku verici ve ba\u015ftan sorunlu bir tav\u0131r olmu\u015ftur. Bu g\u00f6r\u00fc\u015fme i\u00e7eri\u011finin taraf\u0131m\u0131zca bilinmesi m\u00fcmk\u00fcn de\u011filse de, Say\u0131n G\u00fcl\u2019\u00fcn Ba\u015fbakan Erdo\u011fan\u2019la isti\u015fare yapt\u0131ktan sonra b\u00f6yle bir davette bulundu\u011fu g\u00fc\u00e7l\u00fc bir ihtimaldir.<\/p>\n<p style=\"text-align: justify;\">Bununla birlikte, Milliyet\u00e7i Hareket Partisi\u2019nin, yemin ve boykot krizinin taraflar\u0131yla ayn\u0131 kategoride de\u011ferlendirilmesi ve s\u00fcren siyasi krizin sanki bir par\u00e7as\u0131ym\u0131\u015f gibi sunulmas\u0131 \u00e7ok \u00e7irkin ve yak\u0131\u015f\u0131ks\u0131z olmu\u015ftur.<\/p>\n<p style=\"text-align: justify;\">Partimizin Meclis\u2019teki sorunu a\u015fmas\u0131 i\u00e7in g\u00f6sterdi\u011fi \u00e7abay\u0131, katk\u0131y\u0131 ve deste\u011fi g\u00f6stermezden gelmek Say\u0131n G\u00fcl\u2019\u00fcn d\u00fc\u015febilece\u011fi en b\u00fcy\u00fck hata olarak kar\u015f\u0131m\u0131zdad\u0131r. Milliyet\u00e7i Hareket Partisi\u2019nin me\u015fruiyet alan\u0131ndan hi\u00e7 taviz vermeyen siyasi tutumunu, sinsice de\u011fersizle\u015ftirmeye \u00e7al\u0131\u015fmak da kimsenin haddi de\u011fildir. Yemin krizinin \u00e7\u00f6z\u00fclmesi i\u00e7in, \u00f6ncelikle bug\u00fcnk\u00fc kaosa sebebiyet verenlerle irtibat kurulmas\u0131 yerinde, faydal\u0131 ve do\u011fru olacakt\u0131r.<\/p>\n<p style=\"text-align: justify;\">Bu \u015fartlar alt\u0131nda partimizin d\u00fc\u015f\u00fcnceleri esasen aziz milletimiz taraf\u0131ndan a\u00e7\u0131k\u00e7a bilinmekte ve tutuklu bulunan milletvekillerinin tahliye edilmemeleri hukuk skandal\u0131 olarak g\u00f6r\u00fclmektedir.<\/p>\n<p style=\"text-align: justify;\">Say\u0131n Cumhurba\u015fkan\u0131\u2019n\u0131n; Ba\u015fbakan Erdo\u011fan\u2019la girdi\u011fi rol payla\u015f\u0131m\u0131ndan ve AKP\u2019yi \u00f6nceli\u011fine alarak yapt\u0131\u011f\u0131 g\u00f6revinden dolay\u0131; inand\u0131r\u0131c\u0131l\u0131\u011f\u0131, birle\u015ftirici \u00f6zelli\u011fi ve objektif sorun \u00e7\u00f6zme niteli\u011fi iflas etmi\u015ftir.<\/p>\n<p style=\"text-align: justify;\">E\u011fer Say\u0131n G\u00fcl, her ge\u00e7en g\u00fcn g\u00fc\u00e7lenen demokrasi krizinin bitirilmesine samimi olarak destek vermek istiyorsa, \u00f6ncelikle \u015fahs\u0131na g\u00f6re daha a\u00e7\u0131k ve berrak olan Ba\u015fbakan Erdo\u011fan\u2019\u0131n \u00e7ekim alan\u0131ndan \u00e7\u0131kmal\u0131, tarafs\u0131z, adaletli ve e\u015fitli\u011fi g\u00f6zeten y\u00f6netim anlay\u0131\u015f\u0131na bir an \u00f6nce sahip olmal\u0131d\u0131r.<\/p>\n<p style=\"text-align: justify;\">Milliyet\u00e7i Hareket Partisi, bu kapsamda Cumhurba\u015fkan\u0131 Say\u0131n Abdullah G\u00fcl\u2019\u00fcn kamuoyunu oyalamak i\u00e7in pozisyon ald\u0131\u011f\u0131na inand\u0131\u011f\u0131ndan ve Meclis\u2019te cereyan eden krizin taraf\u0131 olmad\u0131\u011f\u0131ndan dolay\u0131 \u00c7ankaya K\u00f6\u015fk\u00fcnden gelen g\u00f6r\u00fc\u015fme talebini geri \u00e7evirmi\u015ftir&#8221;<\/p>\n<p style=\"text-align: justify;\"><a href=\"http:\/\/www.cnnturk.com\/2011\/turkiye\/06\/30\/bahceliden.gule.sert.elestiriler\/621709.0\/index.html\" target=\"_blank\">Kaynak : CNN T\u00dcRK<\/a><\/p>\n","protected":false},"excerpt":{"rendered":"<p style=\"text-align: center;\">\n<p style=\"text-align: justify;\">MHP lideri Devlet Bah\u00e7eli, &#8220;\u00c7ankaya K\u00f6\u015fk\u00fc&#8217;ne krizin taraf\u0131 olmad\u0131\u011f\u0131m\u0131z i\u00e7in \u00e7\u0131kmad\u0131k&#8221; dedi. Bah\u00e7eli, &#8220;G\u00fcl, Ba\u015fbakan&#8217;\u0131n \u00e7ekim alan\u0131ndan \u00e7\u0131kmal\u0131d\u0131r&#8221; diye konu\u015ftu.<\/p>\n<p style=\"text-align: justify;\">Yaz\u0131l\u0131 a\u00e7\u0131klama yapan Bah\u00e7eli, &#8220;Cumhurba\u015fkan\u0131 G\u00fcl&#8217;\u00fcn objektif sorun \u00e7\u00f6zme niteli\u011fi iflas etti&#8221; dedi. <\/p>\n","protected":false},"author":1,"featured_media":0,"comment_status":"open","ping_status":"closed","sticky":false,"template":"","format":"standard","meta":{"footnotes":""},"categories":[105],"tags":[],"class_list":["post-35318","post","type-post","status-publish","format-standard","hentry","category-gundem","odd"],"_links":{"self":[{"href":"http:\/\/www.korhanyilmaz.com\/index.php?rest_route=\/wp\/v2\/posts\/35318","targetHints":{"allow":["GET"]}}],"collection":[{"href":"http:\/\/www.korhanyilmaz.com\/index.php?rest_route=\/wp\/v2\/posts"}],"about":[{"href":"http:\/\/www.korhanyilmaz.com\/index.php?rest_route=\/wp\/v2\/types\/post"}],"author":[{"embeddable":true,"href":"http:\/\/www.korhanyilmaz.com\/index.php?rest_route=\/wp\/v2\/users\/1"}],"replies":[{"embeddable":true,"href":"http:\/\/www.korhanyilmaz.com\/index.php?rest_route=%2Fwp%2Fv2%2Fcomments&post=35318"}],"version-history":[{"count":0,"href":"http:\/\/www.korhanyilmaz.com\/index.php?rest_route=\/wp\/v2\/posts\/35318\/revisions"}],"wp:attachment":[{"href":"http:\/\/www.korhanyilmaz.com\/index.php?rest_route=%2Fwp%2Fv2%2Fmedia&parent=35318"}],"wp:term":[{"taxonomy":"category","embeddable":true,"href":"http:\/\/www.korhanyilmaz.com\/index.php?rest_route=%2Fwp%2Fv2%2Fcategories&post=35318"},{"taxonomy":"post_tag","embeddable":true,"href":"http:\/\/www.korhanyilmaz.com\/index.php?rest_route=%2Fwp%2Fv2%2Ftags&post=35318"}],"curies":[{"name":"wp","href":"https:\/\/api.w.org\/{rel}","templated":true}]}}