{"id":35311,"date":"2011-06-28T13:36:08","date_gmt":"2011-06-28T10:36:08","guid":{"rendered":"http:\/\/www.korhanyilmaz.com\/?p=35311"},"modified":"2011-07-10T23:25:34","modified_gmt":"2011-07-10T20:25:34","slug":"tbmm-siralarinda-chp-var-yemin-yok","status":"publish","type":"post","link":"http:\/\/www.korhanyilmaz.com\/?p=35311","title":{"rendered":"TBMM s\u0131ralar\u0131nda CHP var, yemin yok"},"content":{"rendered":"<p style=\"text-align: center;\"><a href=\"http:\/\/www.korhanyilmaz.com\/wp-content\/uploads\/2011\/06\/277.jpeg\"  class=\"lightview\"><img loading=\"lazy\" decoding=\"async\" class=\"aligncenter size-full wp-image-35312\" src=\"http:\/\/www.korhanyilmaz.com\/wp-content\/uploads\/2011\/06\/277.jpeg\" alt=\"\" width=\"336\" height=\"223\" \/><\/a><\/p>\n<p style=\"text-align: justify;\">CHP lideri K\u0131l\u0131\u00e7daro\u011flu, &#8216;Yeminleri engellenen milletvekili arkada\u015flar\u0131m\u0131za yemin etme yolu a\u00e7\u0131lmad\u0131k\u00e7a biz CHP milletvekilleri de yemin etmeyece\u011fiz&#8217; dedi. TBMM&#8217;ye giren CHP&#8217;liler yemin etmeye \u00e7\u0131kmad\u0131.<!--more--><\/p>\n<p style=\"text-align: justify;\">K\u0131l\u0131\u00e7daro\u011flu, CHP&#8217;nin bas\u0131na kapal\u0131 grup toplant\u0131s\u0131ndan sonra yapt\u0131\u011f\u0131 a\u00e7\u0131klamada, \u201chalk\u0131n se\u00e7ti\u011fi milletvekillerinin yemin etmesine izin vermeyen, antidemokratik ve hukuk d\u0131\u015f\u0131 uygulamalar\u0131n par\u00e7as\u0131 olmayacaklar\u0131n\u0131\u201d ifade etti. K\u0131l\u0131\u00e7daro\u011flu, \u201cBu anlay\u0131\u015f, ilke ve demokrasi inanc\u0131yla yeminleri engellenen milletvekili arkada\u015flar\u0131m\u0131za yemin etme yolu a\u00e7\u0131lmad\u0131k\u00e7a, biz CHP milletvekilleri de yemin etmeyece\u011fiz\u201d dedi. Grup toplant\u0131s\u0131n\u0131n ard\u0131ndan bir gazetecinin sorusu \u00fczerine ise K\u0131l\u0131\u00e7daro\u011flu, Genel Kurula gireceklerini, ancak yemin etmeyeceklerini s\u00f6yledi.<\/p>\n<p style=\"text-align: justify;\">K\u0131l\u0131\u00e7daro\u011flu, \u0130zmir Milletvekili Mustafa Balbay ile Zonguldak Milletvekili Mehmet Haberal&#8217;\u0131n tahliye taleplerinin reddinin de\u011ferlendirildi\u011fi, partisinin grup toplant\u0131s\u0131ndan sonra a\u00e7\u0131klamalarda bulundu. 24. D\u00f6nem&#8217;in bas\u0131na kapal\u0131 ger\u00e7ekle\u015fen ilk grup toplant\u0131s\u0131ndan sonra k\u00fcrs\u00fcden k\u0131sa bir a\u00e7\u0131klama yapan K\u0131l\u0131\u00e7daro\u011flu, bu sabah MYK \u00fcyeleriyle bir araya geldi\u011fini an\u0131msatt\u0131. Daha sonra Meclis Grubunun topland\u0131\u011f\u0131n\u0131 ifade eden K\u0131l\u0131\u00e7daro\u011flu, MYK ve Meclis Grubunun, hukukun \u00fcst\u00fcnl\u00fc\u011f\u00fc, demokrasi ve insan haklar\u0131n\u0131 koruma, savunma kararl\u0131l\u0131\u011f\u0131n\u0131 bir kez daha ortaya koydu\u011funu s\u00f6yledi. K\u0131l\u0131\u00e7daro\u011flu, s\u00f6zlerini \u015f\u00f6yle s\u00fcrd\u00fcrd\u00fc:<\/p>\n<p style=\"text-align: justify;\">\u201cPartimiz, 2002&#8217;de nas\u0131l demokrasinin, millet iradesinin, se\u00e7me ve se\u00e7ilme hakk\u0131n\u0131n savunucusu olarak, hakk\u0131nda kesin yarg\u0131 karar\u0131 bulundu\u011fu i\u00e7in milletvekili olamayacak Say\u0131n Recep Tayyip Erdo\u011fan&#8217;\u0131n milletvekili ve ba\u015fbakan olmas\u0131n\u0131 sa\u011flayan yasal d\u00fczenlemelere destek verdi, katk\u0131 sa\u011flad\u0131ysa bug\u00fcn de ayn\u0131 anlay\u0131\u015fla, milletvekili se\u00e7ilen ve haklar\u0131nda hi\u00e7bir mahkumiyet karar\u0131 bulunmayan arkada\u015flar\u0131m\u0131z\u0131n yemin etmelerini, bizlerle ayn\u0131 s\u0131ralara oturmalar\u0131n\u0131 ve yasama g\u00f6revine kat\u0131lmalar\u0131n\u0131 istiyoruz.<\/p>\n<p style=\"text-align: justify;\">Alt\u0131n\u0131 \u00e7izerek, \u00f6zellikle belirtmek istiyorum ki; CHP olarak biz, milletvekili se\u00e7ilmi\u015f hi\u00e7bir arkada\u015f\u0131m\u0131z i\u00e7in ek bir ayr\u0131cal\u0131k veya dokunulmazl\u0131k istemiyoruz. Yarg\u0131lanmas\u0131nlar da demiyoruz, af talebimiz de s\u00f6z konusu de\u011fil. Biz, mahkum olmam\u0131\u015f, se\u00e7ilme engeli bulunmayan, savc\u0131l\u0131klarda, YSK&#8217;dan milletvekili olabilir diye belge alm\u0131\u015f, analar\u0131n\u0131n ak s\u00fct\u00fc gibi temiz oylarla se\u00e7ilmi\u015f, milletvekillikleri YSK taraf\u0131ndan onaylanm\u0131\u015f ve mazbatalar\u0131n\u0131 alm\u0131\u015f b\u00fct\u00fcn arkada\u015flar\u0131m\u0131z\u0131n yemin etme hakk\u0131n\u0131n gasbedilmesine kar\u015f\u0131 \u00e7\u0131k\u0131yoruz.\u201d<\/p>\n<p style=\"text-align: center;\"><a href=\"http:\/\/www.korhanyilmaz.com\/wp-content\/uploads\/2011\/06\/278.jpeg\"  class=\"lightview\"><img loading=\"lazy\" decoding=\"async\" class=\"aligncenter size-full wp-image-35313\" src=\"http:\/\/www.korhanyilmaz.com\/wp-content\/uploads\/2011\/06\/278.jpeg\" alt=\"\" width=\"400\" height=\"267\" \/><\/a><\/p>\n<p style=\"text-align: justify;\"><strong>\u201cERDO\u011eAN&#8217;A BA\u015eBAKANLIK YOLUNU A\u00c7AN&#8230;\u201d<\/strong><\/p>\n<p style=\"text-align: justify;\">Bu duru\u015flar\u0131n\u0131n, se\u00e7mene ve onun oyuna, milli iradeye duyduklar\u0131 sayg\u0131n\u0131n gere\u011fi oldu\u011funu ifade eden K\u0131l\u0131\u00e7daro\u011flu, \u00f6n\u00fcne geleni \u00fc\u00e7 sat\u0131rl\u0131k bir gerek\u00e7eyle tutuklayan ancak tahliye etmemek i\u00e7in 9 sayfa gerek\u00e7e yazan yarg\u0131 anlay\u0131\u015f\u0131na \u201chay\u0131r\u201d dediklerini belirtti. K\u0131l\u0131\u00e7daro\u011flu, hi\u00e7 kimsenin masumiyet karinesi d\u0131\u015f\u0131nda d\u00fc\u015f\u00fcn\u00fclmemesini, adil yarg\u0131lanma hakk\u0131n\u0131n ihlal edilmemesini istediklerini belirterek, \u015f\u00f6yle devam etti:<\/p>\n<p style=\"text-align: justify;\">\u201c\u00d6te yandan yak\u0131n bir ge\u00e7mi\u015fte, demokrasi inanc\u0131m\u0131z, milli iradeye sayg\u0131m\u0131z nedeniyle hi\u00e7bir AKP y\u00f6neticisine veya AKP&#8217;liye, &#8216;ba\u015fka bir aday bulamad\u0131n\u0131z m\u0131&#8217; diye sormadan, Say\u0131n Erdo\u011fan&#8217;a milletvekilli\u011fi ve ba\u015fbakanl\u0131k yolunu a\u00e7an partinin y\u00f6neticileri ve milletvekilleri olarak, \u015fimdi &#8216;ba\u015fka aday bulamad\u0131n\u0131z m\u0131&#8217; diye soran Ba\u015fbakan&#8217;a soruyoruz; hangi Erdo\u011fan konu\u015fuyor? Milli iradeyi ve \u00f6zg\u00fcrl\u00fc\u011f\u00fc savunan Erdo\u011fan m\u0131 yoksa milli iradeye kar\u015f\u0131 \u00e7\u0131kan Erdo\u011fan m\u0131?<\/p>\n<p style=\"text-align: justify;\">CHP, sadece kendi arkada\u015flar\u0131na de\u011fil, her ko\u015fulda milli iradeye ve demokrasiye sayg\u0131s\u0131n\u0131n gere\u011fi olarak ayn\u0131 durumdaki di\u011fer milletvekillerine kar\u015f\u0131 yap\u0131lan haks\u0131zl\u0131\u011fa, hukuksuzlu\u011fa da kar\u015f\u0131d\u0131r, kar\u015f\u0131 olmay\u0131 da s\u00fcrd\u00fcrecektir. Ba\u015fbakan&#8217;dan temel fark\u0131m\u0131z da budur. Hi\u00e7 ku\u015fku yoktur ki, ba\u015fkanl\u0131\u011f\u0131n\u0131 Adalet Bakan\u0131&#8217;n\u0131n yapt\u0131\u011f\u0131 HSYK&#8217;n\u0131n atad\u0131\u011f\u0131 ki\u015filerin da\u011f\u0131tt\u0131\u011f\u0131 adalet, adalet de\u011fildir.<\/p>\n<p style=\"text-align: justify;\">Kararlar\u0131n\u0131 hukukun evrensel ilkelerine ya da Anayasa&#8217;ya g\u00f6re de\u011fil de iktidar mensuplar\u0131n\u0131n \u00e7\u0131kar ve isteklerine g\u00f6re veren yarg\u0131\u00e7lar\u0131n g\u00f6rev yapt\u0131\u011f\u0131 \u00fclkede, demokrasiden s\u00f6z edilemez. Demokrasiyi, cumhuriyeti, insan haklar\u0131n\u0131 savunmay\u0131 ve korumay\u0131 ilke edinmi\u015f CHP milletvekilleri olarak, halk\u0131n se\u00e7ti\u011fi milletvekillerinin yemin etmesine izin vermeyen anti demokratik ve hukuk d\u0131\u015f\u0131 uygulamalar\u0131n par\u00e7as\u0131 olmayaca\u011f\u0131z, olamay\u0131z da. Bu anlay\u0131\u015f, ilke ve demokrasi inanc\u0131yla yeminleri engellenen milletvekili arkada\u015flar\u0131m\u0131za yemin etme yolu a\u00e7\u0131lmad\u0131k\u00e7a biz CHP milletvekilleri de yemin etmeyece\u011fiz.\u201d<\/p>\n<p style=\"text-align: justify;\">K\u0131l\u0131\u00e7daro\u011flu&#8217;nun, bu son s\u00f6z\u00fc milletvekilleri taraf\u0131ndan uzun s\u00fcre ayakta alk\u0131\u015fland\u0131.<\/p>\n<p style=\"text-align: justify;\"><strong>\u201cSORUMLULU\u011eA DAVET\u201d<\/strong><\/p>\n<p style=\"text-align: justify;\">\u201cHer platformda, sivil diktaya gidi\u015fle ve bu gidi\u015fin asli sorumlusu olan iktidar partisi ile kararl\u0131l\u0131kla m\u00fccadele edeceklerini\u201d belirten K\u0131l\u0131\u00e7daro\u011flu, herkesi bir daha sorumlu davranmaya davet etti. K\u0131l\u0131\u00e7daro\u011flu, s\u00f6zlerini, \u201cGrubumuzun bu anlamda onurlu ve sayg\u0131n karar\u0131n\u0131 bilgilerinize sunuyorum\u201d diyerek tamamlad\u0131. K\u0131l\u0131\u00e7daro\u011flu, grup toplant\u0131s\u0131n\u0131n ard\u0131ndan bir gazetecinin sorusu \u00fczerine, Genel Kurula gireceklerini ancak yemin etmeyeceklerini s\u00f6yledi.<\/p>\n<p style=\"text-align: justify;\"><strong>KILI\u00c7DARO\u011eLU VE BALBAY&#8217;A ALKI\u015e<\/strong><\/p>\n<p style=\"text-align: justify;\">Meclis&#8217;e gelen ancak yemin etmeyen CHP&#8217;de ismi okunan vekiller s\u0131ras\u0131nda sessizlik olurken, Genel Ba\u015fkan Kemal K\u0131l\u0131\u00e7daro\u011flu&#8217;nun ismi okundu\u011funda partililer alk\u0131\u015flad\u0131. Tutuklu \u0130zmir Milletvekili Mustafa Balbay&#8217;\u0131n ismi okundu\u011funda da uzun uzun alk\u0131\u015fland\u0131.<\/p>\n<p style=\"text-align: justify;\"><strong>&#8216;S\u0130VAS\u2019I UNUTMAMAK VE UNUTTURMAMAK \u0130\u00c7\u0130N&#8217;<\/strong><\/p>\n<p style=\"text-align: justify;\">CHP \u0130stanbul Milletvekili, sanat\u00e7\u0131 Sebahat Akkiraz, TBMM Genel Kurulu\u2019na, siyah kurdele takarak girdi. Akkiraz, kuliste gazetecilerle yapt\u0131\u011f\u0131 sohbette, siyah kurdele takmas\u0131n\u0131n gerek\u00e7esini anlatt\u0131. Akkiraz, 1993&#8217;de meydana gelen Sivas olaylar\u0131n\u0131n y\u0131l d\u00f6n\u00fcm\u00fcn\u00fcn yakla\u015ft\u0131\u011f\u0131n\u0131 an\u0131msatarak, Sivas olaylar\u0131n\u0131 unutmamak ve unutturmamak i\u00e7in siyah kurdeleyle Meclis\u2019e geldi\u011fini s\u00f6yledi.<\/p>\n<p style=\"text-align: justify;\"><strong>GENELKURMAY KATILMADI<\/strong><\/p>\n<p style=\"text-align: justify;\">T\u00f6reni Cumhurba\u015fkan\u0131 G\u00fcl&#8217;\u00fcn yan\u0131 s\u0131ra Anayasa Mahkemesi Ba\u015fkan\u0131 Ha\u015fim K\u0131l\u0131\u00e7, Yarg\u0131tay Ba\u015fkan\u0131 Naz\u0131m Kaynak, Dan\u0131\u015ftay Ba\u015fkan\u0131 H\u00fcseyin Karakulluk\u00e7u, Say\u0131\u015ftay Ba\u015fkan\u0131 Recai Akyel, Ba\u015fbakanl\u0131k M\u00fcste\u015far\u0131 Efkan Ala, baz\u0131 eski milletvekilleri, b\u00fcrokratlar ve yabanc\u0131 misyon temsilcileri de izledi. Genelkurmay Ba\u015fkan\u0131 Orgeneral I\u015f\u0131k Ko\u015faner ve kuvvet komutanlar\u0131 ise t\u00f6reni izlemeye gelmedi.<\/p>\n<p style=\"text-align: justify;\">Yemin t\u00f6renine bas\u0131n ve izleyiciler b\u00fcy\u00fck ilgi g\u00f6sterdi. \u00c7ok say\u0131da televizyon kanal\u0131, bah\u00e7ede kendilerine ayr\u0131lan yerlerde canl\u0131 yay\u0131nla geli\u015fmeleri aktar\u0131rken, Meclis&#8217;te renkli g\u00f6r\u00fcnt\u00fcler olu\u015fturdu. \u0130zleyiciler, davetiye ve il s\u0131ras\u0131na g\u00f6re Genel Kurul locas\u0131na al\u0131nd\u0131. Yak\u0131nlar\u0131 olan milletvekillerinin yemin etmesini alk\u0131\u015flarla kar\u015f\u0131layan baz\u0131 izleyiciler, Ek\u015fi taraf\u0131ndan uyar\u0131ld\u0131.<\/p>\n<p style=\"text-align: justify;\"><a href=\"http:\/\/www.radikal.com.tr\/Radikal.aspx?aType=RadikalDetayV3&amp;ArticleID=1054382&amp;Date=29.06.2011&amp;CategoryID=78\" target=\"_blank\">Kaynak : Radikal<\/a><\/p>\n","protected":false},"excerpt":{"rendered":"<p style=\"text-align: center;\">\n<p style=\"text-align: justify;\">CHP lideri K\u0131l\u0131\u00e7daro\u011flu, &#8216;Yeminleri engellenen milletvekili arkada\u015flar\u0131m\u0131za yemin etme yolu a\u00e7\u0131lmad\u0131k\u00e7a biz CHP milletvekilleri de yemin etmeyece\u011fiz&#8217; dedi. TBMM&#8217;ye giren CHP&#8217;liler yemin etmeye \u00e7\u0131kmad\u0131.<\/p>\n","protected":false},"author":1,"featured_media":0,"comment_status":"open","ping_status":"closed","sticky":false,"template":"","format":"standard","meta":{"footnotes":""},"categories":[105],"tags":[],"class_list":["post-35311","post","type-post","status-publish","format-standard","hentry","category-gundem","odd"],"_links":{"self":[{"href":"http:\/\/www.korhanyilmaz.com\/index.php?rest_route=\/wp\/v2\/posts\/35311","targetHints":{"allow":["GET"]}}],"collection":[{"href":"http:\/\/www.korhanyilmaz.com\/index.php?rest_route=\/wp\/v2\/posts"}],"about":[{"href":"http:\/\/www.korhanyilmaz.com\/index.php?rest_route=\/wp\/v2\/types\/post"}],"author":[{"embeddable":true,"href":"http:\/\/www.korhanyilmaz.com\/index.php?rest_route=\/wp\/v2\/users\/1"}],"replies":[{"embeddable":true,"href":"http:\/\/www.korhanyilmaz.com\/index.php?rest_route=%2Fwp%2Fv2%2Fcomments&post=35311"}],"version-history":[{"count":0,"href":"http:\/\/www.korhanyilmaz.com\/index.php?rest_route=\/wp\/v2\/posts\/35311\/revisions"}],"wp:attachment":[{"href":"http:\/\/www.korhanyilmaz.com\/index.php?rest_route=%2Fwp%2Fv2%2Fmedia&parent=35311"}],"wp:term":[{"taxonomy":"category","embeddable":true,"href":"http:\/\/www.korhanyilmaz.com\/index.php?rest_route=%2Fwp%2Fv2%2Fcategories&post=35311"},{"taxonomy":"post_tag","embeddable":true,"href":"http:\/\/www.korhanyilmaz.com\/index.php?rest_route=%2Fwp%2Fv2%2Ftags&post=35311"}],"curies":[{"name":"wp","href":"https:\/\/api.w.org\/{rel}","templated":true}]}}