{"id":35289,"date":"2011-06-28T07:23:58","date_gmt":"2011-06-28T04:23:58","guid":{"rendered":"http:\/\/www.korhanyilmaz.com\/?p=35289"},"modified":"2011-07-10T23:27:47","modified_gmt":"2011-07-10T20:27:47","slug":"simavda-49-buyuklugunde-deprem","status":"publish","type":"post","link":"http:\/\/www.korhanyilmaz.com\/?p=35289","title":{"rendered":"Simav&#8217;da 4,9 b\u00fcy\u00fckl\u00fc\u011f\u00fcnde deprem"},"content":{"rendered":"<p style=\"text-align: center;\"><a href=\"http:\/\/www.korhanyilmaz.com\/wp-content\/uploads\/2011\/06\/274.jpeg\"  class=\"lightview\"><img loading=\"lazy\" decoding=\"async\" class=\"aligncenter size-full wp-image-35290\" src=\"http:\/\/www.korhanyilmaz.com\/wp-content\/uploads\/2011\/06\/274.jpeg\" alt=\"\" width=\"320\" height=\"211\" \/><\/a><\/p>\n<p style=\"text-align: justify;\">K\u00fctahya&#8217;n\u0131n Simav il\u00e7esinde, 19 May\u0131s&#8217;taki 5,9 b\u00fcy\u00fckl\u00fc\u011f\u00fcndeki depremin yaralar\u0131 sar\u0131lmaya \u00e7al\u0131\u015f\u0131l\u0131rken, saat 00.13&#8217;te meydana gelen 4,9 b\u00fcy\u00fckl\u00fc\u011f\u00fcndeki sars\u0131nt\u0131, vatanda\u015flar\u0131 tedirgin etti.<\/p>\n<p style=\"text-align: justify;\">K\u00dcTAHYA &#8211; Bo\u011fazi\u00e7i \u00dcniversitesi Kandilli Rasathanesi ve Deprem Ara\u015ft\u0131rma Enstit\u00fcs\u00fc verilerine g\u00f6re, saat 00.13&#8217;te merkez \u00fcss\u00fc Simav il\u00e7esi olan 4,9 b\u00fcy\u00fckl\u00fc\u011f\u00fcnde deprem kaydedildi. Deprem, K\u00fctahya il merkezi ve Tav\u015fanl\u0131, Emet, Hisarc\u0131k, \u015eaphane, Pazarlar, Gediz il\u00e7elerinde de hissedildi. <!--more--><\/p>\n<p style=\"text-align: justify;\">10,4 kilometre derinlikte olu\u015ftu\u011fu belirlenen deprem, Simav&#8217;da \u00f6zellikle \u00e7ad\u0131r kentlerde ya\u015fayan vatanda\u015flar\u0131 tedirgin etti.<\/p>\n<p style=\"text-align: justify;\">Simav ve \u00e7evre il\u00e7elerde az hasarl\u0131 ve hasars\u0131z binalarda kalan vatanda\u015flar ise depremi hissettikten sonra sokaklara \u00e7\u0131kt\u0131. Baz\u0131lar\u0131 tela\u015fla cep telefonlar\u0131yla yak\u0131nlar\u0131ndan haber almaya \u00e7al\u0131\u015f\u0131rken, kimilerinin a\u011flad\u0131\u011f\u0131 g\u00f6zlendi.<\/p>\n<p style=\"text-align: justify;\">Deprem, ilk belirlemelere g\u00f6re, Simav&#8217;da mevcudun d\u0131\u015f\u0131nda herhangi bir hasara yol a\u00e7mad\u0131. 19 May\u0131s&#8217;tan sonraki en b\u00fcy\u00fck art\u00e7\u0131 sars\u0131nt\u0131, 5,0 b\u00fcy\u00fckl\u00fc\u011f\u00fcnde 28 May\u0131s&#8217;ta olu\u015fmu\u015ftu.<\/p>\n<p style=\"text-align: justify;\"><strong>15 DAK\u0130KA ARAYLA \u0130K\u0130NC\u0130 DEPREM<\/strong><\/p>\n<p style=\"text-align: justify;\">Saat 00.13&#8217;te meydana gelen 4,9 b\u00fcy\u00fckl\u00fc\u011f\u00fcndeki depremden 15 dakika sonra 4,4 b\u00fcy\u00fckl\u00fc\u011f\u00fcnde ikinci depremle sars\u0131ld\u0131. Sa\u011flam binalarda ya\u015fayan, ancak depremin ard\u0131ndan pani\u011fe kap\u0131lan vatanda\u015flardan bir b\u00f6l\u00fcm\u00fc, \u00e7ad\u0131rlara d\u00f6nmeye ba\u015flad\u0131.<\/p>\n<p style=\"text-align: justify;\">Bo\u011fazi\u00e7i \u00dcniversitesi Kandilli Rasathanesi ve Deprem Ara\u015ft\u0131rma Enstit\u00fcs\u00fc verilerine g\u00f6re, merkez \u00fcss\u00fc Simav il\u00e7esi olan saat 00.13&#8217;te 4,9 b\u00fcy\u00fckl\u00fc\u011f\u00fcndeki depremin ard\u0131ndan, saat 00.28&#8217;de 4,4 b\u00fcy\u00fckl\u00fc\u011f\u00fcnde ikinci sars\u0131nt\u0131 meydana geldi. S\u00f6z konusu iki deprem, K\u00fctahya ve U\u015fak ile bu illerin baz\u0131 il\u00e7elerinde de hissedildi.<\/p>\n<p style=\"text-align: justify;\">19 May\u0131s&#8217;ta 5,9 b\u00fcy\u00fckl\u00fc\u011f\u00fcndeki depremin ard\u0131ndan halk\u0131n\u0131n tamam\u0131na yak\u0131n\u0131 \u00e7ad\u0131rlara yerle\u015fen 25 bin 200 n\u00fcfuslu Simav&#8217;da, bu iki sars\u0131nt\u0131y\u0131 hisseden vatanda\u015flar tedirgin oldu. \u00c7ad\u0131r ve evlerden \u00e7\u0131kan vatanda\u015flar, sokaklarda bekliyor. Sa\u011flam binalarda kalan vatanda\u015flardan baz\u0131lar\u0131 ise e\u015fyalar\u0131n\u0131 alarak \u00e7ad\u0131rlara d\u00f6nmeye ba\u015flad\u0131.<\/p>\n<p style=\"text-align: justify;\"><strong>\u00c7ADIRKENT\u2019E HEMEN YERLE\u015eMEK M\u00dcMK\u00dcN OLMAZ<\/strong><\/p>\n<p style=\"text-align: justify;\">Evlerinde az hasar olanlar ge\u00e7en 40 g\u00fcnl\u00fck zaman i\u00e7inde evlerine d\u00f6nmeye ba\u015flarken, yakla\u015f\u0131k 10 bin ki\u015fi i\u00e7in kurulan \u00c7ad\u0131rkent\u2019te kalan depremzede say\u0131s\u0131 2 bin 540\u2019a d\u00fc\u015ft\u00fc.<\/p>\n<p style=\"text-align: justify;\">Gece meydana gelen depremin ard\u0131ndan panik halinde evlerini terk eden Simavl\u0131lar, \u00c7ad\u0131rkent\u2019e y\u00f6neldi. Terk edilen \u00e7ad\u0131rlar\u0131n K\u0131z\u0131lay ekipleri taraf\u0131ndan daha \u00f6nceden s\u00f6k\u00fcld\u00fc\u011f\u00fc i\u00e7in \u00c7ad\u0131rkent\u2019e yerle\u015fmelerinin hemen m\u00fcmk\u00fcn olamayaca\u011f\u0131 \u00f6\u011frenildi.<\/p>\n<p style=\"text-align: justify;\"><a href=\"http:\/\/www.radikal.com.tr\/Radikal.aspx?aType=RadikalDetayV3&amp;ArticleID=1054339&amp;Date=28.06.2011&amp;CategoryID=77\" target=\"_blank\">Kaynak : Radikal<\/a><\/p>\n","protected":false},"excerpt":{"rendered":"<p style=\"text-align: center;\">\n<p style=\"text-align: justify;\">K\u00fctahya&#8217;n\u0131n Simav il\u00e7esinde, 19 May\u0131s&#8217;taki 5,9 b\u00fcy\u00fckl\u00fc\u011f\u00fcndeki depremin yaralar\u0131 sar\u0131lmaya \u00e7al\u0131\u015f\u0131l\u0131rken, saat 00.13&#8217;te meydana gelen 4,9 b\u00fcy\u00fckl\u00fc\u011f\u00fcndeki sars\u0131nt\u0131, vatanda\u015flar\u0131 tedirgin etti.<\/p>\n<p style=\"text-align: justify;\">K\u00dcTAHYA &#8211; Bo\u011fazi\u00e7i \u00dcniversitesi Kandilli Rasathanesi ve Deprem Ara\u015ft\u0131rma Enstit\u00fcs\u00fc verilerine g\u00f6re, saat 00.13&#8217;te merkez \u00fcss\u00fc Simav il\u00e7esi olan 4,9 b\u00fcy\u00fckl\u00fc\u011f\u00fcnde deprem kaydedildi. Deprem, K\u00fctahya il merkezi <\/p>\n","protected":false},"author":1,"featured_media":0,"comment_status":"open","ping_status":"closed","sticky":false,"template":"","format":"standard","meta":{"footnotes":""},"categories":[105],"tags":[],"class_list":["post-35289","post","type-post","status-publish","format-standard","hentry","category-gundem","odd"],"_links":{"self":[{"href":"http:\/\/www.korhanyilmaz.com\/index.php?rest_route=\/wp\/v2\/posts\/35289","targetHints":{"allow":["GET"]}}],"collection":[{"href":"http:\/\/www.korhanyilmaz.com\/index.php?rest_route=\/wp\/v2\/posts"}],"about":[{"href":"http:\/\/www.korhanyilmaz.com\/index.php?rest_route=\/wp\/v2\/types\/post"}],"author":[{"embeddable":true,"href":"http:\/\/www.korhanyilmaz.com\/index.php?rest_route=\/wp\/v2\/users\/1"}],"replies":[{"embeddable":true,"href":"http:\/\/www.korhanyilmaz.com\/index.php?rest_route=%2Fwp%2Fv2%2Fcomments&post=35289"}],"version-history":[{"count":0,"href":"http:\/\/www.korhanyilmaz.com\/index.php?rest_route=\/wp\/v2\/posts\/35289\/revisions"}],"wp:attachment":[{"href":"http:\/\/www.korhanyilmaz.com\/index.php?rest_route=%2Fwp%2Fv2%2Fmedia&parent=35289"}],"wp:term":[{"taxonomy":"category","embeddable":true,"href":"http:\/\/www.korhanyilmaz.com\/index.php?rest_route=%2Fwp%2Fv2%2Fcategories&post=35289"},{"taxonomy":"post_tag","embeddable":true,"href":"http:\/\/www.korhanyilmaz.com\/index.php?rest_route=%2Fwp%2Fv2%2Ftags&post=35289"}],"curies":[{"name":"wp","href":"https:\/\/api.w.org\/{rel}","templated":true}]}}