{"id":35283,"date":"2011-06-28T00:13:49","date_gmt":"2011-06-27T21:13:49","guid":{"rendered":"http:\/\/www.korhanyilmaz.com\/?p=35283"},"modified":"2011-07-10T23:00:14","modified_gmt":"2011-07-10T20:00:14","slug":"basbakan-erdogan-baska-aday-mi-bulamadilar","status":"publish","type":"post","link":"http:\/\/www.korhanyilmaz.com\/?p=35283","title":{"rendered":"Ba\u015fbakan Erdo\u011fan: Ba\u015fka aday m\u0131 bulamad\u0131lar?"},"content":{"rendered":"<p style=\"text-align: center;\"><a href=\"http:\/\/www.korhanyilmaz.com\/wp-content\/uploads\/2011\/06\/273.jpeg\"  class=\"lightview\"><img loading=\"lazy\" decoding=\"async\" class=\"aligncenter size-full wp-image-35284\" src=\"http:\/\/www.korhanyilmaz.com\/wp-content\/uploads\/2011\/06\/273.jpeg\" alt=\"\" width=\"320\" height=\"234\" \/><\/a><\/p>\n<p style=\"text-align: justify;\">&#8216;Halk\u0131m\u0131z, bizi parlamento \u00e7al\u0131\u015fmalar\u0131na kat\u0131lmak \u00fczere buraya g\u00f6nderdi. Millet bizden boykot istemiyor&#8217; diten Ba\u015fbakan Erdo\u011fan, Hatip Dicle&#8217;nin aday g\u00f6sterilmesini de ele\u015ftirdi: Ba\u015fka aday m\u0131 bulamad\u0131lar?<\/p>\n<p style=\"text-align: justify;\">Daha \u00f6nce evraklar\u0131n\u0131 g\u00f6ndererek milletvekili kayd\u0131n\u0131 yapt\u0131ran Ba\u015fbakan Erdo\u011fan, d\u00fcn de Genel Kuruldaki oylama ve yoklama i\u015flemleri i\u00e7in parmak izi verdi. TBMM g\u00f6revlileri taraf\u0131ndan \u00e7i\u00e7ekle kar\u015f\u0131lanan Erdo\u011fan&#8217;a, \u00e7ikolata ikram edildi. Meclis personeli ile tek tek tokala\u015fan Erdo\u011fan, daha sonra parmak izi tan\u0131mlamas\u0131 yapt\u0131rd\u0131. Erdo\u011fan, bu s\u0131rada kendisini izleyen gazetecilere, \u201cSe\u00e7im kampanyas\u0131ndan daha zor\u201d diye espri yapt\u0131. <!--more--><\/p>\n<p style=\"text-align: justify;\">Milletvekili rozeti alan Erdo\u011fan&#8217;a, rozetini AK Parti Grup Ba\u015fkanvekili Suat K\u0131l\u0131\u00e7 takt\u0131. Ba\u015fbakan Erdo\u011fan, gazetecilerin sorular\u0131n\u0131 da yan\u0131tlad\u0131. Erdo\u011fan, MGK toplant\u0131s\u0131ndan \u00e7\u0131kt\u0131\u011f\u0131n\u0131, Resmi Konut&#8217;da \u00e7al\u0131\u015fmalar yapaca\u011f\u0131n\u0131, sal\u0131 g\u00fcn\u00fc t\u00f6reni oldu\u011funu, 30 Haziran Per\u015fembe g\u00fcn\u00fc saat 11.00&#8217;de de partisinin grubunu toplayaca\u011f\u0131n\u0131 s\u00f6yledi.<\/p>\n<p style=\"text-align: justify;\">CHP&#8217;nin yemin t\u00f6reninde Meclisi boykot edebilece\u011fi tart\u0131\u015fmalar\u0131n\u0131n an\u0131msat\u0131larak, \u201cSizin Anamuhalefete mesaj\u0131n\u0131z olacak m\u0131?\u201d diye sorulmas\u0131 \u00fczerine Erdo\u011fan, \u015f\u00f6yle konu\u015ftu:<\/p>\n<p style=\"text-align: justify;\">\u201cBizi \u015fu anda halk\u0131m\u0131z, parlamento \u00e7al\u0131\u015fmalar\u0131na kat\u0131lmak \u00fczere buraya g\u00f6nderdi. Biz de her \u015feyin parlamento i\u00e7inde hallolaca\u011f\u0131 inanc\u0131yla yeminlerimizi yapaca\u011f\u0131z, ondan sonra da parlamentoda milletimizin bize verdi\u011fi g\u00f6revi yerine getirece\u011fiz. Yasama organ\u0131 olarak ne gerekiyorsa, burada onu yapman\u0131n gayreti i\u00e7inde olaca\u011f\u0131z. Millet bizden boykot istemiyor, &#8216;git orada benim haklar\u0131m\u0131 savun, benim sorunlar\u0131m\u0131 orada \u00e7\u00f6z&#8217; diyor. Onun i\u00e7in bizim ilk, en \u00f6nemli hedefimiz bu d\u00f6nemde in\u015fallah yeni bir anayasay\u0131 yapma te\u015febb\u00fcs\u00fcnde bulunmakt\u0131r. Meydanlarda hep birlikte bunun s\u00f6z\u00fcn\u00fc verdik. Hep birlikte bunun s\u00f6z\u00fcn\u00fc verenler, gelirler parlamentoda otururuz, konu\u015furuz, nerede bir s\u0131k\u0131nt\u0131, sorun varsa bu sorunlar\u0131 \u00e7\u00f6zmenin gayreti i\u00e7inde oluruz.\u201d<\/p>\n<p style=\"text-align: justify;\"><strong>&#8216;BA\u015eKA ADAY MI BULAMADILAR&#8230;&#8217;<\/strong><\/p>\n<p style=\"text-align: justify;\">Ba\u015fbakan Recep Tayyip Erdo\u011fan, tutuklu milletvekillerine ili\u015fkin de\u011ferlendirmesinde, &#8220;Ba\u015fka aday aday\u0131 m\u0131 bulamad\u0131lar, ba\u015fka aday m\u0131 bulamad\u0131lar da neden bu t\u00fcr s\u0131k\u0131nt\u0131lar\u0131n olaca\u011f\u0131n\u0131 bildikleri insanlar\u0131 aday yapt\u0131lar&#8221; dedi.<\/p>\n<p style=\"text-align: justify;\">Parmak izini kaydettirmek \u00fczere TBMM\u2019ye gelen Erdo\u011fan, gazetecilerin sorular\u0131n\u0131 yan\u0131tlad\u0131.<\/p>\n<p style=\"text-align: justify;\">Erdo\u011fan, &#8220;Gerek Hatip Dicle gerek Silivri\u2019deki milletvekillerinin durumunun \u00e7\u00f6z\u00fclmesi i\u00e7in bir \u00f6neriniz var m\u0131?&#8221; \u015feklindeki soru \u00fczerine, bu konunun hepsinin yarg\u0131 i\u00e7inde y\u00fcr\u00fcd\u00fc\u011f\u00fcn\u00fc s\u00f6yledi.<\/p>\n<p style=\"text-align: justify;\">Hatip Dicle ile ilgili konunun a\u00e7\u0131k ve net bir \u015fekilde ortada oldu\u011funu belirten Erdo\u011fan, \u015f\u00f6yle devam etti:<\/p>\n<p style=\"text-align: justify;\">&#8220;Bu konuda Mart ay\u0131na dayanan bir s\u00fcre\u00e7 var. Mahkumiyet karar\u0131 var. Mahkumiyet karar\u0131 olan\u0131n durumu bellidir. Tutuklu olanlarla ilgili s\u00fcre\u00e7 bellidir. Asl\u0131nda gerek siyasi partiler gerekse burada ba\u011f\u0131ms\u0131z aday olanlar ne olaca\u011f\u0131n\u0131 bile bile bu ad\u0131mlar\u0131 att\u0131lar. Bu ger\u00e7e\u011fi l\u00fctfen g\u00f6zard\u0131 etmeyin.<\/p>\n<p style=\"text-align: justify;\">Bu t\u00fcr s\u0131k\u0131nt\u0131lar\u0131n olabilece\u011fini bilerek bu ad\u0131mlar\u0131 att\u0131lar. Ba\u015fka aday aday\u0131 m\u0131 bulamad\u0131lar, ba\u015fka aday m\u0131 bulamad\u0131lar da neden bu t\u00fcr s\u0131k\u0131nt\u0131lar\u0131n olaca\u011f\u0131n\u0131 bildikleri insanlar\u0131 aday yapt\u0131lar. Bu sorular\u0131 neden sormuyorsunuz?<\/p>\n<p style=\"text-align: justify;\">Hi\u00e7 aday m\u0131 yoktu? S\u0131k\u0131nt\u0131 buradan geliyor. Demek ki buralarda yasalar\u0131 zorlamak suretiyle \u00fclkede yeni yeni gerilimlere zemin haz\u0131rlamakt\u0131.<\/p>\n<p style=\"text-align: justify;\">Bu i\u015fler konu\u015fuldu\u011fu zaman bizler de d\u00fc\u015f\u00fcncelerimizi kanaatlerimizi s\u00f6yledik. \u2019Yanl\u0131\u015f ad\u0131m at\u0131yorsunuz&#8230;\u2019 Bunlar\u0131n hepsini s\u00f6yledik. Ama ne yaz\u0131k ki bunlar\u0131n hi\u00e7 biri yer bulmad\u0131 ve bug\u00fcne gelindi. \u015eu anda da yarg\u0131n\u0131n karar\u0131 ne ise buna herkes sayg\u0131 duyacakt\u0131r.&#8221;<\/p>\n<p style=\"text-align: justify;\">Erdo\u011fan, Meclis \u00e7al\u0131\u015fmalar\u0131n\u0131 tatilde de s\u00fcrd\u00fcrme gibi bir karar olup olmad\u0131\u011f\u0131n\u0131n sorulmas\u0131 \u00fczerine &#8220;Yok. Bu kadar yorucu bir s\u00fcre\u00e7ten sonra b\u0131rak\u0131n da Parlamento da art\u0131k hakk\u0131 olan o tatilini yaps\u0131n. \u00d6yle zannediyorum i\u015flerimiz 15 Temmuzu bulacak&#8221; dedi.<\/p>\n<p style=\"text-align: justify;\">Ba\u015fbakan Erdo\u011fan, yeni kabineyle ilgili soruya da &#8220;Bu, ustal\u0131k d\u00f6neminin kabinesi olacak&#8221; yan\u0131t\u0131n\u0131 verdi.<\/p>\n<p style=\"text-align: justify;\">Erdo\u011fan daha sonra, baz\u0131 Bakan ve grup ba\u015fkanvekilleriyle, Meclis giri\u015finde bulunan bir odada g\u00f6r\u00fc\u015ft\u00fc.<\/p>\n<p style=\"text-align: justify;\"><a href=\"http:\/\/www.radikal.com.tr\/Radikal.aspx?aType=RadikalDetayV3&amp;ArticleID=1054283&amp;Date=28.06.2011&amp;CategoryID=78\" target=\"_blank\">Kaynak : Radikal<\/a><\/p>\n","protected":false},"excerpt":{"rendered":"<p style=\"text-align: center;\">\n<p style=\"text-align: justify;\">&#8216;Halk\u0131m\u0131z, bizi parlamento \u00e7al\u0131\u015fmalar\u0131na kat\u0131lmak \u00fczere buraya g\u00f6nderdi. Millet bizden boykot istemiyor&#8217; diten Ba\u015fbakan Erdo\u011fan, Hatip Dicle&#8217;nin aday g\u00f6sterilmesini de ele\u015ftirdi: Ba\u015fka aday m\u0131 bulamad\u0131lar?<\/p>\n<p style=\"text-align: justify;\">Daha \u00f6nce evraklar\u0131n\u0131 g\u00f6ndererek milletvekili kayd\u0131n\u0131 yapt\u0131ran Ba\u015fbakan Erdo\u011fan, d\u00fcn de Genel Kuruldaki oylama ve yoklama i\u015flemleri i\u00e7in parmak izi verdi. TBMM g\u00f6revlileri <\/p>\n","protected":false},"author":1,"featured_media":0,"comment_status":"open","ping_status":"closed","sticky":false,"template":"","format":"standard","meta":{"footnotes":""},"categories":[105],"tags":[],"class_list":["post-35283","post","type-post","status-publish","format-standard","hentry","category-gundem","odd"],"_links":{"self":[{"href":"http:\/\/www.korhanyilmaz.com\/index.php?rest_route=\/wp\/v2\/posts\/35283","targetHints":{"allow":["GET"]}}],"collection":[{"href":"http:\/\/www.korhanyilmaz.com\/index.php?rest_route=\/wp\/v2\/posts"}],"about":[{"href":"http:\/\/www.korhanyilmaz.com\/index.php?rest_route=\/wp\/v2\/types\/post"}],"author":[{"embeddable":true,"href":"http:\/\/www.korhanyilmaz.com\/index.php?rest_route=\/wp\/v2\/users\/1"}],"replies":[{"embeddable":true,"href":"http:\/\/www.korhanyilmaz.com\/index.php?rest_route=%2Fwp%2Fv2%2Fcomments&post=35283"}],"version-history":[{"count":0,"href":"http:\/\/www.korhanyilmaz.com\/index.php?rest_route=\/wp\/v2\/posts\/35283\/revisions"}],"wp:attachment":[{"href":"http:\/\/www.korhanyilmaz.com\/index.php?rest_route=%2Fwp%2Fv2%2Fmedia&parent=35283"}],"wp:term":[{"taxonomy":"category","embeddable":true,"href":"http:\/\/www.korhanyilmaz.com\/index.php?rest_route=%2Fwp%2Fv2%2Fcategories&post=35283"},{"taxonomy":"post_tag","embeddable":true,"href":"http:\/\/www.korhanyilmaz.com\/index.php?rest_route=%2Fwp%2Fv2%2Ftags&post=35283"}],"curies":[{"name":"wp","href":"https:\/\/api.w.org\/{rel}","templated":true}]}}