{"id":35278,"date":"2011-06-28T07:30:57","date_gmt":"2011-06-28T04:30:57","guid":{"rendered":"http:\/\/www.korhanyilmaz.com\/?p=35278"},"modified":"2011-07-10T23:00:39","modified_gmt":"2011-07-10T20:00:39","slug":"gercekten-cin-aliymis","status":"publish","type":"post","link":"http:\/\/www.korhanyilmaz.com\/?p=35278","title":{"rendered":"Ger\u00e7ekten &#8216;Cin Ali&#8217;ymi\u015f"},"content":{"rendered":"<p style=\"text-align: center;\"><a href=\"http:\/\/www.korhanyilmaz.com\/wp-content\/uploads\/2011\/06\/271.jpeg\"  class=\"lightview\"><img loading=\"lazy\" decoding=\"async\" class=\"aligncenter size-full wp-image-35279\" src=\"http:\/\/www.korhanyilmaz.com\/wp-content\/uploads\/2011\/06\/271.jpeg\" alt=\"\" width=\"320\" height=\"212\" \/><\/a><\/p>\n<p style=\"text-align: justify;\">Y\u00d6K Genel Kurulu \u00d6SYM Ba\u015fkan\u0131 Ali Demir hakk\u0131nda istifa edece\u011fi i\u00e7in soru\u015fturma izni vermedi. Ama &#8216;Cin Ali&#8217; lakapl\u0131 Demir istifa etmedi.<\/p>\n<p style=\"text-align: justify;\">YGS\u2019de ya\u015fanan skandallarla ilgili \u00d6SYM Ba\u015fkan\u0131 Ali Demir\u2019e en \u00e7ok destek veren isimlerden biri olan Y\u00d6K Ba\u015fkan\u0131 Prof. Dr. Yusuf Ziya \u00d6zcan da Demir ile k\u00f6pr\u00fcleri att\u0131. Bir ay \u00f6nce Radikal\u2019e verdi\u011fi r\u00f6portajda \u201c\u00d6SYM Ba\u015fkan\u0131\u2019n\u0131n istifas\u0131na gerek yok. Ben de olsam istifa etmezdim\u201d diyen \u00d6zcan, d\u00fcn Cumhuriyet gazetesine verdi\u011fi deme\u00e7te \u201cBen olsam \u00e7oktan istifa ederdim\u201d diyerek Demir ile ilgili d\u00fc\u015f\u00fcncelerinin tamamen de\u011fi\u015fti\u011fini net olarak g\u00f6sterdi. \u00d6zcan, yine d\u00fcn bir ad\u0131m daha atarak Anadolu Ajans\u0131\u2019na konu\u015ftu ve Demir\u2019e somut olarak \u2018git\u2019 dedi. <!--more--><\/p>\n<p style=\"text-align: justify;\"><strong>Denklik ipleri kopard\u0131<\/strong><\/p>\n<p style=\"text-align: justify;\">Asl\u0131nda \u00d6zcan ile Demir aras\u0131ndaki ipler, \u00fc\u00e7 hafta \u00f6nce yap\u0131lan t\u0131pta denklik s\u0131nav\u0131ndaki skandalla kopmu\u015ftu. Bu s\u0131navdaki sorular\u0131n \u00e7o\u011funun, ge\u00e7en y\u0131lki sorular ile ayn\u0131 \u00e7\u0131kmas\u0131 barda\u011f\u0131 ta\u015f\u0131rd\u0131. Bu skandal\u0131n ortaya \u00e7\u0131kmas\u0131 \u00fczerine \u00d6zcan, \u00d6SYM\u2019den \u00f6nce bir a\u00e7\u0131klama yaparak s\u0131nav\u0131n iptal edilece\u011fini s\u00f6yledi. \u00d6zcan en son \u00e7\u0131k\u0131\u015f\u0131n\u0131 iki hafta \u00f6nce Lisans Yerle\u015ftirme S\u0131nav\u0131 (LYS) \u00f6ncesi yapt\u0131. H\u00fcrriyet gazetesine verdi\u011fi r\u00f6portajda bu s\u0131nav\u0131n g\u00fcvenli\u011finden endi\u015fe duydu\u011funu a\u00e7\u0131klad\u0131. \u00d6zcan\u2019dan hemen sonra bir a\u00e7\u0131klama yapan Ali Demir, s\u0131nav g\u00fcvenli\u011fi ile ilgili kayg\u0131lar\u0131n yersiz oldu\u011funu s\u00f6yleyerek \u00d6zcan\u2019\u0131 yalanlad\u0131.<\/p>\n<p style=\"text-align: justify;\"><strong>Y\u00fcksek gerilim<\/strong><\/p>\n<p style=\"text-align: justify;\">\u00d6zcan ile Demir aras\u0131nda bas\u0131n a\u00e7\u0131klamalar\u0131 \u00fczerinden ya\u015fanan y\u00fcksek gerilim devam ederken g\u00f6zler, ge\u00e7en hafta yap\u0131lan Y\u00d6K Genel Kurulu\u2019na \u00e7evrildi. \u00c7\u00fcnk\u00fc bu kurulun alaca\u011f\u0131 kararlar Ali Demir i\u00e7in hayati \u00f6nem ta\u015f\u0131yordu. Kurulun \u00f6n\u00fcnde Ankara Ba\u015fsavc\u0131l\u0131\u011f\u0131\u2019n\u0131n Demir hakk\u0131nda istedi\u011fi soru\u015fturma izin yaz\u0131s\u0131 duruyordu. Kurul e\u011fer Demir i\u00e7in soru\u015fturma izni verirse yeni bir s\u00fcre\u00e7 ba\u015flayacakt\u0131. Ancak beklentilerin tersine kurul, Demir i\u00e7in adli ve idari soru\u015fturmaya gerek g\u00f6rmedi. Y\u00d6K \u00fcyelerinden olu\u015fan komisyonun raporunda teklif edilen ceza soru\u015fturmas\u0131 ile disiplin soru\u015fturmas\u0131 a\u00e7\u0131lmas\u0131 konusunun oyland\u0131\u011f\u0131 toplant\u0131da \u00d6zcan, Ali Demir i\u00e7in ceza soru\u015fturmas\u0131na \u201chay\u0131r\u201d, disiplin soru\u015fturmas\u0131na \u201cevet\u201d y\u00f6n\u00fcnde oy kulland\u0131. Ancak yine \u00d6zcan\u2019\u0131n d\u00fcnk\u00fc a\u00e7\u0131klamalar\u0131ndan \u00f6\u011freniyoruz ki 8\u2019e 10 oyla kurul, Demir\u2019in soru\u015fturulmas\u0131 talebini reddetti. Kurul \u00fcyelerinin bu karar\u0131nda Demir\u2019in LYS\u2019den sonra istifa edece\u011fi bilgisi etkili olmu\u015ftu. B\u00f6ylece s\u0131navlar\u0131 g\u00fcvenli bir \u015fekilde bitirip, emanete zarar vermeden ehline teslim edecekti. Hem \u015faibeler kalkacak hem de huzur i\u00e7inde g\u00f6revine veda edecekti.<\/p>\n<p style=\"text-align: justify;\">Ancak geli\u015fmeler beklendi\u011fi gibi y\u00fcr\u00fcmedi. 25 Haziran 2011 tarihinde saat 17.00\u2019de istifas\u0131n\u0131 Y\u00d6K\u2019e sunmas\u0131 gereken Demir, saatler ge\u00e7mesine ra\u011fmen Y\u00d6K\u2019e gelmedi. \u00c7\u00fcnk\u00fc beklenti Demir\u2019in, 27 Haziran 2011\u2019den ge\u00e7erli olmak \u00fczere Y\u00d6K Genel Kurulu\u2019na istifas\u0131n\u0131 sunmas\u0131yd\u0131. Y\u00d6K ile \u00d6SYM ba\u015fkanlar\u0131 aras\u0131ndaki ipler art\u0131k kopmu\u015ftu. Hafta sonu ikili aras\u0131nda s\u0131cak bir temas da olmad\u0131. Y\u00d6K Ba\u015fkan\u0131 \u00d6zcan, bug\u00fcne kadar korudu\u011fu Demir\u2019e daha fazla sahip \u00e7\u0131kamazd\u0131. \u00d6yle de oldu. \u201cE\u011fer iyi bir idareci olsayd\u0131 bunlar\u0131n hi\u00e7biri ya\u015fanmazd\u0131. Bu kadar aksakl\u0131k benim kurumumda ya\u015fanm\u0131\u015f olsa bug\u00fcne kadar beklemezdim, \u00e7oktan istifa ederdim. S\u0131nav d\u00f6neminin sa\u011fl\u0131kl\u0131 bitmesi i\u00e7in yapmam\u0131\u015f olabilir\u201d diyen \u00d6zcan, a\u00e7\u0131k\u00e7a Ali Demir i\u00e7in s\u00fcrenin doldu\u011funu ve art\u0131k istifa etmesi gerekti\u011fini s\u00f6yl\u00fcyordu.<\/p>\n<p style=\"text-align: justify;\">Cumhur ba\u015fkan\u0131, Ba\u015fbakan ve neredeyse kabinenin b\u00fct\u00fcn bakanlar\u0131 Ali Demir\u2019in i\u015fini iyi yapamad\u0131\u011f\u0131 konusunda hemfikirdi. Y\u00d6K Genel Kurulu\u2019nun \u00fcyelerinin \u00e7o\u011fu da ayn\u0131 kanaatteydi. Ancak Ali Demir\u2019in gitmeye pek istekli olmad\u0131\u011f\u0131 anla\u015f\u0131l\u0131yordu. En az\u0131ndan LYS sonu\u00e7lar\u0131 a\u00e7\u0131klan\u0131ncaya kadar o koltukta oturma niyetini a\u00e7\u0131k olarak g\u00f6sterdi. Demir\u2019in bu oyalama takti\u011finden iyice rahats\u0131z olan \u00d6zcan, \u00f6\u011fle saatlerinde bir hamle daha yapt\u0131. \u00d6SYM\u2019nin LYS sonu\u00e7lar\u0131n\u0131 15-20 g\u00fcn i\u00e7erisinde a\u00e7\u0131klayaca\u011f\u0131n\u0131 belirterek Demir\u2019in alan\u0131n\u0131 iyice daraltt\u0131. \u00d6zcan\u2019\u0131n kararl\u0131 a\u00e7\u0131klamalar\u0131na bak\u0131l\u0131rsa Demir i\u00e7in geri say\u0131m ba\u015flad\u0131. 20 g\u00fcn sonra gidici gibi&#8230;<\/p>\n<p style=\"text-align: justify;\"><strong>Demir\u2019in zay\u0131f dolu karnesi!<\/strong><\/p>\n<p style=\"text-align: justify;\">27 Mart 2011: YGS\u2019de ya\u015fan\u0131lan \u015fifre skandal\u0131.<\/p>\n<p style=\"text-align: justify;\">27 Mart 2011: YGS soru kitap\u00e7\u0131klar\u0131nda Fen Bilimleri Testi olmayan kitap\u00e7\u0131klar 8 cezaevine da\u011f\u0131t\u0131ld\u0131.<\/p>\n<p style=\"text-align: justify;\">24 Nisan 2011: ALES\u2019e giren 500 adaya eksik kitap\u00e7\u0131k verildi.<\/p>\n<p style=\"text-align: justify;\">30 Nisan 2011: YGS\u2019ye giren mahk\u00fbm adaylara yeni s\u0131nav d\u00fczenlendi.<\/p>\n<p style=\"text-align: justify;\">30 Nisan 2011: ALES\u2019te eksik kitap\u00e7\u0131ktan ma\u011fdur olan adaylar i\u00e7in s\u0131nav yeniden d\u00fczenlendi.<\/p>\n<p style=\"text-align: justify;\">29 May\u0131s 2011: STS 2011 s\u0131nav sorular\u0131 ge\u00e7en y\u0131lki sorularla ayn\u0131 \u00e7\u0131kt\u0131. S\u0131nav iptal edildi, 3 Temmuz\u2019da yeniden yap\u0131lacak.<\/p>\n<p style=\"text-align: justify;\">7 Haziran 2011: YGS\u2019ye giren Diyarbak\u0131r\u2019dan 4 \u00f6\u011frencinin cevap k\u00e2\u011f\u0131tlar\u0131n\u0131n kay\u0131p oldu\u011fu ortaya \u00e7\u0131kt\u0131. Bu 4 \u00f6\u011frenci i\u00e7in bug\u00fcn \u2018\u00f6zel YGS\u2019 yap\u0131lacak.<\/p>\n<p style=\"text-align: justify;\"><a href=\"http:\/\/www.radikal.com.tr\/Radikal.aspx?aType=RadikalDetayV3&amp;ArticleID=1054340&amp;Date=28.06.2011&amp;CategoryID=77\" target=\"_blank\">Kaynak : Radikal<\/a><\/p>\n","protected":false},"excerpt":{"rendered":"<p style=\"text-align: center;\">\n<p style=\"text-align: justify;\">Y\u00d6K Genel Kurulu \u00d6SYM Ba\u015fkan\u0131 Ali Demir hakk\u0131nda istifa edece\u011fi i\u00e7in soru\u015fturma izni vermedi. Ama &#8216;Cin Ali&#8217; lakapl\u0131 Demir istifa etmedi.<\/p>\n<p style=\"text-align: justify;\">YGS\u2019de ya\u015fanan skandallarla ilgili \u00d6SYM Ba\u015fkan\u0131 Ali Demir\u2019e en \u00e7ok destek veren isimlerden biri olan Y\u00d6K Ba\u015fkan\u0131 Prof. Dr. Yusuf Ziya \u00d6zcan da Demir ile k\u00f6pr\u00fcleri att\u0131. <\/p>\n","protected":false},"author":1,"featured_media":0,"comment_status":"open","ping_status":"closed","sticky":false,"template":"","format":"standard","meta":{"footnotes":""},"categories":[105],"tags":[],"class_list":["post-35278","post","type-post","status-publish","format-standard","hentry","category-gundem","odd"],"_links":{"self":[{"href":"http:\/\/www.korhanyilmaz.com\/index.php?rest_route=\/wp\/v2\/posts\/35278","targetHints":{"allow":["GET"]}}],"collection":[{"href":"http:\/\/www.korhanyilmaz.com\/index.php?rest_route=\/wp\/v2\/posts"}],"about":[{"href":"http:\/\/www.korhanyilmaz.com\/index.php?rest_route=\/wp\/v2\/types\/post"}],"author":[{"embeddable":true,"href":"http:\/\/www.korhanyilmaz.com\/index.php?rest_route=\/wp\/v2\/users\/1"}],"replies":[{"embeddable":true,"href":"http:\/\/www.korhanyilmaz.com\/index.php?rest_route=%2Fwp%2Fv2%2Fcomments&post=35278"}],"version-history":[{"count":0,"href":"http:\/\/www.korhanyilmaz.com\/index.php?rest_route=\/wp\/v2\/posts\/35278\/revisions"}],"wp:attachment":[{"href":"http:\/\/www.korhanyilmaz.com\/index.php?rest_route=%2Fwp%2Fv2%2Fmedia&parent=35278"}],"wp:term":[{"taxonomy":"category","embeddable":true,"href":"http:\/\/www.korhanyilmaz.com\/index.php?rest_route=%2Fwp%2Fv2%2Fcategories&post=35278"},{"taxonomy":"post_tag","embeddable":true,"href":"http:\/\/www.korhanyilmaz.com\/index.php?rest_route=%2Fwp%2Fv2%2Ftags&post=35278"}],"curies":[{"name":"wp","href":"https:\/\/api.w.org\/{rel}","templated":true}]}}