{"id":35273,"date":"2011-06-27T18:55:21","date_gmt":"2011-06-27T15:55:21","guid":{"rendered":"http:\/\/www.korhanyilmaz.com\/?p=35273"},"modified":"2011-07-11T12:25:25","modified_gmt":"2011-07-11T09:25:25","slug":"diyarbakirdan-dicle-harekati","status":"publish","type":"post","link":"http:\/\/www.korhanyilmaz.com\/?p=35273","title":{"rendered":"Diyarbak\u0131r&#8217;dan Dicle harekat\u0131!"},"content":{"rendered":"<p style=\"text-align: center;\"><a href=\"http:\/\/www.korhanyilmaz.com\/wp-content\/uploads\/2011\/06\/269.jpg\"  class=\"lightview\"><img loading=\"lazy\" decoding=\"async\" class=\"aligncenter size-full wp-image-35274\" src=\"http:\/\/www.korhanyilmaz.com\/wp-content\/uploads\/2011\/06\/269.jpg\" alt=\"\" width=\"421\" height=\"191\" \/><\/a><\/p>\n<p style=\"text-align: justify;\">133 STK&#8217;dan, &#8216;m\u00fczakere ve demokratik y\u00f6ntemlerle \u00e7\u00f6z\u00fcm&#8217; a\u00e7\u0131klamas\u0131 gelirken, olu\u015fturulan 15 ki\u015filik heyet \u00e7\u00f6z\u00fcm i\u00e7in ilgililerle diyalog kurmaya \u00e7al\u0131\u015facak.<\/p>\n<p style=\"text-align: justify;\">D\u0130YARBAKIR &#8211; Diyarbak\u0131r&#8217;da bulunan 133 Sivil Toplum Kurulu\u015fu, milletvekilli\u011fi d\u00fc\u015f\u00fcr\u00fclen Hatip Dicle ile ilgili ortak a\u00e7\u0131klama yapt\u0131.<\/p>\n<p style=\"text-align: justify;\">A\u00e7\u0131klamada, &#8221;sorunlar\u0131n, siyasi zeminlerde m\u00fczakere edilmesi ve demokratik y\u00f6ntemlerle \u00e7\u00f6z\u00fcme kavu\u015fturulmas\u0131&#8221; g\u00f6r\u00fc\u015f\u00fc payla\u015f\u0131ld\u0131. <!--more--><\/p>\n<p style=\"text-align: justify;\">Yakla\u015f\u0131k 15 ki\u015filik bir heyet olu\u015fturuldu\u011fu ve bu heyetin bug\u00fcnden itibaren ba\u015fta Cumhurba\u015fkan\u0131 ve Ba\u015fbakan olmak \u00fczere b\u00fct\u00fcn ilgili kurumlarla diyalo\u011fa girmeye \u00e7al\u0131\u015f\u0131laca\u011f\u0131 belirtildi.<\/p>\n<p style=\"text-align: justify;\">133 sivil toplum kurulu\u015fu ad\u0131na yaz\u0131l\u0131 a\u00e7\u0131klamay\u0131, Diyarbak\u0131r Baro Ba\u015fkan\u0131 Avukat Mehmet Emin Aktar okudu.<\/p>\n<p style=\"text-align: justify;\">YSK&#8217;n\u0131n se\u00e7im s\u00fcrecinde \u00e7eli\u015fkili kararlar verdi\u011fi ve bunun da siyasi gerilimin artmas\u0131na yol a\u00e7t\u0131\u011f\u0131 kaydedildi.<\/p>\n<p style=\"text-align: justify;\">Aktar, milletvekillerinin tutukluluklar\u0131n\u0131n devam ettirilmesinin gerilimi k\u00f6r\u00fckledi\u011fini, hi\u00e7bir makam\u0131n, halk\u0131n iradesini yok saymaya, bir temsil krizi \u00e7\u0131karmaya ve yeni se\u00e7ilmi\u015f parlamentonun demokratik me\u015fruiyetine g\u00f6lge d\u00fc\u015f\u00fcrmeye hakk\u0131 olmad\u0131\u011f\u0131n\u0131 belirterek, herkesin Diyarbak\u0131r halk\u0131n\u0131n iradesine sayg\u0131l\u0131 olmak zorunda oldu\u011funu belirtti.<\/p>\n<p style=\"text-align: justify;\"><strong>&#8220;M\u00dcZAKERE VE DEMOKRAT\u0130K Y\u00d6NTEMLER&#8221;<\/strong><\/p>\n<p style=\"text-align: justify;\">Ya\u015fanan krizin Meclisin de me\u015fruiyetini zedeledi\u011fini, demokratik anayasa yapma s\u00fcre\u00e7lerini zora sokma riskini bar\u0131nd\u0131rd\u0131\u011f\u0131n\u0131 kaydeden Aktar, \u015funlar\u0131 s\u00f6yledi:<\/p>\n<p style=\"text-align: justify;\">&#8221;Var olan kriz, f\u0131rsata d\u00f6n\u00fc\u015ft\u00fcr\u00fclmelidir. Bunun i\u00e7in siyaset mekanizmas\u0131, soruna \u00e7ok acil bir \u015fekilde \u00e7\u00f6z\u00fcm \u00fcretmelidir. Meclis toplan\u0131p soruna \u00e7\u00f6z\u00fcm bulmal\u0131, halk\u0131n iradesinin Meclise yans\u0131mas\u0131n\u0131 sa\u011flayacak bir form\u00fcl geli\u015ftirerek ya\u015fanan hak gasb\u0131n\u0131 ortadan kald\u0131rmal\u0131, blok milletvekillerinin Meclise girmesini sa\u011flayacak ad\u0131mlar at\u0131lmal\u0131d\u0131r.<\/p>\n<p style=\"text-align: justify;\">Biz imzas\u0131 bulunan sivil toplum \u00f6rg\u00fctleri olarak, T\u00fcrkiye&#8217;de ya\u015fanan b\u00fct\u00fcn sorunlar\u0131n siyasi zeminlerde m\u00fczakere edilmesi ve demokratik y\u00f6ntemlerle \u00e7\u00f6z\u00fcme kavu\u015fturulmas\u0131 gerekti\u011fini d\u00fc\u015f\u00fcn\u00fcyoruz.<\/p>\n<p style=\"text-align: justify;\">Halk\u0131n iradesinin etkisiz bir \u015fekilde Meclise yans\u0131mas\u0131 konusunda hassasiyet g\u00f6sterdi\u011fimizi, krizin \u00e7\u00f6z\u00fcm\u00fcn\u00fcn takip\u00e7isi olaca\u011f\u0131m\u0131z\u0131, \u00e7\u00f6z\u00fcm ad\u0131na her t\u00fcrl\u00fc sorumlulu\u011fu almaya haz\u0131r oldu\u011fumuzu b\u00fct\u00fcn kamuoyuna ve ilgililere sayg\u0131lar\u0131m\u0131zla bildiririz.&#8221;<\/p>\n<p style=\"text-align: justify;\"><a href=\"http:\/\/www.ntvmsnbc.com\/id\/25227163\/\" target=\"_blank\">Kaynak : NTVMSNBC<\/a><\/p>\n","protected":false},"excerpt":{"rendered":"<p style=\"text-align: center;\">\n<p style=\"text-align: justify;\">133 STK&#8217;dan, &#8216;m\u00fczakere ve demokratik y\u00f6ntemlerle \u00e7\u00f6z\u00fcm&#8217; a\u00e7\u0131klamas\u0131 gelirken, olu\u015fturulan 15 ki\u015filik heyet \u00e7\u00f6z\u00fcm i\u00e7in ilgililerle diyalog kurmaya \u00e7al\u0131\u015facak.<\/p>\n<p style=\"text-align: justify;\">D\u0130YARBAKIR &#8211; Diyarbak\u0131r&#8217;da bulunan 133 Sivil Toplum Kurulu\u015fu, milletvekilli\u011fi d\u00fc\u015f\u00fcr\u00fclen Hatip Dicle ile ilgili ortak a\u00e7\u0131klama yapt\u0131.<\/p>\n<p style=\"text-align: justify;\">A\u00e7\u0131klamada, &#8221;sorunlar\u0131n, siyasi zeminlerde m\u00fczakere edilmesi ve demokratik y\u00f6ntemlerle \u00e7\u00f6z\u00fcme <\/p>\n","protected":false},"author":1,"featured_media":0,"comment_status":"open","ping_status":"closed","sticky":false,"template":"","format":"standard","meta":{"footnotes":""},"categories":[105],"tags":[],"class_list":["post-35273","post","type-post","status-publish","format-standard","hentry","category-gundem","odd"],"_links":{"self":[{"href":"http:\/\/www.korhanyilmaz.com\/index.php?rest_route=\/wp\/v2\/posts\/35273","targetHints":{"allow":["GET"]}}],"collection":[{"href":"http:\/\/www.korhanyilmaz.com\/index.php?rest_route=\/wp\/v2\/posts"}],"about":[{"href":"http:\/\/www.korhanyilmaz.com\/index.php?rest_route=\/wp\/v2\/types\/post"}],"author":[{"embeddable":true,"href":"http:\/\/www.korhanyilmaz.com\/index.php?rest_route=\/wp\/v2\/users\/1"}],"replies":[{"embeddable":true,"href":"http:\/\/www.korhanyilmaz.com\/index.php?rest_route=%2Fwp%2Fv2%2Fcomments&post=35273"}],"version-history":[{"count":0,"href":"http:\/\/www.korhanyilmaz.com\/index.php?rest_route=\/wp\/v2\/posts\/35273\/revisions"}],"wp:attachment":[{"href":"http:\/\/www.korhanyilmaz.com\/index.php?rest_route=%2Fwp%2Fv2%2Fmedia&parent=35273"}],"wp:term":[{"taxonomy":"category","embeddable":true,"href":"http:\/\/www.korhanyilmaz.com\/index.php?rest_route=%2Fwp%2Fv2%2Fcategories&post=35273"},{"taxonomy":"post_tag","embeddable":true,"href":"http:\/\/www.korhanyilmaz.com\/index.php?rest_route=%2Fwp%2Fv2%2Ftags&post=35273"}],"curies":[{"name":"wp","href":"https:\/\/api.w.org\/{rel}","templated":true}]}}