{"id":3527,"date":"2009-02-23T11:12:30","date_gmt":"2009-02-23T09:12:30","guid":{"rendered":"http:\/\/www.korhanyilmaz.com\/?p=3527"},"modified":"2009-02-23T11:12:30","modified_gmt":"2009-02-23T09:12:30","slug":"%e2%80%9cgobegini-kasiyan-adam%e2%80%9d-lafi-sirtimda-kambur-oldu-beni-eziyor","status":"publish","type":"post","link":"http:\/\/www.korhanyilmaz.com\/?p=3527","title":{"rendered":"\u201cG\u00f6be\u011fini ka\u015f\u0131yan adam\u201d laf\u0131 s\u0131rt\u0131mda kambur oldu, beni eziyor"},"content":{"rendered":"<p style=\"text-align: center;\"><img loading=\"lazy\" decoding=\"async\" class=\"aligncenter size-full wp-image-3528\" title=\"Bekir Co\u015fkun\" src=\"http:\/\/www.korhanyilmaz.com\/wp-content\/uploads\/2009\/02\/230220090344146278409.jpg\" alt=\"Bekir Co\u015fkun\" width=\"376\" height=\"240\" \/><\/p>\n<p style=\"text-align: justify;\"><strong>Tayyip Erdo\u011fan, Bekir Co\u015fkun&#8217;a k\u0131z\u0131p da &#8220;Bunlar k\u00f6pekleriyle yatarlar&#8221; deyince  &#8220;Bunun devam\u0131nda ne olacak?&#8221; diye merakla beklemeye  ba\u015flam\u0131\u015ft\u0131m.<\/strong><\/p>\n<p style=\"text-align: justify;\"><strong><\/strong><br \/>\nSonra ge\u00e7en pazar,  Co\u015fkun&#8217;un k\u00f6pe\u011fi Postal&#8217;\u0131n a\u011fz\u0131ndan Erdo\u011fan&#8217;a verdi\u011fi cevab\u0131 okuyunca merak\u0131m  yerini &#8220;Bekir Co\u015fkun&#8217;la konu\u015fmal\u0131y\u0131m&#8221; heyecan\u0131na b\u0131rakt\u0131. Haftaba\u015f\u0131 hemen  Ankara&#8217;ya gittim. &#8220;Kar\u015f\u0131t fikirlerde olsan\u0131z, hatta birbirinize \u00e7ok k\u0131zsan\u0131z  bile \u00e7ok iyi anla\u015fabilece\u011finiz bir &#8216;d\u00fc\u015fman&#8217; olur Bekir Co\u015fkun&#8221; diye d\u00fc\u015f\u00fcnd\u00fcm  r\u00f6portaj boyu. \u00c7ok samimi ve e\u011flenceliydi. Sanki Erdo\u011fan da tan\u0131sa Bekir  Co\u015fkun&#8217;u &#8216;En iyi anla\u015ft\u0131\u011f\u0131m d\u00fc\u015fman\u0131m&#8217; der. Bu da onlar i\u00e7in benim benzetmem.  Umar\u0131m k\u0131zmazlar.\n<\/p>\n<p style=\"text-align: justify;\"><strong>Kim bu yaz\u0131lar\u0131n\u0131zda s\u0131k s\u0131k bahsetti\u011finiz  g\u00f6be\u011fini ka\u015f\u0131yan adam? Sadece AKP se\u00e7meni mi? <\/strong><\/p>\n<p style=\"text-align: justify;\">Tepkisi olmayan,  sessiz, p\u0131s\u0131r\u0131k, bele\u015f\u00e7i, avantac\u0131, ya\u011fmac\u0131, h\u0131rs\u0131zlar\u0131 ho\u015f g\u00f6ren, \u00e7als\u0131n ama i\u015f  yaps\u0131n diyen, kendisi de \u00e7almaya bakan, \u015fehirlere gelen, orman arazisine  gecekondu yapan, ka\u00e7ak elektrik kullanan, ka\u00e7ak su kullanan, para kazansa bile  vergi hayat\u0131nda vermeyen, se\u00e7im geldi mi iki \u00e7uval k\u00f6m\u00fcre, bir torba nohuta  oyunu satan, asla ba\u015f\u0131n\u0131 ka\u015f\u0131mayan ve gazete-kitap okumayan birileri bunlar.  Kuran&#8217;da &#8220;Oku&#8221; emri vard\u0131r, &#8220;Sor ona&#8221; emri vard\u0131r. Bunlar\u0131 bile yapamayan&#8230; <!--more-->\u00dc\u00e7  \u015feyi ezberleyen; hamdolsun, \u015f\u00fck\u00fcrler olsun, Allah raz\u0131 olsun. Hayat\u0131n\u0131 bununla  y\u00fcr\u00fcten tiptir bu. T\u00fcrkiye&#8217;nin ba\u015f\u0131na belad\u0131r bu tipler.<br \/>\nHer kesimde  olabilir bundan. Sa\u011f\u0131-solu yok. Meydanda Menderes&#8217;i alk\u0131\u015flayan, as\u0131ld\u0131\u011f\u0131 zaman  kafas\u0131n\u0131 bile kald\u0131rmayan, soru dahi sormayan insand\u0131r.\n<\/p>\n<p style=\"text-align: justify;\">\u00c7ok iyi tan\u0131r\u0131m  ben g\u00f6be\u011fini ka\u015f\u0131yan adam\u0131. Uzaktan geli\u015finden tan\u0131r\u0131m. Bu adam Demirel&#8217;i 7 defa  geri getirmi\u015f adamd\u0131r. Erbakan&#8217;\u0131 Ba\u015fbakan yapm\u0131\u015f adamd\u0131r. Hep ayn\u0131 slogan\u0131  s\u00f6yler bu: &#8220;\u00c7als\u0131n ama i\u015f yaps\u0131n.&#8221; G\u00f6z\u00fc de devaml\u0131 avantadad\u0131r. Bunun e\u011fitimlisi  de vard\u0131r e\u011fitimsizi de, sa\u011fc\u0131s\u0131 da vard\u0131r solcusu da, zengini de vard\u0131r fakiri  de. S\u0131rf \u00e7\u0131kar\u0131 i\u00e7in, ihale i\u00e7in, k\u00f6\u015feyi d\u00f6nmek i\u00e7in siyasi iktidara yana\u015fm\u0131\u015f  adam da g\u00f6be\u011fini ka\u015f\u0131yan adam\u0131n zengin olan\u0131d\u0131r.<\/p>\n<p style=\"text-align: justify;\"><strong>Toplum hasta, bu adam  tipi her zaman vard\u0131 ama \u015fimdi \u00e7ok iyi bir siyasi muhatap buldu<\/strong><\/p>\n<p style=\"text-align: justify;\"><strong>Bu  tipi ben de tan\u0131yorum. Ama bu tip sizin de s\u00f6yledi\u011finiz gibi her d\u00f6nemde vard\u0131.  Sizi bu denli rahats\u0131z eden yeni \u015fey ne?<\/strong><\/p>\n<p style=\"text-align: justify;\">T\u00fcrkiye&#8217;de 58 tane h\u00fck\u00fcmet  kurulmu\u015ftur, 11 defa Cumhurba\u015fkan\u0131 de\u011fi\u015fmi\u015ftir, Anayasa 7 defa de\u011fi\u015fmi\u015ftir, 30  defa parlamento de\u011fi\u015fmi\u015ftir. \u0130ki tane de\u011fi\u015fmeyen \u015fey var, T\u00fcrk toplumunun yap\u0131s\u0131  bu g\u00f6be\u011fini ka\u015f\u0131yan adam, ikincisi de T\u00fcrkiye&#8217;nin kara yazg\u0131s\u0131. Bu ikisi  birbirini \u00e7o\u011falt\u0131r hep. \u0130nsanlar da bana sizin sordu\u011funuzu soruyor, &#8220;Niye  toplumun bu y\u00f6n\u00fcn\u00fc diline dolad\u0131n?&#8221; diye. Soruyorum ben de &#8220;Apartmanda  y\u00f6neticinin yak\u0131t paras\u0131n\u0131 \u00e7ald\u0131\u011f\u0131ndan \u015f\u00fcphelenmeyen tek ki\u015fi tan\u0131d\u0131n\u0131z m\u0131,  evinize gelen bir ustan\u0131n hi\u00e7 arkas\u0131ndan &#8216;S\u00fcper i\u015f yapt\u0131, \u00fcstelik \u00e7ok ucuz&#8217;  dedi\u011finiz oldu mu, kooperatife girip de doland\u0131r\u0131lmam\u0131\u015f birini tan\u0131d\u0131n\u0131z m\u0131?&#8221;  E\u011fer bunlar\u0131n \u00fc\u00e7\u00fcn\u00fcn de cevab\u0131 evetse, ben gazetecili\u011fi b\u0131rakaca\u011f\u0131m. Buna  haz\u0131r\u0131m. Bu bizim toplulumuz. Bu biziz. \u0130nk\u00e2r etmeye gerek yok. Toplumda m\u00fcthi\u015f  bir hastal\u0131k var. Bunu sorgulamak benim i\u015fim de\u011filse kimin i\u015fi yahu. Gazeteciler  bug\u00fcne kadar politikac\u0131lar gibi s\u00fcrekli halk dalkavuklu\u011fu yapt\u0131. Halk\u0131n bir  b\u00f6l\u00fcm\u00fcn\u00fc tenzih ediyorum ama \u00e7o\u011funluk g\u00f6be\u011fini ka\u015f\u0131yan adamd\u0131r.<\/p>\n<p style=\"text-align: justify;\"><strong>Tekrar  ayn\u0131 soruyu soraca\u011f\u0131m izninizle, bu adamda k\u0131zd\u0131\u011f\u0131n\u0131z yeni \u015fey ne, dindar olmas\u0131  m\u0131? <\/strong><\/p>\n<p style=\"text-align: justify;\">\u00c7\u00fcnk\u00fc bu konu\u015ftu\u011fumuz toplumsal yap\u0131, \u00e7ekicili\u011fini  kaybetmi\u015f, eski bir dert.<br \/>\nAKP&#8217;ye oy vermi\u015f dindar olmayan ya da oy vermi\u015f  akl\u0131 ba\u015f\u0131nda bir\u00e7ok dindar vard\u0131r, tenzih ederim onlar\u0131. Mesele dindarl\u0131k de\u011fil.  Evet, hep varlard\u0131 ama \u015fimdi g\u00f6be\u011fini ka\u015f\u0131yan adam\u0131n en \u00e7ok g\u00f6z\u00fckt\u00fc\u011f\u00fc, en  belirginle\u015fti\u011fi d\u00f6nemi ya\u015f\u0131yoruz. Nohutla fasulyeye oyunu satan adam. \u00c7\u00fcnk\u00fc \u00e7ok  iyi siyasi muhatap buldu g\u00f6be\u011fini ka\u015f\u0131yan adam. Eskiden beri de vard\u0131, zaten  kirli siyasetin s\u00fcrmesinin tek nedeni de bu. Hangi toplumda eli kanl\u0131 katili  kahraman diye alk\u0131\u015flayan biri vard\u0131r. Siyaset\u00e7iler meydanda o adam\u0131n bekledi\u011fini  biliyor, \u00e7\u0131k\u0131yor oraya utanmadan konu\u015fuyor.\n<\/p>\n<p style=\"text-align: justify;\"><strong>Sadece AKP&#8217;de de\u011fil,  CHP&#8217;de bile &#8216;genel ba\u015fkan olmu\u015f&#8217; g\u00f6be\u011fini ka\u015f\u0131yan adam var<\/strong><\/p>\n<p style=\"text-align: justify;\">O halde  y\u00f6neticiler mi acaba g\u00f6be\u011fini ka\u015f\u0131yan adam&#8230;<\/p>\n<p style=\"text-align: justify;\">Bir tek AKP de\u011fil. Solda  da var. Konu\u015fturma \u015fimdi beni, se\u00e7im ge\u00e7sin, onlar\u0131 da a\u00e7\u0131klayaca\u011f\u0131m. CHP&#8217;nin  i\u00e7inde var, hatta bunlar aras\u0131nda genel ba\u015fkan olmu\u015f olan bile vard\u0131r. \u015eimdi  susuyorum. Ama g\u00f6be\u011fini ka\u015f\u0131yan adam genel ba\u015fkan bile olabilir.<\/p>\n<p style=\"text-align: justify;\"><strong>Siz  Deniz Baykal&#8217;a \u00e7ar\u015faf a\u00e7\u0131l\u0131m\u0131 denen meseleden \u00e7ok k\u0131zd\u0131n\u0131z de\u011fil  mi?<\/strong><\/p>\n<p style=\"text-align: justify;\">Nas\u0131l k\u0131zmam? \u015eu anda T\u00fcrkiye&#8217;de kimse oldu\u011fu yerden memnun  de\u011fil, herkes ba\u015fkas\u0131n\u0131n yerinde olmak istiyor. AKP \u00e7a\u011fda\u015f g\u00f6z\u00fckmek istiyor  asl\u0131nda, CHP de imam\u0131ms\u0131 g\u00f6z\u00fckmek istiyor. Ulusalc\u0131lara bak\u0131n onlar da k\u00fcreselci  g\u00f6z\u00fckmek istiyor. Zaten yeterince g\u00f6be\u011fini ka\u015f\u0131yan adam var, toplumu  ayd\u0131nlatacak parti laz\u0131m. CHP buydu g\u00fcya. \u015eok yaratt\u0131 hepimizde. \u0130nanmad\u0131\u011f\u0131ndan  eminim ama bilerek yapt\u0131 tabii \u00e7ar\u015faf meselesini. Oy almak istedi. Ama g\u00f6recek,  geri tepecek bu. Oy-moy patlamayacak.<br \/>\nn Aran\u0131z nas\u0131l \u015fu an Deniz Baykal&#8217;la.  Arkada\u015f\u0131n\u0131z asl\u0131nda, o\u011flunuzun da nik\u00e2h \u015fahidi diye okumu\u015ftum&#8230;\n<\/p>\n<p style=\"text-align: justify;\">Nikah  \u015fahidiydi evet. \u00c7abuk k\u00fcser bu. K\u00fcs\u00fcnce de konu\u015fmaz. Ama kindar de\u011fildir.  Se\u00e7imleri atlatal\u0131m, CE-HA-PES ray\u0131na otursun, yine Bal\u0131k\u00e7\u0131lar Kahvesi&#8217;nde  otururuz Deniz Baykal&#8217;la.<\/p>\n<p style=\"text-align: justify;\"><strong>Tayyip ini\u015fe ge\u00e7ti, o da bunu biliyor o  y\u00fczden gergin. Tek \u015fans\u0131, Baykal&#8217;\u0131n tembel olmas\u0131<\/strong><\/p>\n<p style=\"text-align: justify;\">Tayyip Erdo\u011fan&#8217;la  da kavga ediyorsunuz&#8230;<br \/>\nBen kavga etmiyorum. Tayyip Erdo\u011fan&#8217;la kavga etmem.  \u00c7\u00fcnk\u00fc bug\u00fcn var yar\u0131n yok Tayyip. 30 senedir bir\u00e7ok cumhurba\u015fkan\u0131, ba\u015fbakan  g\u00f6rd\u00fck, onlar gitti. Biz h\u00e2l\u00e2 var\u0131z. Tayyip de yar\u0131n yok. Ben art\u0131k ini\u015fe  ge\u00e7ti\u011fini d\u00fc\u015f\u00fcn\u00fcyorum. Yerel se\u00e7imlerde ba\u015far\u0131l\u0131 olsalar bile ini\u015f s\u00fcreci  ba\u015flad\u0131. Grafik tepetaklak a\u015fa\u011f\u0131 gidiyor.\n<\/p>\n<p style=\"text-align: justify;\"><strong>Bu bir kamuoyu ara\u015ft\u0131rmas\u0131  sonucu mu yoksa sezginiz mi?<\/strong><\/p>\n<p style=\"text-align: justify;\">Benim sezgim. AKP yak\u0131nda ana muhalefet  partisi olacak. Tayyip de bunun ba\u015fkan\u0131 olabilir. O da biliyor bunu o y\u00fczden  gergin. B\u00fct\u00fcn insanlar\u0131n ortak tepkisidir bu, foyam\u0131z ortaya \u00e7\u0131k\u0131nca k\u0131zmaya  ba\u015flar\u0131z. Ben de, Andree beni yakalad\u0131\u011f\u0131 anda hemen parlar\u0131m. Son bir deneme o  i\u015fte. Tayyip Erdo\u011fan da bunu ya\u015f\u0131yor. G\u00f6kten yolsuzluk ya\u011f\u0131yor, p\u0131rlanta-alt\u0131n  ticareti i\u015fi \u00e7\u0131kt\u0131, belediye ba\u015fkanlar\u0131n\u0131 her g\u00fcn jandarma-polis topluyor.  Davos&#8217;taki r\u00fczg\u00e2r daha uzun s\u00fcrer zannetti, tutmad\u0131. Tayyip ini\u015fe ge\u00e7ti. O da  bunu hissediyor. Tek g\u00fcc\u00fc var, yerine oturacak kimsenin olmamas\u0131. G\u00f6be\u011fini  ka\u015f\u0131yan adam oldu\u011fu kadar, bilin\u00e7li-ak\u0131ll\u0131 da bir s\u00fcr\u00fc insan var. Onlar  Tayyip&#8217;ten umudunu kesti. Ama getirecek kimse yok. En b\u00fcy\u00fck \u015fans\u0131 bu zaten  Tayyip&#8217;in. Deniz Baykal \u00e7ok tembel. Yerel se\u00e7imler var, Tayyip 10 g\u00fcnde 10 yer  dola\u015f\u0131yor. CHP&#8217;nin umrunda de\u011fil. Deniz Baykal Br\u00fcksel&#8217;de.<br \/>\nn Erdo\u011fan&#8217;la kavga  etmiyorum diyorsunuz ama o size meydanlardan &#8220;Bunlar k\u00f6pekleriyle yatar&#8221; diyor.  Siz ona k\u00f6pe\u011finiz Postal&#8217;\u0131n a\u011fz\u0131ndan yaz\u0131 yaz\u0131yorsunuz.\n<\/p>\n<p style=\"text-align: justify;\">Anadolu&#8217;daki  gazete tirajlar\u0131 belli. 30 adet gazete sat\u0131lan yerler var. Tayyip meydanda  k\u0131zg\u0131n, konu\u015fuyor, onu dinleyen ne gazeteci kim onu anl\u0131yor, ne niye k\u0131zg\u0131n onu  biliyor. Tuhaf yani meydanlardaki hali.<\/p>\n<p style=\"text-align: justify;\"><strong>Ciner \u00e7ok b\u00fcy\u00fck para  teklif etti<\/strong><\/p>\n<p><strong>Ciner  Grubu&#8217;nun \u00e7\u0131kacak olan yeni gazetesinden size transfer teklifi geldi. Sonra ne  oldu? <\/strong><\/p>\n<p style=\"text-align: center;\"><strong><img loading=\"lazy\" decoding=\"async\" class=\"aligncenter size-full wp-image-3532\" src=\"http:\/\/www.korhanyilmaz.com\/wp-content\/uploads\/2009\/02\/220220091413017282512_3.jpg\" alt=\"220220091413017282512_3\" width=\"400\" height=\"265\" \/><br \/>\n<\/strong>\n<\/p>\n<p style=\"text-align: justify;\">Asl\u0131nda bunu anlatmam do\u011fru mu bilmiyorum ama herkes bir \u015fey  s\u00f6yl\u00fcyor, do\u011frusu bilinsin art\u0131k. Ciner Grubu&#8217;ndan teklif geldi\u011finde ben, &#8220;Daha  gazete \u00e7\u0131kmas\u0131na \u00e7ok var, olabilir, g\u00f6r\u00fc\u015febiliriz&#8221; dedim. A\u00e7\u0131k s\u00f6yleyeyim o  s\u0131rada bende asl\u0131nda h\u00e2l\u00e2 da Emin&#8217;in kovulmas\u0131ndan dolay\u0131 H\u00fcrriyet&#8217;e kar\u015f\u0131 bir  g\u00fcvensizlik, bir k\u0131rg\u0131nl\u0131k vard\u0131. Bir g\u00fcn ayn\u0131 \u015fey benim de ba\u015f\u0131ma gelir  endi\u015fesi. H\u00fcrriyet&#8217;in genel yap\u0131s\u0131 i\u00e7inde, o yazar kim, bu yazar kim, Bekir  Co\u015fkun kim? Kenarda k\u00f6\u015fede unutulmu\u015f insanlar\u0131z. B\u00fct\u00fcn bunlar beni k\u0131rd\u0131-ezdi. O  y\u00fczden H\u00fcrriyet&#8217;ten ayr\u0131lmay\u0131 d\u00fc\u015f\u00fcn\u00fcyordum. Fatih Altayl\u0131 Cunda&#8217;ya geldi,  s\u00f6zle\u015fme dosyas\u0131n\u0131 dahi getirmi\u015fti. Fatih arkada\u015f\u0131m, onunla \u00e7al\u0131\u015fabilece\u011fimi de  d\u00fc\u015f\u00fcnm\u00fc\u015ft\u00fcm ama hi\u00e7bir \u015fey konu\u015fmad\u0131k, o anlatt\u0131 ben &#8220;\u015eu an H\u00fcrriyet&#8217;te  \u00e7al\u0131\u015f\u0131yorum, sana bir \u015fey diyemem, dersem H\u00fcrriyet&#8217;ten hemen ayr\u0131lmam gerekir&#8221;  dedim. O da &#8220;Sayg\u0131yla kar\u015f\u0131l\u0131yorum ama seni aram\u0131zda g\u00f6rmek istiyoruz&#8221; dedi.  Sonra bir kez Ankara&#8217;da g\u00f6r\u00fc\u015ft\u00fck. Art\u0131k karar\u0131m\u0131 vermi\u015ftim, Ciner Grubu&#8217;yla  anla\u015facakt\u0131m. Ertu\u011frul&#8217;a haber vermek i\u00e7in \u0130stanbul&#8217;a gittim. \u00c7\u00fcnk\u00fc daha \u00f6nceden  ona s\u00f6z\u00fcm vard\u0131, &#8220;Sana kaz\u0131k atmayaca\u011f\u0131m&#8221; diye. Gittim &#8220;Bak Ertu\u011frul, sizin  yap\u0131n\u0131zda gitme, sana \u015funu verelim yoktur, ben de bunu istemeye gelmedim zaten,  sak\u0131n b\u00f6yle alg\u0131lama. Sadece sana verdi\u011fim s\u00f6z\u00fc kald\u0131rmaya geldim. Senden izin  istiyorum&#8221; dedim. Ertu\u011frul &#8220;Olmaz&#8221; dedi. B\u00fct\u00fcn H\u00fcrriyet \u00fczerime geldi.  Okuyucular da \u00f6yle. Sanki biliyorlarm\u0131\u015f gibi otelin lobisinde kar\u015f\u0131la\u015ft\u0131klar\u0131m  &#8220;Sak\u0131n H\u00fcrriyet&#8217;ten ayr\u0131lmay\u0131n&#8221; diyenler. &#8220;B\u0131rak\u0131rsan\u0131z biz de b\u0131rak\u0131r\u0131z&#8221;  diyenler. Bir de bir g\u00fcn bir i\u015fadam\u0131 bana u\u00e7akta demi\u015fti ki &#8220;Servetimin yar\u0131s\u0131n\u0131  veririm 10 g\u00fcn sizin yerinizde H\u00fcrriyet&#8217;te yazmak i\u00e7in.&#8221; B\u00fct\u00fcn bunlar beni \u00e7ok  etkiledi. Ayr\u0131ca ekonomik kriz d\u00f6neminde H\u00fcrriyet&#8217;i b\u0131rak\u0131p gitseydim sadece  para i\u00e7in gitmi\u015f gibi olacakt\u0131m. \u00c7ok da b\u00fcy\u00fck para vard\u0131 ger\u00e7i. Kalmaya karar  verdim. Gitmek istiyorsam Ertu\u011frul&#8217;u hi\u00e7 g\u00f6rmemem gerekiyordu, bir mektup yaz\u0131p  odas\u0131na b\u0131rak\u0131p ka\u00e7mam laz\u0131md\u0131.<\/p>\n<p style=\"text-align: justify;\"><strong>Erdo\u011fan hayvan sevgisini b\u00f6yle  k\u00fc\u00e7\u00fcmsemenin hesab\u0131n\u0131 \u00f6teki tarafta bakal\u0131m nas\u0131l  verecek?<\/strong><\/p>\n<p style=\"text-align: justify;\"><strong>&#8220;K\u00f6pekleriyle yatar bunlar&#8221; s\u00f6z\u00fc sizi \u00fczd\u00fc m\u00fc? <\/strong><\/p>\n<p style=\"text-align: justify;\">Beni \u00e7ok rahats\u0131z etti. \u0130ki hafta \u00f6nce dedem \u00f6d\u00fcl al\u0131rken yapt\u0131\u011f\u0131  konu\u015fma inan\u0131lmazd\u0131. O konu\u015fmay\u0131 yapan ba\u015fbakan\u0131n, bir gazeteciye bu s\u00f6z\u00fc  s\u00f6ylemesi ger\u00e7ekten tuhaf&#8230;<\/p>\n<p style=\"text-align: justify;\">K\u0131r\u0131ld\u0131m, a\u011fz\u0131 dili olmayan o hayvanlar\u0131  k\u00fc\u00e7\u00fcmsemesine. Bana. &#8220;\u0130nsan sevmez, insanlar\u0131 a\u015fa\u011f\u0131lar, hayvan sever hatta  insanlar\u0131 k\u00f6pekler kadar sevmiyor&#8221; demek istedi. A\u00e7\u0131k s\u00f6yleyeyim, cevap vermekte  zorland\u0131m. \u00d6teki tarafta bunun hesab\u0131n\u0131 nas\u0131l verecek bakal\u0131m. Bana ve  hayvanlara haks\u0131zl\u0131k etti \u00e7\u00fcnk\u00fc. &#8220;Halk\u0131 a\u015fa\u011f\u0131l\u0131yor&#8221; diyor benim i\u00e7in. Halk\u0131  seven, g\u00f6z\u00fcn\u00fc a\u00e7mas\u0131n\u0131 isteyen, halk\u0131n mutlu olmas\u0131n\u0131 isteyen biriyim oysa ki.  Tayyip Erdo\u011fan d\u00fc\u015f\u00fcncesindeki adamlar bir hayvan ya\u015fatmaktansa hayvan kesmeyi  tercih eder.<\/p>\n<p style=\"text-align: justify;\"><strong>Niye Postal&#8217;a cevap verdirdiniz de kendiniz cevap  vermediniz? O yaz\u0131n\u0131z\u0131 e\u011flenceli buldum ama merak da ettim  do\u011frusu?<\/strong><\/p>\n<p style=\"text-align: justify;\">Ben her g\u00fcn cevap veriyorum. Bir de pazar g\u00fcn\u00fcne denk geldi.  Ben pazar g\u00fcnlerini ne olursa olsun, d\u00fcnya yansa do\u011faya, hayvanlara ay\u0131r\u0131r\u0131m. O  g\u00fcn de ben zaten Postal yazacakt\u0131m. O zaman Postal savunsun kendini ben nas\u0131lsa  savunurum dedim. Pako ya\u015fasayd\u0131 bilge ki\u015fi olarak o cevap verecekti ama yok.  Onun yerine Postal&#8217;a d\u00fc\u015ft\u00fc bu g\u00f6rev. Su\u015fi, a\u011f\u0131r ba\u015fl\u0131d\u0131r konu\u015fmaz, \u00c7\u0131t\u0131r di\u015fi  oldu\u011fu i\u00e7in s\u00f6z ona d\u00fc\u015fmez. Postal cevap verdi. Terbiyesini de  bozmad\u0131.<br \/>\n<strong><br \/>\nTayyip Erdo\u011fan y\u00fcz\u00fcnden halk\u0131 a\u015fa\u011f\u0131layan onlara k\u00fcfreden  biri gibi g\u00f6z\u00fck\u00fcyorum<\/strong>\n<\/p>\n<p style=\"text-align: justify;\"><strong>Bu mesele, g\u00f6be\u011fini ka\u015f\u0131yan adam benzetmesi  y\u00fcz\u00fcnden mi \u00e7\u0131kt\u0131? <\/strong><\/p>\n<p style=\"text-align: justify;\">Bu benzetme art\u0131k s\u0131rt\u0131mda bir kambur oldu  asl\u0131nda. Alt\u0131nda ezilmeye ba\u015flad\u0131\u011f\u0131m bir benzetme olmaya ba\u015flad\u0131. Ben s\u00f6yledim  bunu ama beni ezmeye ba\u015flad\u0131, \u00e7\u00fcnk\u00fc o kadar \u00e7ok insan bunu ba\u015fka yere \u00e7ekiyor  ki. Toplumda bunu anlamayan \u00e7ok ki\u015fi var. Tayyip&#8217;ten duyuyor bunu, benden  okuyarak bilmiyor. O y\u00fczden halka k\u00fcf\u00fcr etmi\u015f, halk\u0131 a\u015fa\u011f\u0131lam\u0131\u015f biri olarak  biliyor beni. Ben halk\u0131 a\u015fa\u011f\u0131lamak i\u00e7in s\u00f6ylemiyorum ki bunu. Ben halkla i\u00e7i\u00e7e  ya\u015fayan biriyim. L\u00fcks bir yerde g\u00f6remezsiniz beni. Bay\u0131ld\u0131\u011f\u0131m yerler var,  Cunda&#8217;daki Bal\u0131k\u00e7\u0131lar Kahvesi, Ta\u015f Kahve. Beni bunlar \u00e7eker.<\/p>\n<p style=\"text-align: justify;\"><strong>Siz  Urfal\u0131s\u0131n\u0131z de\u011fil mi?<\/strong><\/p>\n<p style=\"text-align: justify;\">Kara Meydan\u0131 Mahallesi, Kara Camii&#8217;nin  yan\u0131ndaki karanl\u0131k sokakta, kara kapl\u0131 evde do\u011fdum b\u00fcy\u00fcd\u00fcm. B\u00f6yle bir yerden  geldim. Ailem orada. Ben niye o halk\u0131 a\u015fa\u011f\u0131layay\u0131m can\u0131m. Ben bamba\u015fka bir insan  tipinden bansediyorum. Aziz Nesin o oran\u0131 vermi\u015fti, ben tam bilmiyorum ama  halk\u0131m\u0131z\u0131n i\u00e7inde g\u00f6be\u011fini ka\u015f\u0131yan adam var. Bir partiyi tek ba\u015f\u0131na iktidara  getirebilecek kadar g\u00fc\u00e7l\u00fcd\u00fcr bu kesim. Bu kesim T\u00fcrkiye&#8217;nin can\u0131na okuyan  kesimdir.<\/p>\n<p style=\"text-align: justify;\"><strong>Bunlar kimse yokken aynan\u0131n kar\u015f\u0131s\u0131nda dans  ediyorlar m\u0131d\u0131r?<\/strong><\/p>\n<p style=\"text-align: justify;\"><strong>Abdullah G\u00fcl i\u00e7in de demi\u015ftiniz ki &#8220;Benim  cumhurba\u015fkan\u0131m de\u011fil.&#8221; <\/strong><\/p>\n<p style=\"text-align: justify;\">H\u00e2l\u00e2 da diyorum. Bir kere Abdullah G\u00fcl,  san\u0131k. Daha \u00f6nce milletvekili sonra da cumhurba\u015fkan\u0131 oldu\u011fu i\u00e7in dokunulam\u0131yor.  Kay\u0131p trilyon davas\u0131ndan. Parti i\u00e7in hazineden al\u0131nan yard\u0131m\u0131n 1 trilyonu nerede  bilinmiyor. Di\u011fer iddia alt\u0131nda olan Erbakan. O hapiste -sonradan Erbakan&#8217;\u0131  Abdullah G\u00fcl affetti- Sonra Abdullah G\u00fcl cumhurba\u015fkan\u0131 oluyor. Bu benim \u00e7ok  tepkimi \u00e7ekti. Kabul edemiyorum bunu. Ayr\u0131ca ya\u015fam bi\u00e7imi ve d\u00fcnya g\u00f6r\u00fc\u015f\u00fc onun  T\u00fcrkiye&#8217;nin cumhurba\u015fkan\u0131 olmas\u0131n\u0131 engellemesi gerekirdi. Siz onun eski  laflar\u0131n\u0131 bilir misiniz? T\u00fcrk olman\u0131n i\u00e7eri\u011fini anlatan laflara k\u0131z\u0131yor, Avrupa  Birli\u011fi&#8217;ne k\u0131z\u0131yor. K\u0131z\u0131yor da k\u0131z\u0131yor. Bunlar\u0131 s\u00f6yleyen adam nas\u0131l  cumhurba\u015fkan\u0131 olur ya? Ayr\u0131ca \u00c7ankaya&#8217;da tesett\u00fcrl\u00fc-t\u00fcrbanl\u0131 kad\u0131n olmaz. Ger\u00e7i  kendilerine g\u00f6re giyim reformu ya\u015fad\u0131lar. Ger\u00e7i kara \u00e7ar\u015faftan buraya geldiler.  S\u0131kmaba\u015f oldular. Darac\u0131k etekler, y\u00fcksek topuklar, ye\u015filler morlar. \u0130\u00e7 \u00e7ama\u015f\u0131r\u0131  d\u00fckkanlar\u0131ndan \u00e7\u0131kmayan t\u00fcrbanl\u0131lar dolu.<\/p>\n<p style=\"text-align: justify;\"><strong>Ben Abdullah G\u00fcl&#8217;\u00fcn  de\u011fi\u015fti\u011fini ve bu de\u011fi\u015fimin samimi oldu\u011funu d\u00fc\u015f\u00fcn\u00fcyorum. Siz buna kat\u0131lmazs\u0131n\u0131z  san\u0131r\u0131m?<\/strong><\/p>\n<p style=\"text-align: justify;\">Bu adamlar\u0131n en b\u00fcy\u00fck \u00f6zelli\u011fi \u00e7abuk de\u011fi\u015febilmeleri  zaten. F\u0131rsat olsa yine de\u011fi\u015fir bunlar. Ben \u00f6yle d\u00fc\u015f\u00fcn\u00fcyorum. Ruh hallerini de  anl\u0131yorum asl\u0131nda, hi\u00e7 ummad\u0131klar\u0131 anda devletin ba\u015f\u0131na geldiler. \u0130ktidar  olman\u0131n, b\u00fcy\u00fck bir devletin ba\u015f\u0131nda olman\u0131n \u00e7a\u011fda\u015f d\u00fcnyadaki yerini ve  nimetlerini g\u00f6rd\u00fcler.<\/p>\n<p style=\"text-align: justify;\"><strong>Art\u0131k de\u011fi\u015fmek istiyorlar bence de. Bazen benim  akl\u0131ma geliyor, acaba kimse yokken ayna kar\u015f\u0131s\u0131nda dans eder gibi fig\u00fcrler  yap\u0131yorlar m\u0131, han\u0131mlar t\u00fcrbanlar\u0131 \u00e7\u0131kar\u0131p aynan\u0131n kar\u015f\u0131s\u0131nda kendilerine  bak\u0131yorlar m\u0131d\u0131r? <\/strong><\/p>\n<p style=\"text-align: justify;\">Bazen ben yapar\u0131m bunu, aynan\u0131n kar\u015f\u0131s\u0131nda  kafama k\u00fclah ge\u00e7irip acaba imam olsayd\u0131m nas\u0131l olurdum diye  bakar\u0131m.<\/p>\n<p style=\"text-align: justify;\">Demirel&#8217;e de kar\u015f\u0131yd\u0131m ama art\u0131k o ulu \u00f6nderimiz ve en iyi  dostum<\/p>\n<p style=\"text-align: justify;\">En b\u00fcy\u00fck tepkiniz&#8230;<\/p>\n<p style=\"text-align: justify;\">\u00c7a\u011fda\u015f ya\u015fam bi\u00e7imini savunarak bir  yerlere gelselerdi. T\u00fcrk toplumunu Arap k\u00fclt\u00fcr\u00fcne ve Orta\u00e7a\u011f&#8217;a  s\u00fcr\u00fckledikledikleri i\u00e7in tepkiliyim. Demirel&#8217;e de kar\u015f\u0131yd\u0131m ben. Tansu \u00c7iller&#8217;e  de. Ben herkese kar\u015f\u0131yd\u0131m asl\u0131nda. Ama \u015fimdi en b\u00fcy\u00fck dostum Demirel. Son  g\u00fcnlerde ona bay\u0131l\u0131yorum. Neredeyse bug\u00fcnlerde ulu \u00f6nderimiz oldu. Tayyip&#8217;le  bunu yapmam\u0131z \u00e7ok zor. \u0130\u00e7inde yok \u00e7\u00fcnk\u00fc bu duygular. Ama inan\u0131n T\u00fcrkiye&#8217;de  toplum \u00e7ok de\u011fi\u015fti. B\u00fcy\u00fck \u015fehirlerde ya\u015fad\u0131\u011f\u0131m\u0131z i\u00e7in bunu anlam\u0131yoruz.  Anadolu&#8217;ya bak\u0131n. Ayval\u0131k Plaj\u0131&#8217;na kimler gelmeye ba\u015flad\u0131 biliyor musunuz,  tesett\u00fcrl\u00fc kad\u0131nlar denize giriyor. Propaganday\u0131 \u00e7ok iyi biliyor bunlar.  Defileyle, modayla falan tesett\u00fcr\u00fc hayat\u0131m\u0131za soktular. Uzaktan bak\u0131nca \u00e7ok  g\u00fczel g\u00f6z\u00fcken, albenili, tesett\u00fcrl\u00fc kad\u0131nlar ortada dola\u015f\u0131yor. Toplumu  bozarsan\u0131z d\u00fczeltmek \u00e7ok zor olur. Toplumun can\u0131na okudular. Bunlardan \u00e7a\u011fda\u015f  T\u00fcrkiye olmaz. T\u0131ynetlerini biliyorum. Yap\u0131lar\u0131nda yok, kimliklerinde yok.  Bunlar klozet g\u00f6r\u00fcnce k\u0131z\u0131yorlar, ta\u015f istiyorlar. Danstan nefret ediyorlar, i\u00e7ki  g\u00f6rd\u00fckleri zaman tahamm\u00fcl edemiyorlar. Geldiler, parlamentoda ilk su  bardaklar\u0131n\u0131 rak\u0131 bardaklar\u0131na benziyor diye de\u011fi\u015ftirdiler. O yapt\u0131klar\u0131 yard\u0131m  bile toplumu biraz daha sadakac\u0131, dilenci, avantac\u0131 yapt\u0131.<\/p>\n<p style=\"text-align: justify;\"><strong>\u0130ki k\u0131z  karde\u015fim ile annemin ba\u015f\u0131 \u00f6rt\u00fcl\u00fc. Onlara da \u00e7ok yak\u0131\u015f\u0131yor<\/strong><\/p>\n<p style=\"text-align: justify;\"><strong>T\u00fcrbana  \u015fiddetle kar\u015f\u0131s\u0131n\u0131z. AKP&#8217;nin bunu kullanma bi\u00e7imine, siyasetine tepki duymamak  m\u00fcmk\u00fcn de\u011fil ama kafas\u0131n\u0131 kapamak isteyen de niye kapamas\u0131n  ki?<\/strong><\/p>\n<p style=\"text-align: justify;\">Estetik olarak kar\u015f\u0131 \u00e7\u0131kmayabilirdim ya da \u00f6zg\u00fcrl\u00fck anlam\u0131nda  destekleyebilirdim belki. Benim iki k\u0131z karde\u015fim ve annemin ba\u015f\u0131 \u00f6rt\u00fcl\u00fcd\u00fcr,  hatta ablam hac\u0131d\u0131r. Onlara \u00e7ok da yak\u0131\u015ft\u0131\u011f\u0131n\u0131 d\u00fc\u015f\u00fcn\u00fcr\u00fcm o k\u0131yafetlerin. Ama  siyasi simge haline getirmeleri her \u015feyi alt \u00fcst etti. Gen\u00e7 k\u0131zlar\u0131m\u0131z\u0131n  hayatlar\u0131n\u0131 mahvetti. Erbakan&#8217;la ba\u015flad\u0131 bu. \u00c7\u00f6z\u00fclebilirdi \u00fcstelik. Tayyip  Erdo\u011fan veya Abdullah G\u00fcl h\u00e2l\u00e2 \u00e7\u00f6zebilir bunu. &#8220;Ba\u015flar\u0131n\u0131 a\u00e7\u0131yoruz  kar\u0131lar\u0131m\u0131z\u0131n, art\u0131k T\u00fcrkiye \u00e7a\u011fda\u015f d\u00fcnya gibi giyinsin istiyoruz&#8221; deseler, bir  de resepsiyon verseler ben de ko\u015farak giderim.<\/p>\n<p style=\"text-align: justify;\"><strong>Burada \u015faka yap\u0131yor  Bekir Bey demem laz\u0131m galiba, yoksa size yine \u00e7ok  k\u0131zacaklar&#8230;<\/strong><\/p>\n<p style=\"text-align: justify;\">Avrupa Birli\u011fi meselesi de numarayd\u0131. S\u0131rf askeri  m\u00fcdahalelerin \u00f6n\u00fcn\u00fc kesmek i\u00e7in bir sa\u00e7ak alt\u0131yd\u0131. Ya\u015fam bi\u00e7imine, anlay\u0131\u015flar\u0131na  ayk\u0131r\u0131 bir kere. Kad\u0131nlar\u0131n \u00f6zg\u00fcr oldu\u011fu, k\u0131zlar\u0131n erkek arkada\u015flar\u0131yla el ele  sinemaya gidebildikleri, ak\u015famlar\u0131 i\u015fadamlar\u0131n\u0131n birer duble bir \u015fey  i\u00e7ebildikleri ortamlar\u0131 bu insanlar sevmez. Bunlar\u0131n kafas\u0131ndaki ya\u015fam bi\u00e7imi  Arabistan. Ger\u00e7i ne Erdo\u011fan ne de G\u00fcl bu \u00fclkeye \u015feriat gelsin istemezler.  Onlar\u0131n modeli farkl\u0131. Kuran&#8217;daki ayetleri yerine getirsek Tayyip Erdo\u011fan&#8217;\u0131n bir  g\u00fcn o koltu\u011funda oturmamas\u0131 laz\u0131m. Ya\u011fmac\u0131dan, h\u0131rs\u0131zl\u0131k iddias\u0131 alt\u0131ndakinden,  avantac\u0131dan, san\u0131ktan iktidar olmaz.<\/p>\n<p style=\"text-align: justify;\"><strong>Ergenekoncu diye<br \/>\ntutuklanan  pa\u015falar\u0131n \u00f6n\u00fcnde sayg\u0131yla e\u011filirim<\/strong>\n<\/p>\n<p style=\"text-align: justify;\"><strong>T\u00fcrban yaz\u0131s\u0131 yazd\u0131\u011f\u0131n\u0131z kadar  Ergenekon&#8217;la ilgili yazmad\u0131\u011f\u0131n\u0131za dair bir-iki ele\u015ftiri okudum. Buna kat\u0131l\u0131r  m\u0131s\u0131n\u0131z?<\/strong><\/p>\n<p style=\"text-align: justify;\">Ergenekon bir zihniyettir. Zaman zaman \u00f6rg\u00fctlenmeler  olmu\u015ftur. Bunlar kirli insanlard\u0131r. Bu zihniyet de ortadan kald\u0131r\u0131lmal\u0131, fakat  art\u0131k Atat\u00fcrk\u00e7\u00fcy\u00fcm diyen herkes bunun i\u00e7erisine konuldu, buna kar\u015f\u0131y\u0131m. Sayd\u0131m,  30&#8217;a yak\u0131n yaz\u0131 yazm\u0131\u015f\u0131m bu konuda. Tan\u0131d\u0131\u011f\u0131m pa\u015falar, askarler var  tutuklananlardan. Ya\u015fant\u0131lar\u0131n\u0131, duygular\u0131n\u0131 biliyorum. AKP&#8217;ye, demokrasiye,  \u00e7a\u011fda\u015f d\u00fcnyaya bak\u0131\u015flar\u0131n\u0131 biliyorum. Onlar\u0131n \u00f6n\u00fcnde sayg\u0131yla aya\u011fa kalkar\u0131m  ben. \u015eu an da dahil. 300 metreden boyunlar\u0131na at\u0131l\u0131p yanaklar\u0131ndan \u00f6perim. O  insanlar\u0131n i\u00e7eride olmas\u0131 \u00e7ok can\u0131m\u0131 s\u0131k\u0131yor benim.<\/p>\n<p style=\"text-align: justify;\"><strong>Erdo\u011fan&#8217;\u0131n  sonunu halk\u0131n ya\u015fad\u0131\u011f\u0131 korku ve bask\u0131 getirecek<\/strong><\/p>\n<p style=\"text-align: justify;\"><strong>Hangi Pa\u015fa  bu?<\/strong><\/p>\n<p style=\"text-align: justify;\">Tolon Pa\u015fa. Babam \u00f6ld\u00fc\u011f\u00fcnde gazeteye ba\u015fsa\u011fl\u0131\u011f\u0131na gelmi\u015fti.  Yan\u0131nda da bir-iki han\u0131m vard\u0131. O s\u0131rada mitingler falan d\u00fczenleniyordu. Bana bu  i\u015flerin askerle de\u011fil halk\u0131n kendi tavr\u0131yla d\u00fczelebilece\u011fini anlatm\u0131\u015ft\u0131 o g\u00fcn.  &#8220;Ordudan kimse bir \u015fey beklemesin, halk kendi tavr\u0131n\u0131 koysun&#8221; demi\u015fti. Bu adam\u0131  bir s\u00fcre sonra \u00f6rg\u00fct\u00e7\u00fcs\u00fcn diye i\u00e7eri atmalar\u0131na \u015fa\u015f\u0131rd\u0131m.<\/p>\n<p style=\"text-align: justify;\"><strong>Darbe  g\u00fcnl\u00fckleri, size bir \u015fey ifade ediyor mu peki?<\/strong><\/p>\n<p style=\"text-align: justify;\">Darbeler varsa  g\u00fcnl\u00fckleri de olur herhalde, bilmem ki.<\/p>\n<p style=\"text-align: justify;\"><strong>Ne olur bu i\u015fin  sonu?<\/strong><\/p>\n<p style=\"text-align: justify;\">Herkes bask\u0131 alt\u0131nda. Halk\u0131n bu korkusu Tayyip&#8217;in sonu  olacak.<\/p>\n<p style=\"text-align: justify;\">Her sabah 04.00 civar\u0131 r\u00fcyamda kovuldu\u011fumu g\u00f6r\u00fcyorum<\/p>\n<p style=\"text-align: justify;\">\u0130\u015ften  at\u0131labilece\u011finizi d\u00fc\u015f\u00fcnd\u00fcn\u00fcz m\u00fc siz de?<br \/>\nHer gece saat 04.00 civar\u0131 ayn\u0131  r\u00fcyay\u0131 g\u00f6r\u00fcyorum ben, kovuldu\u011fumu. Kalk\u0131yorum yata\u011f\u0131mdan salona geliyorum.  Arkamdan Andree gelir. Anlar hemen. &#8220;Sana ba\u015fka i\u015f mi yok, \u00fcz\u00fclme&#8221; der sar\u0131l\u0131p.  Ben de burnumu \u00e7eke \u00e7eke &#8220;Hakl\u0131 olabilirsin&#8221; derim. Ya\u015fad\u0131klar\u0131m\u0131zdan  etkilenmedi\u011fimizi kimse s\u00f6yleyemez. Ben \u00e7ok al\u0131ngan\u0131md\u0131r. \u00d6zel hayat\u0131mda da  b\u00f6yledir bu. Beni atsalard\u0131 ben Emin gibi k\u0131zmazd\u0131m. Emin \u00f6fkeli. Kitap da  yazmazd\u0131m ben. \u0130\u00e7ime kapan\u0131r, buralardan gitmek isterdim. Emin&#8217;le farkl\u0131y\u0131z biz.\n<\/p>\n<p style=\"text-align: justify;\"><strong>Siz b\u0131rakmay\u0131 d\u00fc\u015f\u00fcnd\u00fcn\u00fcz ama..<\/strong><\/p>\n<p style=\"text-align: justify;\">Gece H\u00fcsamettin Cindoruk&#8217;un  evindeydik. Ben \u00e7ok ciddi b\u0131rakmay\u0131 d\u00fc\u015f\u00fcnd\u00fcm. Hatta H\u00fcsamettin Bey bana &#8220;Hay\u0131r,  b\u0131rakma&#8221; dedi.<\/p>\n<p style=\"text-align: justify;\"><strong>D\u00fcr\u00fcst olmak laz\u0131m!<br \/>\nBen at\u0131lsam, Emin k\u0131l\u0131n\u0131  k\u0131p\u0131rdatmazd\u0131<\/strong>\n<\/p>\n<p style=\"text-align: justify;\"><strong>Emin \u00c7\u00f6la\u015fan&#8217;\u0131n kovulmas\u0131ndan sonra da siz zor  g\u00fcnler ya\u015fad\u0131n\u0131z de\u011fil mi? \u00c7ok mu yak\u0131n iki arkada\u015fs\u0131n\u0131z siz  ger\u00e7ekten?<\/strong><\/p>\n<p style=\"text-align: justify;\">Kanka de\u011filiz. Rakibiz bir yerde. D\u00fcr\u00fcst olmak laz\u0131m.  Grup \u00e7al\u0131\u015fmas\u0131 yapamazs\u0131n gazetecilikte. Bireyseldir. Yaz\u0131lar\u0131ndan dolay\u0131 kim  kovulmu\u015f olsa ben onun i\u00e7in de ayn\u0131 tepkiyi verirdim H\u00fcrriyet&#8217;te. Ama beni  atsalar Emin&#8217;in k\u0131l\u0131 k\u0131p\u0131rdamazd\u0131. Umrunda bile olmazd\u0131. Ne diyece\u011fini de  biliyorum &#8220;Bekirci\u011fim ge\u00e7mi\u015f olsun. Olur b\u00f6yle \u015feyler, \u00fcz\u00fclme, herkesin ba\u015f\u0131na  gelir&#8221; diyecekti. Bir daha da aramazd\u0131. Yemin ediyorum b\u00f6yle olurdu. Bu benim  ger\u00e7ek d\u00fc\u015f\u00fcncem..<\/p>\n<p style=\"text-align: justify;\">Okuyucular\u0131m\u0131n bir k\u0131sm\u0131 da &#8220;Emin \u00c7\u00f6la\u015fan at\u0131ld\u0131,  sen de b\u0131rak&#8221; dedi. Ama buna en g\u00fczel cevab\u0131 Emin kitab\u0131nda vermi\u015f. Ona  soruyorlar &#8220;Madem bask\u0131 vard\u0131, sans\u00fcr vard\u0131. Siz niye b\u0131rakmad\u0131n\u0131z?&#8221; O da diyor  ki &#8220;Kazan\u0131lm\u0131\u015f cepheyi niye b\u0131rakay\u0131m?&#8221; Do\u011fru demi\u015f. B\u0131raksayd\u0131m. O g\u00fcnden beri  neler oldu? Kim yazacakt\u0131 bunlar\u0131?<\/p>\n<p style=\"text-align: justify;\"><strong>H\u00fcrriyet tiraj kaybetti mi Emin  \u00c7\u00f6la\u015fan ayr\u0131ld\u0131ktan sonra?<\/strong><\/p>\n<p style=\"text-align: justify;\">O g\u00fcnlerde tiraj kayboldu. Ama Ba\u015fbakan&#8217;a  minnettar\u0131m, bana &#8220;\u00c7ek git&#8221; dedi o g\u00fcnlerde. Bu sefer i\u015f tersine d\u00f6nd\u00fc H\u00fcrriyet  tiraj ald\u0131.<\/p>\n<p style=\"text-align: justify;\"><strong>Ayd\u0131n Do\u011fan&#8217;\u0131n Emin \u00c7\u00f6la\u015fan&#8217;a a\u00e7t\u0131\u011f\u0131 50 bin TL&#8217;lik  tazminat davas\u0131nda siz Emin \u00c7\u00f6la\u015fan lehine tan\u0131kl\u0131k yapt\u0131n\u0131z. Daha sonra Ayd\u0131n  Do\u011fan&#8217;la konu\u015ftunuz mu sonra?<\/strong><\/p>\n<p style=\"text-align: justify;\">Ne Ertu\u011frul ne de Ayd\u0131n Bey&#8217;le  konu\u015ftum. Zaten rastlasam ben konuyu de\u011fi\u015ftiriyordum hemen. Ayd\u0131n Bey bir kez  bamba\u015fka bir \u015fey i\u00e7in arad\u0131, bu konudan hi\u00e7 bahsetmedi. Bunu &#8220;Sana k\u0131zmad\u0131m,  ili\u015fkimiz aynen devam ediyor&#8221; demek istedi olarak yorumlad\u0131m. Bu ya\u015fad\u0131\u011f\u0131m\u0131z  d\u00fcnya medyas\u0131nda bir ilktir belki. Bir gazeteci patronu aleyhine tav\u0131r koyuyor.  Ben burada Ertu\u011frul \u00d6zk\u00f6k&#8217;e ve H\u00fcrriyet&#8217;in demokrat tavr\u0131na g\u00fcvendim.  Ertu\u011frul&#8217;un beni burada destekleyece\u011fine inand\u0131m. Vicdanen, ne biliyorsam onu  s\u00f6ylemek zorundayd\u0131m. Nohut-k\u00f6m\u00fcr al\u0131p oy satanlara k\u0131z\u0131yorum da kendim maa\u015f  al\u0131yorum diye sussayd\u0131m onlarla ayn\u0131 \u015feyi yapm\u0131\u015f olurdum.<\/p>\n<p style=\"text-align: justify;\"><strong>Mahkemede ne  dediniz siz?<\/strong><\/p>\n<p style=\"text-align: justify;\">&#8220;Emin&#8217;e sans\u00fcr uyguland\u0131&#8221; dedim. Hakim de \u0131srarla  &#8220;Size niye uygulanmad\u0131?&#8221; dedi. &#8220;Bilmiyorum. Yaz\u0131m tarzlar\u0131m\u0131z farkl\u0131, o y\u00fczden  herhalde&#8221; dedim. \u0130ki avukat \u00e7apraz sorguya tuttu beni. Belki ba\u015fka neden de  vard\u0131r hi\u00e7 bilmiyorum, o ne. Ben asl\u0131nda Emin niye kovuldu bilmiyorum, yemin  ederim. \u00c7\u0131kamad\u0131m i\u015fin i\u00e7inden. Bence Emin de Ayd\u0131n Do\u011fan da bunu bilmiyor. O  psikolojinin sonucu \u00f6yle oldu.<\/p>\n<p style=\"text-align: justify;\"><span style=\"color: #888888;\">Kaynak : Sanem ALTAN \/ Vatan Gazetesi<\/span><\/p>\n","protected":false},"excerpt":{"rendered":"<p style=\"text-align: center;\">\n<p style=\"text-align: justify;\">Tayyip Erdo\u011fan, Bekir Co\u015fkun&#8217;a k\u0131z\u0131p da &#8220;Bunlar k\u00f6pekleriyle yatarlar&#8221; deyince &#8220;Bunun devam\u0131nda ne olacak?&#8221; diye merakla beklemeye ba\u015flam\u0131\u015ft\u0131m.<\/p>\n<p style=\"text-align: justify;\"> Sonra ge\u00e7en pazar, Co\u015fkun&#8217;un k\u00f6pe\u011fi Postal&#8217;\u0131n a\u011fz\u0131ndan Erdo\u011fan&#8217;a verdi\u011fi cevab\u0131 okuyunca merak\u0131m yerini &#8220;Bekir Co\u015fkun&#8217;la konu\u015fmal\u0131y\u0131m&#8221; heyecan\u0131na b\u0131rakt\u0131. Haftaba\u015f\u0131 hemen Ankara&#8217;ya gittim. &#8220;Kar\u015f\u0131t fikirlerde olsan\u0131z, hatta birbirinize \u00e7ok k\u0131zsan\u0131z <\/p>\n","protected":false},"author":1,"featured_media":0,"comment_status":"open","ping_status":"closed","sticky":false,"template":"","format":"standard","meta":{"footnotes":""},"categories":[7],"tags":[],"class_list":["post-3527","post","type-post","status-publish","format-standard","hentry","category-ekonomi","odd"],"_links":{"self":[{"href":"http:\/\/www.korhanyilmaz.com\/index.php?rest_route=\/wp\/v2\/posts\/3527","targetHints":{"allow":["GET"]}}],"collection":[{"href":"http:\/\/www.korhanyilmaz.com\/index.php?rest_route=\/wp\/v2\/posts"}],"about":[{"href":"http:\/\/www.korhanyilmaz.com\/index.php?rest_route=\/wp\/v2\/types\/post"}],"author":[{"embeddable":true,"href":"http:\/\/www.korhanyilmaz.com\/index.php?rest_route=\/wp\/v2\/users\/1"}],"replies":[{"embeddable":true,"href":"http:\/\/www.korhanyilmaz.com\/index.php?rest_route=%2Fwp%2Fv2%2Fcomments&post=3527"}],"version-history":[{"count":0,"href":"http:\/\/www.korhanyilmaz.com\/index.php?rest_route=\/wp\/v2\/posts\/3527\/revisions"}],"wp:attachment":[{"href":"http:\/\/www.korhanyilmaz.com\/index.php?rest_route=%2Fwp%2Fv2%2Fmedia&parent=3527"}],"wp:term":[{"taxonomy":"category","embeddable":true,"href":"http:\/\/www.korhanyilmaz.com\/index.php?rest_route=%2Fwp%2Fv2%2Fcategories&post=3527"},{"taxonomy":"post_tag","embeddable":true,"href":"http:\/\/www.korhanyilmaz.com\/index.php?rest_route=%2Fwp%2Fv2%2Ftags&post=3527"}],"curies":[{"name":"wp","href":"https:\/\/api.w.org\/{rel}","templated":true}]}}