{"id":35269,"date":"2011-06-28T00:11:42","date_gmt":"2011-06-27T21:11:42","guid":{"rendered":"http:\/\/www.korhanyilmaz.com\/?p=35269"},"modified":"2011-07-10T22:59:47","modified_gmt":"2011-07-10T19:59:47","slug":"erdogan-dicleye-kapiyi-kapadi","status":"publish","type":"post","link":"http:\/\/www.korhanyilmaz.com\/?p=35269","title":{"rendered":"Erdo\u011fan Dicle&#8217;ye kap\u0131y\u0131 kapad\u0131!"},"content":{"rendered":"<div id=\"attachment_35270\" style=\"width: 308px\" class=\"wp-caption aligncenter\"><a href=\"http:\/\/www.korhanyilmaz.com\/wp-content\/uploads\/2011\/06\/268.jpg\"  class=\"lightview\"><img loading=\"lazy\" decoding=\"async\" aria-describedby=\"caption-attachment-35270\" class=\"size-full wp-image-35270 \" src=\"http:\/\/www.korhanyilmaz.com\/wp-content\/uploads\/2011\/06\/268.jpg\" alt=\"\" width=\"298\" height=\"230\" \/><\/a><p id=\"caption-attachment-35270\" class=\"wp-caption-text\">Kayd\u0131n\u0131 yapt\u0131rmak i\u00e7in TBMM&#39;ye giden Erdo\u011fan bas\u0131n mensuplar\u0131na a\u00e7\u0131klamalarda bulundu.<\/p><\/div>\n<p style=\"text-align: justify;\">BDP&#8217;nin \u015fart\u0131na &#8216;yarg\u0131 ne derse o&#8217; y\u00f6n\u00fcnde yan\u0131t veren Ba\u015fbakan Erdo\u011fan, CHP&#8217;nin olas\u0131 yemin t\u00f6reni boykotunun kayna\u011f\u0131 olan tutuklu milletvekillerinin durumuyla ilgili de Meclis&#8217;i adres g\u00f6sterdi.<\/p>\n<p style=\"text-align: justify;\">Meclis\u2019te bug\u00fcn yap\u0131lacak yemin t\u00f6reni \u00f6ncesi ya\u015fanan siyasi krizin bir ucunda, ayr\u0131 pozisyonlarda olmalar\u0131yla birlikte BDP ile CHP, di\u011fer ucunda da anahtar rol\u00fcndeki AK Parti var. <!--more--><\/p>\n<p style=\"text-align: justify;\">BDP\u2019den gelen \u00e7\u00f6z\u00fcm \u015fartlar\u0131n\u0131n ba\u015f\u0131nda Hatip Dicle\u2019nin milletvekilli\u011finin iade edilmesi gelirken, CHP\u2019den, ilk adres olarak yarg\u0131 g\u00f6sterilmesine ra\u011fmen yasal d\u00fczenleme olmas\u0131 durumunda sorunun \u00e7\u00f6z\u00fclme ihtimali bulundu\u011fu a\u00e7\u0131klamas\u0131 geldi.<\/p>\n<p style=\"text-align: justify;\">Ba\u015fbakan Erdo\u011fan da iki konuyla ilgili konu\u015ftu. Yemin t\u00f6renindeki olas\u0131 CHP boykotu \u00fczerine, &#8220;Millet boykot istemiyor. S\u0131k\u0131nt\u0131 varsa parlamentoda \u00e7\u00f6zmenin gayreti i\u00e7inde oluruz&#8221; diyen Erdo\u011fan, Hatip Dicle konusunda ise kap\u0131lar\u0131 kapad\u0131: &#8220;\u015eu anda yarg\u0131n\u0131n karar\u0131 ne ise buna herkes sayg\u0131 duyacakt\u0131r.&#8221;<\/p>\n<p style=\"text-align: justify;\">Yeni yasama d\u00f6nemi bug\u00fcn milletvekillerinin yemin etmesiyle ba\u015flayacak.<\/p>\n<p style=\"text-align: justify;\">Hatip Dicle&#8217;nin vekilli\u011finin d\u00fc\u015f\u00fcr\u00fclmesi ve tutuklu milletvekilleri nedeniyle sanc\u0131l\u0131 ge\u00e7ecek olan yemin t\u00f6renine ili\u015fkin, MHP\u2019den Meclis\u2019te olunaca\u011f\u0131 y\u00f6n\u00fcnde, BDP\u2019den ise boykot a\u00e7\u0131klamalar\u0131 geldi. CHP ise bug\u00fcn belirleyecek.<\/p>\n<p style=\"text-align: justify;\"><strong>D\u0130CLE&#8217;YE KAPI KAPANDI!<\/strong><\/p>\n<p style=\"text-align: justify;\">BDP, boykot gerek\u00e7esi olan Hatip Dicle\u2019nin vekilli\u011finin d\u00fc\u015f\u00fcr\u00fclmesiyle ilgili AK Parti\u2019ye \u00e7a\u011fr\u0131da bulunmu\u015f ve ilk i\u015f olarak Dicle yerine mazbatas\u0131n\u0131 alan Oya Eronat\u2019\u0131n istifas\u0131n\u0131 \u015fart ko\u015fmu\u015ftu.<\/p>\n<p style=\"text-align: justify;\">Dicle\u2019nin durumuyla ilgili ilk kez bu kadar net konu\u015fan Ba\u015fbakan Erdo\u011fan, BDP\u2019ye kap\u0131lar\u0131 kapad\u0131:<\/p>\n<p style=\"text-align: justify;\">&#8220;Mart ay\u0131na dayanan bir s\u00fcre\u00e7 var. Mahkumiyet karar\u0131 var. Mahkumiyet karar\u0131 olan\u0131n durumu bellidir. Tutuklu olanlarla ilgili s\u00fcre\u00e7 bellidir. Asl\u0131nda gerek siyasi partiler gerekse burada ba\u011f\u0131ms\u0131z aday olanlar ne olaca\u011f\u0131n\u0131 bile bile bu ad\u0131mlar\u0131 att\u0131lar. Bu ger\u00e7e\u011fi l\u00fctfen g\u00f6zard\u0131 etmeyin.<\/p>\n<p style=\"text-align: justify;\">Ba\u015fka aday aday\u0131 m\u0131 bulamad\u0131lar, ba\u015fka aday m\u0131 bulamad\u0131lar da neden bu t\u00fcr s\u0131k\u0131nt\u0131lar\u0131n olaca\u011f\u0131n\u0131 bildikleri insanlar\u0131 aday yapt\u0131lar. Bu sorular\u0131 neden sormuyorsunuz? Hi\u00e7 aday m\u0131 yoktu? S\u0131k\u0131nt\u0131 buradan geliyor. Demek ki buralarda yasalar\u0131 zorlamak suretiyle \u00fclkede yeni yeni gerilimlere zemin haz\u0131rlamakt\u0131.<\/p>\n<p style=\"text-align: justify;\">Bu i\u015fler konu\u015fuldu\u011fu zaman bizler de d\u00fc\u015f\u00fcncelerimizi kanaatlerimizi s\u00f6yledik. &#8216;Yanl\u0131\u015f ad\u0131m at\u0131yorsunuz&#8230;&#8217; Bunlar\u0131n hepsini s\u00f6yledik. Ama ne yaz\u0131k ki bunlar\u0131n hi\u00e7 biri yer bulmad\u0131 ve bug\u00fcne gelindi. \u015eu anda da yarg\u0131n\u0131n karar\u0131 ne ise buna herkes sayg\u0131 duyacakt\u0131r.&#8221;<\/p>\n<p style=\"text-align: justify;\"><strong>KILI\u00c7DARO\u011eLU\u2019DAN \u00d6NER\u0130!<\/strong><\/p>\n<p style=\"text-align: justify;\">\u00d6nce yarg\u0131 ard\u0131ndan da iktidar partisinin \u00e7\u00f6z\u00fcm yeri olarak g\u00f6r\u00fcld\u00fc\u011f\u00fc bir di\u011fer konu ise tutuklu milletvekillerinin durumu. Balbay ve Haberal\u2019\u0131n mahkemece serbest b\u0131rak\u0131lmamas\u0131 \u00fczerine, yemin t\u00f6renini boykot \u00fczerinde duran ve karar\u0131n\u0131 bug\u00fcn verecek olan CHP\u2019de, genel ba\u015fkan K\u0131l\u0131\u00e7daro\u011flu\u2019dan \u00f6neri niteli\u011finde bir a\u00e7\u0131klama geldi.<\/p>\n<p style=\"text-align: justify;\">D\u00fcn yeni vekillerle tan\u0131\u015fma toplant\u0131s\u0131nda biraraya gelen K\u0131l\u0131\u00e7daro\u011flu ilk olarak, ortada bir mahkumiyet olmad\u0131\u011f\u0131 i\u00e7in yasal bir d\u00fczenlemeye gerek olmad\u0131\u011f\u0131n\u0131, karar\u0131 mahkemenin verece\u011fini belirtirken, baz\u0131 CHP&#8217;li y\u00f6neticilerin iktidar partisi s\u00f6z verirse yemin ederiz \u015feklinde a\u00e7\u0131klamalar\u0131yla ilgili de \u015f\u00f6yle konu\u015ftu:<\/p>\n<p style=\"text-align: justify;\">&#8220;Tutukluluk s\u00fcresiyle ilgili bir s\u0131n\u0131rlama getirirse bu sorun yasal d\u00fczenlemeyle \u00e7\u00f6z\u00fcl\u00fcr, mahkemenin taktiriyle de \u00e7\u00f6z\u00fclebilecek, yasal d\u00fczenlemeyle de \u00e7\u00f6z\u00fclebilecek bir konudur bu.&#8221;<\/p>\n<p style=\"text-align: justify;\"><strong>ERDO\u011eAN: \u00c7\u00d6Z\u00dcM GAYRET\u0130 \u0130\u00c7\u0130NDE OLURUZ<\/strong><\/p>\n<p style=\"text-align: justify;\">Ba\u015fbakan Erdo\u011fan da, olas\u0131 CHP boykotu sorusu \u00fczerine \u015funlar\u0131 s\u00f6yledi: &#8220;Millet bizden boykot istemiyor, &#8216;git orada benim haklar\u0131m\u0131 savun, benim sorunlar\u0131m\u0131 orada \u00e7\u00f6z&#8217; diyor. Onun i\u00e7in bizim ilk, en \u00f6nemli hedefimiz bu d\u00f6nemde in\u015fallah yeni bir anayasay\u0131 yapma te\u015febb\u00fcs\u00fcnde bulunmakt\u0131r.<\/p>\n<p style=\"text-align: justify;\">Meydanlarda hep birlikte bunun s\u00f6z\u00fcn\u00fc verdik. Hep birlikte bunun s\u00f6z\u00fcn\u00fc verenler, gelirler parlamentoda otururuz, konu\u015furuz, nerede bir s\u0131k\u0131nt\u0131, sorun varsa bu sorunlar\u0131 \u00e7\u00f6zmenin gayreti i\u00e7inde oluruz.&#8221;<\/p>\n<p style=\"text-align: justify;\"><a href=\"Yeni yasama d\u00f6nemi bug\u00fcn milletvekillerinin yemin etmesiyle ba\u015flayacak.  Hatip Dicle'nin vekilli\u011finin d\u00fc\u015f\u00fcr\u00fclmesi ve tutuklu milletvekilleri nedeniyle sanc\u0131l\u0131 ge\u00e7ecek olan yemin t\u00f6renine ili\u015fkin, MHP\u2019den Meclis\u2019te olunaca\u011f\u0131 y\u00f6n\u00fcnde, BDP\u2019den ise boykot a\u00e7\u0131klamalar\u0131 geldi. CHP ise bug\u00fcn belirleyecek.  D\u0130CLE'YE KAPI KAPANDI! BDP, boykot gerek\u00e7esi olan Hatip Dicle\u2019nin vekilli\u011finin d\u00fc\u015f\u00fcr\u00fclmesiyle ilgili AK Parti\u2019ye \u00e7a\u011fr\u0131da bulunmu\u015f ve ilk i\u015f olarak Dicle yerine mazbatas\u0131n\u0131 alan Oya Eronat\u2019\u0131n istifas\u0131n\u0131 \u015fart ko\u015fmu\u015ftu.  Dicle\u2019nin durumuyla ilgili ilk kez bu kadar net konu\u015fan Ba\u015fbakan Erdo\u011fan, BDP\u2019ye kap\u0131lar\u0131 kapad\u0131:  &quot;Mart ay\u0131na dayanan bir s\u00fcre\u00e7 var. Mahkumiyet karar\u0131 var. Mahkumiyet karar\u0131 olan\u0131n durumu bellidir. Tutuklu olanlarla ilgili s\u00fcre\u00e7 bellidir. Asl\u0131nda gerek siyasi partiler gerekse burada ba\u011f\u0131ms\u0131z aday olanlar ne olaca\u011f\u0131n\u0131 bile bile bu ad\u0131mlar\u0131 att\u0131lar. Bu ger\u00e7e\u011fi l\u00fctfen g\u00f6zard\u0131 etmeyin.  Ba\u015fka aday aday\u0131 m\u0131 bulamad\u0131lar, ba\u015fka aday m\u0131 bulamad\u0131lar da neden bu t\u00fcr s\u0131k\u0131nt\u0131lar\u0131n olaca\u011f\u0131n\u0131 bildikleri insanlar\u0131 aday yapt\u0131lar. Bu sorular\u0131 neden sormuyorsunuz? Hi\u00e7 aday m\u0131 yoktu? S\u0131k\u0131nt\u0131 buradan geliyor. Demek ki buralarda yasalar\u0131 zorlamak suretiyle \u00fclkede yeni yeni gerilimlere zemin haz\u0131rlamakt\u0131.  Bu i\u015fler konu\u015fuldu\u011fu zaman bizler de d\u00fc\u015f\u00fcncelerimizi kanaatlerimizi s\u00f6yledik. 'Yanl\u0131\u015f ad\u0131m at\u0131yorsunuz...' Bunlar\u0131n hepsini s\u00f6yledik. Ama ne yaz\u0131k ki bunlar\u0131n hi\u00e7 biri yer bulmad\u0131 ve bug\u00fcne gelindi. \u015eu anda da yarg\u0131n\u0131n karar\u0131 ne ise buna herkes sayg\u0131 duyacakt\u0131r.&quot;  KILI\u00c7DARO\u011eLU\u2019DAN \u00d6NER\u0130! \u00d6nce yarg\u0131 ard\u0131ndan da iktidar partisinin \u00e7\u00f6z\u00fcm yeri olarak g\u00f6r\u00fcld\u00fc\u011f\u00fc bir di\u011fer konu ise tutuklu milletvekillerinin durumu. Balbay ve Haberal\u2019\u0131n mahkemece serbest b\u0131rak\u0131lmamas\u0131 \u00fczerine, yemin t\u00f6renini boykot \u00fczerinde duran ve karar\u0131n\u0131 bug\u00fcn verecek olan CHP\u2019de, genel ba\u015fkan K\u0131l\u0131\u00e7daro\u011flu\u2019dan \u00f6neri niteli\u011finde bir a\u00e7\u0131klama geldi.  D\u00fcn yeni vekillerle tan\u0131\u015fma toplant\u0131s\u0131nda biraraya gelen K\u0131l\u0131\u00e7daro\u011flu ilk olarak, ortada bir mahkumiyet olmad\u0131\u011f\u0131 i\u00e7in yasal bir d\u00fczenlemeye gerek olmad\u0131\u011f\u0131n\u0131, karar\u0131 mahkemenin verece\u011fini belirtirken, baz\u0131 CHP'li y\u00f6neticilerin iktidar partisi s\u00f6z verirse yemin ederiz \u015feklinde a\u00e7\u0131klamalar\u0131yla ilgili de \u015f\u00f6yle konu\u015ftu:  &quot;Tutukluluk s\u00fcresiyle ilgili bir s\u0131n\u0131rlama getirirse bu sorun yasal d\u00fczenlemeyle \u00e7\u00f6z\u00fcl\u00fcr, mahkemenin taktiriyle de \u00e7\u00f6z\u00fclebilecek, yasal d\u00fczenlemeyle de \u00e7\u00f6z\u00fclebilecek bir konudur bu.&quot;  ERDO\u011eAN: \u00c7\u00d6Z\u00dcM GAYRET\u0130 \u0130\u00c7\u0130NDE OLURUZ Ba\u015fbakan Erdo\u011fan da, olas\u0131 CHP boykotu sorusu \u00fczerine \u015funlar\u0131 s\u00f6yledi: &quot;Millet bizden boykot istemiyor, 'git orada benim haklar\u0131m\u0131 savun, benim sorunlar\u0131m\u0131 orada \u00e7\u00f6z' diyor. Onun i\u00e7in bizim ilk, en \u00f6nemli hedefimiz bu d\u00f6nemde in\u015fallah yeni bir anayasay\u0131 yapma te\u015febb\u00fcs\u00fcnde bulunmakt\u0131r.  Meydanlarda hep birlikte bunun s\u00f6z\u00fcn\u00fc verdik. Hep birlikte bunun s\u00f6z\u00fcn\u00fc verenler, gelirler parlamentoda otururuz, konu\u015furuz, nerede bir s\u0131k\u0131nt\u0131, sorun varsa bu sorunlar\u0131 \u00e7\u00f6zmenin gayreti i\u00e7inde oluruz.&quot;\" target=\"_blank\">Kaynak : NTVMSNBC<\/a><\/p>\n","protected":false},"excerpt":{"rendered":"<p id=\"caption-attachment-35270\" class=\"wp-caption-text\">Kayd\u0131n\u0131 yapt\u0131rmak i\u00e7in TBMM&#39;ye giden Erdo\u011fan bas\u0131n mensuplar\u0131na a\u00e7\u0131klamalarda bulundu.<\/p>\n<p style=\"text-align: justify;\">BDP&#8217;nin \u015fart\u0131na &#8216;yarg\u0131 ne derse o&#8217; y\u00f6n\u00fcnde yan\u0131t veren Ba\u015fbakan Erdo\u011fan, CHP&#8217;nin olas\u0131 yemin t\u00f6reni boykotunun kayna\u011f\u0131 olan tutuklu milletvekillerinin durumuyla ilgili de Meclis&#8217;i adres g\u00f6sterdi.<\/p>\n<p style=\"text-align: justify;\">Meclis\u2019te bug\u00fcn yap\u0131lacak yemin t\u00f6reni \u00f6ncesi ya\u015fanan siyasi krizin bir ucunda, ayr\u0131 pozisyonlarda <\/p>\n","protected":false},"author":1,"featured_media":0,"comment_status":"open","ping_status":"closed","sticky":false,"template":"","format":"standard","meta":{"footnotes":""},"categories":[105],"tags":[],"class_list":["post-35269","post","type-post","status-publish","format-standard","hentry","category-gundem","odd"],"_links":{"self":[{"href":"http:\/\/www.korhanyilmaz.com\/index.php?rest_route=\/wp\/v2\/posts\/35269","targetHints":{"allow":["GET"]}}],"collection":[{"href":"http:\/\/www.korhanyilmaz.com\/index.php?rest_route=\/wp\/v2\/posts"}],"about":[{"href":"http:\/\/www.korhanyilmaz.com\/index.php?rest_route=\/wp\/v2\/types\/post"}],"author":[{"embeddable":true,"href":"http:\/\/www.korhanyilmaz.com\/index.php?rest_route=\/wp\/v2\/users\/1"}],"replies":[{"embeddable":true,"href":"http:\/\/www.korhanyilmaz.com\/index.php?rest_route=%2Fwp%2Fv2%2Fcomments&post=35269"}],"version-history":[{"count":0,"href":"http:\/\/www.korhanyilmaz.com\/index.php?rest_route=\/wp\/v2\/posts\/35269\/revisions"}],"wp:attachment":[{"href":"http:\/\/www.korhanyilmaz.com\/index.php?rest_route=%2Fwp%2Fv2%2Fmedia&parent=35269"}],"wp:term":[{"taxonomy":"category","embeddable":true,"href":"http:\/\/www.korhanyilmaz.com\/index.php?rest_route=%2Fwp%2Fv2%2Fcategories&post=35269"},{"taxonomy":"post_tag","embeddable":true,"href":"http:\/\/www.korhanyilmaz.com\/index.php?rest_route=%2Fwp%2Fv2%2Ftags&post=35269"}],"curies":[{"name":"wp","href":"https:\/\/api.w.org\/{rel}","templated":true}]}}