{"id":35260,"date":"2011-06-28T07:23:33","date_gmt":"2011-06-28T04:23:33","guid":{"rendered":"http:\/\/www.korhanyilmaz.com\/?p=35260"},"modified":"2011-07-10T23:28:15","modified_gmt":"2011-07-10T20:28:15","slug":"%e2%80%98basbakan-soz-verirse-yemin-ederiz%e2%80%99","status":"publish","type":"post","link":"http:\/\/www.korhanyilmaz.com\/?p=35260","title":{"rendered":"\u2018Ba\u015fbakan s\u00f6z verirse yemin ederiz\u2019"},"content":{"rendered":"<p style=\"text-align: center;\"><a href=\"http:\/\/www.korhanyilmaz.com\/wp-content\/uploads\/2011\/06\/267.jpg\"  class=\"lightview\"><img loading=\"lazy\" decoding=\"async\" class=\"aligncenter size-full wp-image-35261\" src=\"http:\/\/www.korhanyilmaz.com\/wp-content\/uploads\/2011\/06\/267.jpg\" alt=\"\" width=\"325\" height=\"206\" \/><\/a><\/p>\n<p style=\"text-align: justify;\">Bug\u00fcnk\u00fc kritik Meclis a\u00e7\u0131l\u0131\u015f\u0131 \u00f6ncesinde konu\u015fan CHP Genel Ba\u015fkan\u0131, Ba\u015fbakan\u2019\u0131n s\u00f6z vermesi durumunda bug\u00fcn yemin edeceklerini s\u00f6yledi.<\/p>\n<p style=\"text-align: justify;\">ANKARA &#8211; Meclis bug\u00fcn en tart\u0131\u015fmal\u0131 a\u00e7\u0131l\u0131\u015flar\u0131ndan birini ya\u015fayacak.BDP\u2019nin destekledi\u011fi ba\u011f\u0131ms\u0131z milletvekilleri Hatip Dicle\u2019nin milletvekilli\u011finin d\u00fc\u015f\u00fcr\u00fclmesi sonras\u0131 boykot karar\u0131 ald\u0131. CHP ise Mustafa Balbay ve Mehmet Haberal\u2019\u0131n tahliye edilmemesi nedeniyle Meclis\u2019e girip girmemeyi bug\u00fcn yapaca\u011f\u0131 MYK toplant\u0131s\u0131ndan sonra netle\u015ftirecek. <!--more--><\/p>\n<p style=\"text-align: justify;\">Kritik toplant\u0131dan \u00f6nce Milliyet gazetesinden Fikret Bila\u2019ya konu\u015fan CHP Genel Ba\u015fkan\u0131 Kemal K\u0131l\u0131\u00e7daro\u011flu , Ba\u015fbakan\u2019\u0131n s\u00f6z vermesi durumunda yemen edebileceklerini s\u00f6yledi.<\/p>\n<p style=\"text-align: justify;\">K\u0131l\u0131\u00e7daro\u011flu ile yapt\u0131\u011f\u0131 g\u00f6r\u00fc\u015fmeyi bug\u00fcnk\u00fc k\u00f6\u015fesine ta\u015f\u0131yan Bila \u015funlar\u0131 yazd\u0131:<\/p>\n<p style=\"text-align: justify;\">K\u0131l\u0131\u00e7daro\u011flu\u2019yla, d\u00fcn CHP milletvekilleri i\u00e7in ODT\u00dc\u2019n\u00fcn Vi\u015fnelik Tesisleri\u2019nde verdi\u011fi kokteylde sohbet olana\u011f\u0131 buldum. K\u0131l\u0131\u00e7daro\u011flu sorular\u0131ma \u015fu yan\u0131tlar\u0131 verdi:<\/p>\n<p style=\"text-align: justify;\"><strong>\u2018ARKADA\u015eLARIMIZ REH\u0130N\u2019<\/strong><\/p>\n<p style=\"text-align: justify;\"><strong>-Bir karara vard\u0131n\u0131z m\u0131? Yemin edip etmemek konusunda bir e\u011filim otaya \u00e7\u0131kt\u0131 m\u0131?<\/strong><\/p>\n<p style=\"text-align: justify;\">-Yar\u0131n (bug\u00fcn) MYK ve grup toplant\u0131s\u0131 yapaca\u011f\u0131z. Karar\u0131 birlikte olu\u015fturaca\u011f\u0131z. Tek ba\u015f\u0131ma karar almam do\u011fru de\u011fil zaten. \u015eu anda iki arkada\u015f\u0131m\u0131z (Mustafa Balbay ve Mehmet Haberal) rehin durumunda. Onlar\u0131n tahliye edilmesi i\u00e7in hi\u00e7bir engel yok asl\u0131nda. Biz tahliye edilmelerini bekliyoruz.<\/p>\n<p style=\"text-align: justify;\"><strong>\u2018SARI \u00d6K\u00dcZ OLAYINA D\u00d6NER\u2019<\/strong><\/p>\n<p style=\"text-align: justify;\"><strong>-Yemin etmek i\u00e7in tahliye karar\u0131n\u0131 m\u0131 bekleyeceksiniz?<\/strong><\/p>\n<p style=\"text-align: justify;\">-Tahliye edilmeleri gerekiyor. Hukuk da bunu s\u00f6yl\u00fcyor. Ama iki h\u00e2kim, arkada\u015flar\u0131m\u0131z\u0131 rehin alm\u0131\u015f neredeyse. Bu h\u00e2kimlerin de tarafs\u0131zl\u0131klar\u0131n\u0131 yitirdikleri yine yarg\u0131 karar\u0131yla tespit edilmi\u015f durumda. Bizim buna tepki g\u00f6stermemiz g\u00f6revimizdir. Arkada\u015flar\u0131m\u0131z\u0131n tahliyesi mutlaka sa\u011flanmal\u0131. Aksi halde bu i\u015f sar\u0131 \u00f6k\u00fcz hik\u00e2yesine d\u00f6ner. (Sar\u0131 \u00f6k\u00fcz hik\u00e2yesi: Aslanlar kalabal\u0131k s\u00fcr\u00fcye sald\u0131rmaktan \u00e7ekiniyorlar ama pe\u015flerini de b\u0131rakm\u0131yorlar. Diyorlar ki i\u00e7inizde yaral\u0131, zay\u0131f durumda bir sar\u0131 \u00f6k\u00fcz var, biz onun pe\u015findeyiz, onu verin, bizim sizinle bir derdimiz yok, pe\u015finizi b\u0131rakaca\u011f\u0131z. Sar\u0131 \u00f6k\u00fcz\u00fc veriyorlar ama ondan sonra her g\u00fcn bir ba\u015fkas\u0131n\u0131 istiyorlar ve al\u0131yorlar. Sonra s\u00fcr\u00fcn\u00fcn \u00f6nde gelenleri kendi aralar\u0131nda durumu de\u011ferlendiriyorlar ve sar\u0131 \u00f6k\u00fcz\u00fc vermeyecektik, biz hatay\u0131 orada yapt\u0131k, sonucuna var\u0131yorlar.)<\/p>\n<p style=\"text-align: justify;\"><strong>\u2018S\u0130YAS\u0130 SORUN OLUR\u2019<\/strong><\/p>\n<p style=\"text-align: justify;\"><strong>-\u0130tiraz mahkemeleri de tahliye karar\u0131 vermezse tutumunuz ne olacak?<\/strong><\/p>\n<p style=\"text-align: justify;\">-En do\u011fru yol itiraz mahkemelerinin tahliye karar\u0131 vermesidir. Tutuklu kalmalar\u0131 i\u00e7in bir neden yok. E\u011fer b\u00f6yle bir karar \u00e7\u0131karsa sorun kalmaz. Ancak itiraz mahkemeleri de tutuklu kalmalar\u0131nda \u0131srar ederlerse, bunun siyasi sonu\u00e7lar\u0131 da olur. Herhalde bunu iktidar da d\u00fc\u015f\u00fcn\u00fcyordur. Yenianayasa ba\u015fta olmak \u00fczere bir\u00e7ok konu var g\u00fcndemde. B\u00f6yle bir ortamda uzla\u015fmaya dayal\u0131 bir \u00e7al\u0131\u015fma nas\u0131l y\u00fcr\u00fct\u00fcl\u00fcr? Di\u011fer \u00e7al\u0131\u015fmalar nas\u0131l y\u00fcr\u00fct\u00fcl\u00fcr? 550 milletvekili se\u00e7ildi. Siz Meclis\u2019i 550 milletvekiliyle toplayam\u0131yorsunuz, bu iktidar i\u00e7in b\u00fcy\u00fck sorun yarat\u0131r.<\/p>\n<p style=\"text-align: justify;\"><strong>\u2018BA\u015eBAKAN S\u00d6Z VER\u0130RSE\u2019<\/strong><\/p>\n<p style=\"text-align: justify;\"><strong>-Sizin bu \u00e7a\u011fr\u0131n\u0131z yarg\u0131ya m\u0131 d\u00f6n\u00fck Ba\u015fbakan Tayyip Erdo\u011fan\u2019a m\u0131? Bu yakla\u015f\u0131m\u0131n\u0131za kar\u015f\u0131 AKP\u2019den de, Ba\u015fbakan yarg\u0131ya talimat veremez ki, muhatab\u0131 yarg\u0131d\u0131r, yan\u0131t\u0131 geliyor. Siz Ba\u015fbakan\u2019dan ne bekliyorsunuz?<\/strong><\/p>\n<p style=\"text-align: justify;\">&#8211; Ben Ba\u015fbakan\u2019a da \u00e7a\u011fr\u0131 yap\u0131yorum. Bunu bilerek yap\u0131yorum. \u00c7\u00fcnk\u00fc yarg\u0131n\u0131n siyasalla\u015ft\u0131\u011f\u0131n\u0131 hepimiz biliyoruz. Say\u0131n Ba\u015fbakan zaten ben bu davan\u0131n savc\u0131s\u0131y\u0131m demedi mi? O nedenlerle Ba\u015fbakan\u2019a s\u00f6yl\u00fcyorum.<\/p>\n<p style=\"text-align: justify;\"><strong>-Peki ne yan\u0131t bekliyorsunuz ? Ba\u015fbakan ne derse sorun \u00e7\u00f6z\u00fcl\u00fcr? \u00d6rne\u011fin s\u00f6z verirse yar\u0131n (bug\u00fcn) yemin eder misiniz?<\/strong><\/p>\n<p style=\"text-align: justify;\">&#8211; S\u00f6z verirse, elbette edilir. O zaman sorun \u00e7\u00f6z\u00fcl\u00fcr. Ba\u015fbakan da \u00e7\u0131k\u0131p demeli ki, milli irade \u00fczerinde ba\u015fka g\u00fc\u00e7 olmaz. Se\u00e7ilmi\u015f milletvekillerinin tahliyesi gerekir. Bunun i\u00e7in gereken yap\u0131lacakt\u0131r. Ba\u015fbakan\u2019\u0131n b\u00f6yle konu\u015fmas\u0131 gerekir.<\/p>\n<p style=\"text-align: justify;\"><strong>-Ba\u015fbakan b\u00f6yle bir s\u00f6z verse bile karar\u0131 yine mahkeme vermeyecek mi?<\/strong><\/p>\n<p style=\"text-align: justify;\">&#8211; Bize g\u00f6re bir yasal d\u00fczenlemeye bile ihtiya\u00e7 yok. Mevcut mevzuata g\u00f6re mahkemenin tahliye etmesi gerekir. Ancak, itiraz mahkemesi de tahliye karar\u0131 vermezse, o zaman oturulur konu\u015fulur. Ba\u015fbakan bu s\u00f6z\u00fc verince birlikte \u00e7\u00f6z\u00fcm bulunur. Bir kanun yap\u0131l\u0131r ve tahliyeleri sa\u011flan\u0131r. Mahkeme o d\u00fczenlemeye g\u00f6re tahliye eder. \u015eu anda h\u00e2kimlerin \u00e7ok geni\u015f bir takdir hakk\u0131 s\u00f6z konusu ve o kullan\u0131larak arkada\u015flar\u0131m\u0131z haks\u0131z yere i\u00e7eride tutuluyor. Ba\u015fbakan da buna itiraz etmeli.<\/p>\n<p style=\"text-align: justify;\"><strong>\u2018SON ANA KADAR BEKLEYECE\u011e\u0130Z\u2019<\/strong><\/p>\n<p style=\"text-align: justify;\"><strong>-Yar\u0131n (bug\u00fcn) nas\u0131l ve ne zaman karar vereceksiniz ?<\/strong><\/p>\n<p style=\"text-align: justify;\">-Yar\u0131n (bug\u00fcn) sabah MYK toplant\u0131m\u0131z var. \u00d6\u011flen de Meclis grubumuzu toplayaca\u011f\u0131z. Geli\u015fmeleri takip edece\u011fiz ve son ana kadar bekleyece\u011fiz. Karar\u0131 grupta birlikte verece\u011fiz.<\/p>\n<p style=\"text-align: justify;\"><a href=\"http:\/\/www.ntvmsnbc.com\/id\/25227203\/\" target=\"_blank\">Kaynak : NTVMSNBC<\/a><\/p>\n","protected":false},"excerpt":{"rendered":"<p style=\"text-align: center;\">\n<p style=\"text-align: justify;\">Bug\u00fcnk\u00fc kritik Meclis a\u00e7\u0131l\u0131\u015f\u0131 \u00f6ncesinde konu\u015fan CHP Genel Ba\u015fkan\u0131, Ba\u015fbakan\u2019\u0131n s\u00f6z vermesi durumunda bug\u00fcn yemin edeceklerini s\u00f6yledi.<\/p>\n<p style=\"text-align: justify;\">ANKARA &#8211; Meclis bug\u00fcn en tart\u0131\u015fmal\u0131 a\u00e7\u0131l\u0131\u015flar\u0131ndan birini ya\u015fayacak.BDP\u2019nin destekledi\u011fi ba\u011f\u0131ms\u0131z milletvekilleri Hatip Dicle\u2019nin milletvekilli\u011finin d\u00fc\u015f\u00fcr\u00fclmesi sonras\u0131 boykot karar\u0131 ald\u0131. CHP ise Mustafa Balbay ve Mehmet Haberal\u2019\u0131n tahliye edilmemesi nedeniyle Meclis\u2019e <\/p>\n","protected":false},"author":1,"featured_media":0,"comment_status":"open","ping_status":"closed","sticky":false,"template":"","format":"standard","meta":{"footnotes":""},"categories":[105],"tags":[],"class_list":["post-35260","post","type-post","status-publish","format-standard","hentry","category-gundem","odd"],"_links":{"self":[{"href":"http:\/\/www.korhanyilmaz.com\/index.php?rest_route=\/wp\/v2\/posts\/35260","targetHints":{"allow":["GET"]}}],"collection":[{"href":"http:\/\/www.korhanyilmaz.com\/index.php?rest_route=\/wp\/v2\/posts"}],"about":[{"href":"http:\/\/www.korhanyilmaz.com\/index.php?rest_route=\/wp\/v2\/types\/post"}],"author":[{"embeddable":true,"href":"http:\/\/www.korhanyilmaz.com\/index.php?rest_route=\/wp\/v2\/users\/1"}],"replies":[{"embeddable":true,"href":"http:\/\/www.korhanyilmaz.com\/index.php?rest_route=%2Fwp%2Fv2%2Fcomments&post=35260"}],"version-history":[{"count":0,"href":"http:\/\/www.korhanyilmaz.com\/index.php?rest_route=\/wp\/v2\/posts\/35260\/revisions"}],"wp:attachment":[{"href":"http:\/\/www.korhanyilmaz.com\/index.php?rest_route=%2Fwp%2Fv2%2Fmedia&parent=35260"}],"wp:term":[{"taxonomy":"category","embeddable":true,"href":"http:\/\/www.korhanyilmaz.com\/index.php?rest_route=%2Fwp%2Fv2%2Fcategories&post=35260"},{"taxonomy":"post_tag","embeddable":true,"href":"http:\/\/www.korhanyilmaz.com\/index.php?rest_route=%2Fwp%2Fv2%2Ftags&post=35260"}],"curies":[{"name":"wp","href":"https:\/\/api.w.org\/{rel}","templated":true}]}}