{"id":35203,"date":"2011-06-27T08:45:00","date_gmt":"2011-06-27T05:45:00","guid":{"rendered":"http:\/\/www.korhanyilmaz.com\/?p=35203"},"modified":"2011-07-10T23:29:14","modified_gmt":"2011-07-10T20:29:14","slug":"chp-yemin-etmeyecek","status":"publish","type":"post","link":"http:\/\/www.korhanyilmaz.com\/?p=35203","title":{"rendered":"CHP yemin etmeyecek"},"content":{"rendered":"<p style=\"text-align: center;\"><a href=\"http:\/\/www.korhanyilmaz.com\/wp-content\/uploads\/2011\/06\/249.jpeg\"  class=\"lightview\"><img loading=\"lazy\" decoding=\"async\" class=\"aligncenter size-full wp-image-35208\" src=\"http:\/\/www.korhanyilmaz.com\/wp-content\/uploads\/2011\/06\/249.jpeg\" alt=\"\" width=\"350\" height=\"248\" \/><\/a><\/p>\n<div id=\"attachment_35210\" style=\"width: 100px\" class=\"wp-caption alignleft\"><img loading=\"lazy\" decoding=\"async\" aria-describedby=\"caption-attachment-35210\" class=\"size-full wp-image-35210 \" title=\"Asl\u0131 Ayd\u0131nta\u015fba\u015f - Milliyet Gazetesi\" src=\"http:\/\/www.korhanyilmaz.com\/wp-content\/uploads\/2011\/06\/250.jpg\" alt=\"Asl\u0131 Ayd\u0131nta\u015fba\u015f\" width=\"90\" height=\"118\" \/><p id=\"caption-attachment-35210\" class=\"wp-caption-text\">Asl\u0131 Ayd\u0131nta\u015fba\u015f<\/p><\/div>\n<p style=\"text-align: justify;\">Sal\u0131 g\u00fcnk\u00fc Meclis a\u00e7\u0131l\u0131\u015f\u0131nda cumhuriyet tarihinde bir ilk ya\u015fanacak. BDP\u2019nin Meclis\u2019i boykot karar\u0131ndan sonra CHP y\u00f6netimi de tutuklu vekiller konusunda bir geli\u015fme olmazsa yemin etmeme karar\u0131nda.<\/p>\n<p style=\"text-align: justify;\">Gergin bir se\u00e7im atmosferinden sonra T\u00fcrkiye B\u00fcy\u00fck Millet Meclisi yar\u0131n 24\u2019inci yasama y\u0131l\u0131na cumhuriyet tarihinde g\u00f6r\u00fclmemi\u015f bir protesto eylemi ile giriyor olacak.<!--more--><\/p>\n<p style=\"text-align: justify;\">CHP y\u00f6netimi d\u00fcn ve bug\u00fcn, mahkeme karar\u0131yla Meclis\u2019e gelmeleri engellenen tutuklu vekiller Mustafa Balbay ve Mehmet Haberal\u2019\u0131n durumunu masaya yat\u0131rarak TBMM a\u00e7\u0131l\u0131\u015f g\u00fcn\u00fc ve sonras\u0131nda nas\u0131l bir tav\u0131r tak\u0131naca\u011f\u0131n\u0131 tart\u0131\u015f\u0131yor.<\/p>\n<p style=\"text-align: justify;\">Ancak CHP, Balbay ve Haberal\u2019i almadan Meclis\u2019e gitmemeye kararl\u0131. D\u00fcn ak\u015fam saatleri itibariyle parti \u00fcst y\u00f6netimi ve genel merkezde a\u011f\u0131rl\u0131k kazanan e\u011filim, Haberal ve Balbay\u2019\u0131n serbest b\u0131rak\u0131lmas\u0131 yolunda somut bir ad\u0131m at\u0131lmamas\u0131 durumunda Meclis\u2019teki yemin t\u00f6renine kat\u0131lmamakt\u0131.<\/p>\n<p style=\"text-align: justify;\">Haberal ve Balbay\u2019\u0131n tutukluluk durumlar\u0131yla ilgili yeni bir form\u00fcl ya da yarg\u0131 karar\u0131 \u00e7\u0131kmamas\u0131 durumunda, CHP\u2019li vekiller Sal\u0131 g\u00fcn\u00fc Meclis\u2019te bulunacak ancak 24\u2019\u00fcnc\u00fc yasama y\u0131l\u0131 ba\u015flang\u0131c\u0131nda yemin etmeyecek.<\/p>\n<p style=\"text-align: justify;\">D\u00fcn Milliyet\u2019in g\u00f6r\u00fc\u015ft\u00fc\u011f\u00fc \u00fcst d\u00fczey CHP\u2019li yetkililer, partinin \u201cBu iki vekili arkada b\u0131rak\u0131p yola devam etme\u201d niyetinde olmad\u0131\u011f\u0131n\u0131n alt\u0131n\u0131 \u00e7izdi.<\/p>\n<p style=\"text-align: justify;\">Genel Merkez\u2019den isimler, Balbay ve Haberal\u2019\u0131n tutuklulu\u011funu \u201cnamus meselesi\u201d olarak tan\u0131mlarken, BDP Hatip Dicle ve KCK davas\u0131ndan yarg\u0131lanan vekillere sahip \u00e7\u0131karken CHP\u2019nin de pasif direni\u015f g\u00f6sterme niyetinde olmad\u0131\u011f\u0131n\u0131 s\u00f6ylediler.<\/p>\n<p style=\"text-align: justify;\">D\u00fcn g\u00f6r\u00fc\u015ft\u00fc\u011f\u00fcm CHP lideri Kemal K\u0131l\u0131\u00e7daro\u011flu da \u201c\u00d6nce \u00fcst mahkemenin karar\u0131n\u0131 bekleyece\u011fiz. Bug\u00fcn yar\u0131n sorun \u00e7\u00f6z\u00fcl\u00fcrse laf\u0131m\u0131z yok. Ama bu anormal yap\u0131 devam ederse sessiz kalamay\u0131z\u201d s\u00f6zleriyle anamuhalefet partisinin Meclis a\u00e7\u0131l\u0131\u015f t\u00f6reninde \u201csert\u201d bir muhalefet sergilemeye haz\u0131r oldu\u011funun ipu\u00e7lar\u0131n\u0131 verdi.<\/p>\n<p style=\"text-align: justify;\">Partinin nihai karar\u0131, bug\u00fcnk\u00fc MYK toplant\u0131s\u0131nda netle\u015fecek. Ancak Milliyet\u2019in g\u00f6r\u00fc\u015ft\u00fc\u011f\u00fc \u00fcst d\u00fczey CHP\u2019li yetkililer, d\u00fcn gece itibariyle a\u011f\u0131rl\u0131kl\u0131 e\u011filimin Sal\u0131 g\u00fcn\u00fc saat 15:00\u2019deki yemin t\u00f6reninde yemin etmemek oldu\u011funu do\u011frulad\u0131.<\/p>\n<p style=\"text-align: justify;\">Sal\u0131 \u00f6\u011fleden sonra 15.00\u2019e kadar Balbay ve Haberal\u2019la ilgili yarg\u0131 ya da h\u00fck\u00fcmetten somut bir \u00f6neri gelmemesi durumunda CHP\u2019de sadece en ya\u015fl\u0131 \u00fcye olarak Oktay Ek\u015fi milletvekili yeminini edecek ve prosed\u00fcr gere\u011fi ge\u00e7ici Meclis Ba\u015fkan\u0131 olacak. Ek\u015fi\u2019nin ba\u015fkal\u0131k k\u00fcrs\u00fcs\u00fcne oturmas\u0131ndan sonra Meclis\u2019te en gen\u00e7 iki vekilinin kat\u0131l\u0131m\u0131yla ge\u00e7ici ba\u015fkanl\u0131k divan\u0131 olu\u015fturulacak ve yemin t\u00f6reni ba\u015flayacak.<\/p>\n<p style=\"text-align: justify;\">Ancak CHP\u2019lilerin de BDP\u2019liler gibi yemin etmemesi bekleniyor.<\/p>\n<p style=\"text-align: justify;\"><strong>Meclis\u2019i kilitler<\/strong><\/p>\n<p style=\"text-align: justify;\">Asl\u0131nda CHP\u2019nin bu protestosu, \u201csembolik\u201d. Meclis t\u00fcz\u00fc\u011f\u00fc gere\u011fi o g\u00fcn yemin etmeyen vekiller daha ileri bir tarih ya da sonbaharda Meclis \u00e7al\u0131\u015fmalar\u0131 ba\u015flad\u0131\u011f\u0131 zaman yemin edebilir.<\/p>\n<p style=\"text-align: justify;\">Ancak CHP\u2019nin tutumunun, sembollerin \u00f6tesinde ciddi siyasi sonu\u00e7lar\u0131 var. TBMM\u2019nin cumhuriyet tarihinde ilk kez yeni d\u00f6neme iki kritik partinin protesto eylemiyle giriyor olmas\u0131, Meclis a\u00e7\u0131s\u0131ndan g\u00f6r\u00fclmemei\u015f bir s\u0131k\u0131nt\u0131. Bu tablo Meclis\u2019in me\u015fruiyetine g\u00f6lge d\u00fc\u015f\u00fcrmese de, \u201ctutuklu vekiller\u201d sorunu \u00e7\u00f6z\u00fclmeden TBMM \u00e7al\u0131\u015fmalar\u0131n\u0131n \u201cnormalle\u015fmeyece\u011fi\u201d anlam\u0131na geliyor.<\/p>\n<p style=\"text-align: justify;\">BDP\u2019nin boykotu ve ard\u0131ndan CHP\u2019nin yemin protestosu, \u201ctutuklu vekiller\u201d krizi \u00e7\u00f6z\u00fclene kadar Meclis\u2019in \u201ckilitlemesi\u201d anlam\u0131na geliyor.<\/p>\n<p style=\"text-align: justify;\"><strong>KILI\u00c7DARO\u011eLU: Sessiz kalmay\u0131z<\/strong><\/p>\n<p style=\"text-align: justify;\">D\u00fcn \u201ctutuklu vekiller\u201d kriziyle ilgili CHP\u2019nin \u00f6n\u00fcndeki se\u00e7eneklerin ne oldu\u011funu sormak i\u00e7in CHP lideri Kemal K\u0131l\u0131\u00e7daro\u011flu\u2019nu arad\u0131m.<\/p>\n<p style=\"text-align: justify;\">K\u0131l\u0131\u00e7daro\u011flu, se\u00e7imlere kadar \u00e7ok ko\u015fturdu, yoruldu, hemen ard\u0131ndan Deniz Baykal-\u00d6nder Sav ekibinin salvolar\u0131n\u0131 bertaraf etti ve \u015fimdi de \u201ctutuklu vekiller\u201d kriziyle kar\u015f\u0131 kar\u015f\u0131ya. \u00d6ncelikle \u201cArada hi\u00e7 dinlenebildiniz mi?\u201d diye sordum Hay\u0131r, hen\u00fcz tatile gidememi\u015f.<\/p>\n<p style=\"text-align: justify;\">D\u00fcn Aya\u015f\u2019ta bir festivalde gazetecilere \u201c550 milletvekilinin orada olmas\u0131 gerekiyor&#8230; \u0130lk s\u0131nav\u0131m\u0131z\u0131 Sal\u0131 g\u00fcn\u00fc parlamentoda verece\u011fiz. Demokrasi ve \u00f6zg\u00fcrl\u00fck s\u0131nav\u0131m\u0131z\u0131 verirken, demokrasinin ve \u00f6zg\u00fcrl\u00fc\u011f\u00fcn y an\u0131nda y\u00fcreklice duran herkesi parlamentoda, ortak d\u00fc\u015f\u00fc nceye, ortak eyleme \u00e7a\u011f\u0131r\u0131yoruz\u201d demi\u015fti. Bu s\u00f6zler, partisinin Haberal ve Balbay\u2019s\u0131z devam etmeme niyetinde oldu\u011funun ipu\u00e7lar\u0131n\u0131 veriyor.<\/p>\n<p style=\"text-align: justify;\">CHP\u2019nin ne yapaca\u011f\u0131n\u0131 sordum. Cevab\u0131 sat\u0131r aralar\u0131nda gizliydi: \u201cSab\u0131rla h\u00fck\u00fcmetin bu sorunu \u00e7\u00f6zmesini bekliyoruz. Bu demokrasi tarihimizin en ciddi krizlerinden biri. Se\u00e7imler gelenlerin parlamentoda yemin etmelerine izin verilmiyor. H\u00fck\u00fcmet hep halk iradesi diyor. Ancak halk geliyor, o iradeyi tecelli ettiriyor ve iki yarg\u0131\u00e7 hay\u0131r \u00e7\u0131kmazlar diyor. Hangi gerek\u00e7eyle engelleniyor? Halk\u0131n iradesi mi siyasalla\u015ft\u0131r\u0131lm\u0131\u015f yarg\u0131 iradesini mi kabul edece\u011fiz?\u201d<\/p>\n<p style=\"text-align: justify;\">CHP liderine \u201cortak eylem\u201d s\u00f6z\u00fcnden ne kast etti\u011fini sordum. \u201cHalkla birlikte ortak bir tav\u0131r koyaca\u011f\u0131z. Bu tav\u0131r demokrasi gere\u011fidir. Tabii ki \u00f6nce mahkeme karar\u0131n\u0131 bekleyece\u011fiz. Bug\u00fcn yar\u0131n \u00e7\u0131karsa sorun \u00e7\u00f6z\u00fcl\u00fcrse laf\u0131m\u0131z yok. Ama b u durumu g\u00f6rmezden gelirsek, bug\u00fcne kadarki demokrasi m\u00fccadelemizi reddetmi\u015f oluruz. Bu anormal yap\u0131 devam ederse sessiz kalamay\u0131z.\u201d dedi.<\/p>\n<p style=\"text-align: justify;\">K\u0131l\u0131\u00e7daro\u011flu, BDP ve MHP\u2019yle ortak hareket etmediklerini s\u00f6ylese de \u015f\u00f6yle devam etti:<\/p>\n<p style=\"text-align: justify;\">\u201cBiz olaya sadece CHP\u2019li milletvekilleri olarak bakm\u0131yor. Bu bir demokrasi olay\u0131. Bu anlay\u0131\u015f\u0131m\u0131z belli. Di\u011fer partiler taraf\u0131ndan nas\u0131l alg\u0131lan\u0131r bilmiyorum ama demokrasi istiyorsak bu vekillerin Meclis\u2019e girmesi gerekiyor. Gelip yemin etmelerini engelleyecek bir h\u00fck\u00fcm yok.\u201d<\/p>\n<p style=\"text-align: justify;\">CHP lideri tutuklu vekillerin durumunu basit bir yarg\u0131 karar\u0131 olarak g\u00f6rm\u00fcyor \u00e7\u00fcnk\u00fc yarg\u0131n\u0131n siyasalla\u015ft\u0131\u011f\u0131, Ergenekon davas\u0131n\u0131n siyasi irade taraf\u0131ndan etkilendi\u011fi g\u00f6r\u00fc\u015f\u00fcnde: \u201cBu siyasi bir dava. Kararlar \u00f6nce siyasi otorite taraf\u0131ndan al\u0131n\u0131yor sonra mahkeme gelemezler diyor.\u201d<\/p>\n<p style=\"text-align: justify;\"><strong>Osman Kavala: \u00d6l\u00fcm riski yaratan bir m\u00fcdahale<\/strong><\/p>\n<p style=\"text-align: justify;\"><a href=\"http:\/\/www.korhanyilmaz.com\/wp-content\/uploads\/2011\/06\/248.jpeg\"  class=\"lightview\"><img loading=\"lazy\" decoding=\"async\" class=\"alignleft size-full wp-image-35209\" style=\"margin-left: 10px; margin-right: 10px;\" src=\"http:\/\/www.korhanyilmaz.com\/wp-content\/uploads\/2011\/06\/248.jpeg\" alt=\"\" width=\"140\" height=\"188\" \/><\/a>D\u00fcn Hatip Dicle ve tutuklu vekillere destek i\u00e7in \u0130stanbul\u2019da yap\u0131lan mitingde BDP\u2019li vekillerle birlikte polisten biber gaz\u0131 yiyenlerden biri de, Osman Kavala\u2019yd\u0131. Bir zamanlar \u201ck\u0131z\u0131l milyarder\u201d diye de an\u0131lan Kavala, Papermoon\u2019da puro t\u00fctt\u00fcrmektense y\u0131llard\u0131r T\u00fcrkiye\u2019deki demokrasi m\u00fccadelesinde \u00f6n saflarda yer almay\u0131 se\u00e7en s\u0131rad\u0131\u015f\u0131 i\u015fadamlar\u0131ndan.<\/p>\n<p style=\"text-align: justify;\">Yine de bir sivil toplum g\u00f6n\u00fcll\u00fcs\u00fc olarak d\u00fcnk\u00fc eyleme giderken \u201cbiber gaz\u0131\u201d m\u00fcdahalesi beklemiyormu\u015f. Ya\u015fad\u0131klar\u0131n\u0131 \u015f\u00f6yle anlatt\u0131:<\/p>\n<p style=\"text-align: justify;\">\u201cA\u00e7\u0131k\u00e7as\u0131 ortada bir ta\u015fk\u0131nl\u0131k ya da \u015fiddet de yoktu. Polis birden gaza ba\u015flad\u0131. Ya\u015fl\u0131lar, kad\u0131nlar ve \u00e7ocuklar\u0131n oldu\u011fu bir yerde son derece \u00f6l\u00e7\u00fcs\u00fcz ve solunum hastalar\u0131 i\u00e7in \u00f6l\u00fcm riski yaratan bir m\u00fcdahale.\u201d<\/p>\n<p style=\"text-align: justify;\">Peki nas\u0131l bir his biber gaz\u0131? \u201cCi\u011ferleri mahvediyor ve garip bir bi\u00e7imde v\u00fccudumda da yanma var. Birka\u00e7 y\u0131l \u00f6nce 1 May\u0131s\u2019ta da D\u0130SK\u2019in bah\u00e7esinde biber gaz\u0131na maruz kalm\u0131\u015ft\u0131m ama bu seferki \u00e7ok daha g\u00fc\u00e7l\u00fc.\u201d<\/p>\n<p style=\"text-align: justify;\">Kavala ve yan\u0131ndakiler bir d\u00fckkana s\u0131\u011f\u0131narak gazdan kurtulmu\u015f, ancak siyasetteki \u201ctutuklu vekiller\u201d krizi hala devam ediyor. Osman Kavala, \u201cBa\u015fbakan\u2019\u0131n bir an \u00f6nce bu krizin a\u015f\u0131lmas\u0131 i\u00e7in gerekli yasal ve anayasal de\u011fi\u015fikliklerin yap\u0131laca\u011f\u0131n\u0131 taahh\u00fct etmesi gerekiyor\u201d diyor.<\/p>\n<p style=\"text-align: justify;\"><a href=\"http:\/\/siyaset.milliyet.com.tr\/chp-yemin-etmeyecek\/siyaset\/siyasetyazardetay\/27.06.2011\/1407145\/default.htm\" target=\"_blank\">Kaynak : Asl\u0131 Ayd\u0131nta\u015fba\u015f &#8211; Milliyet<\/a><\/p>\n","protected":false},"excerpt":{"rendered":"<p style=\"text-align: center;\">\n<p id=\"caption-attachment-35210\" class=\"wp-caption-text\">Asl\u0131 Ayd\u0131nta\u015fba\u015f<\/p>\n<p style=\"text-align: justify;\">Sal\u0131 g\u00fcnk\u00fc Meclis a\u00e7\u0131l\u0131\u015f\u0131nda cumhuriyet tarihinde bir ilk ya\u015fanacak. BDP\u2019nin Meclis\u2019i boykot karar\u0131ndan sonra CHP y\u00f6netimi de tutuklu vekiller konusunda bir geli\u015fme olmazsa yemin etmeme karar\u0131nda.<\/p>\n<p style=\"text-align: justify;\">Gergin bir se\u00e7im atmosferinden sonra T\u00fcrkiye B\u00fcy\u00fck Millet Meclisi yar\u0131n 24\u2019inci yasama y\u0131l\u0131na cumhuriyet tarihinde g\u00f6r\u00fclmemi\u015f bir protesto <\/p>\n","protected":false},"author":1,"featured_media":0,"comment_status":"open","ping_status":"closed","sticky":false,"template":"","format":"standard","meta":{"footnotes":""},"categories":[105],"tags":[],"class_list":["post-35203","post","type-post","status-publish","format-standard","hentry","category-gundem","odd"],"_links":{"self":[{"href":"http:\/\/www.korhanyilmaz.com\/index.php?rest_route=\/wp\/v2\/posts\/35203","targetHints":{"allow":["GET"]}}],"collection":[{"href":"http:\/\/www.korhanyilmaz.com\/index.php?rest_route=\/wp\/v2\/posts"}],"about":[{"href":"http:\/\/www.korhanyilmaz.com\/index.php?rest_route=\/wp\/v2\/types\/post"}],"author":[{"embeddable":true,"href":"http:\/\/www.korhanyilmaz.com\/index.php?rest_route=\/wp\/v2\/users\/1"}],"replies":[{"embeddable":true,"href":"http:\/\/www.korhanyilmaz.com\/index.php?rest_route=%2Fwp%2Fv2%2Fcomments&post=35203"}],"version-history":[{"count":0,"href":"http:\/\/www.korhanyilmaz.com\/index.php?rest_route=\/wp\/v2\/posts\/35203\/revisions"}],"wp:attachment":[{"href":"http:\/\/www.korhanyilmaz.com\/index.php?rest_route=%2Fwp%2Fv2%2Fmedia&parent=35203"}],"wp:term":[{"taxonomy":"category","embeddable":true,"href":"http:\/\/www.korhanyilmaz.com\/index.php?rest_route=%2Fwp%2Fv2%2Fcategories&post=35203"},{"taxonomy":"post_tag","embeddable":true,"href":"http:\/\/www.korhanyilmaz.com\/index.php?rest_route=%2Fwp%2Fv2%2Ftags&post=35203"}],"curies":[{"name":"wp","href":"https:\/\/api.w.org\/{rel}","templated":true}]}}