{"id":35196,"date":"2011-06-27T08:27:05","date_gmt":"2011-06-27T05:27:05","guid":{"rendered":"http:\/\/www.korhanyilmaz.com\/?p=35196"},"modified":"2011-12-28T02:43:14","modified_gmt":"2011-12-28T00:43:14","slug":"erdogan-kilicdaroglunu-cerez-yapar","status":"publish","type":"post","link":"http:\/\/www.korhanyilmaz.com\/?p=35196","title":{"rendered":"Erdo\u011fan K\u0131l\u0131\u00e7daro\u011flu&#8217;nu \u00e7erez yapar"},"content":{"rendered":"<div id=\"attachment_45449\" style=\"width: 92px\" class=\"wp-caption alignright\"><img loading=\"lazy\" decoding=\"async\" aria-describedby=\"caption-attachment-45449\" class=\" wp-image-45449 \" title=\"Safile Usul - GAZETEPORT\" src=\"http:\/\/www.korhanyilmaz.com\/wp-content\/uploads\/2011\/12\/8803.jpg\" alt=\"\" width=\"82\" height=\"112\" \/><p id=\"caption-attachment-45449\" class=\"wp-caption-text\">Safile Usul<\/p><\/div>\n<p style=\"text-align: justify;\">G\u00f6r\u00fcnt\u00fcleri cumartesi ak\u015fam ana haber b\u00fcltenlerinde vard\u0131 ve olay aynen \u015f\u00f6yleydi\u2026<\/p>\n<p style=\"text-align: justify;\">T\u00fcrkiye \u0130hracat\u00e7\u0131lar Meclisi\u2019nin genel kuruluna Erdo\u011fan da \u00e7a\u011fr\u0131lm\u0131\u015f, K\u0131l\u0131\u00e7daro\u011flu da.<\/p>\n<p style=\"text-align: justify;\">Biri Ba\u015fbakan, \u00f6teki ana muhalefet lideri.<\/p>\n<p style=\"text-align: justify;\">Erdo\u011fan geldi salona, \u00e7\u0131kt\u0131 k\u00fcrs\u00fcye.<\/p>\n<p style=\"text-align: justify;\">Ruh hali yenmi\u015f ama yine de tatmin olmam\u0131\u015f birinin ruh hali.<\/p>\n<p style=\"text-align: justify;\">Agresif, sayg\u0131s\u0131z ve herkese tepeden bak\u0131yor ayr\u0131ca da. (g\u00f6r\u00fcnt\u00fcleri tvlerden isteyip, izleyin m\u00fcmk\u00fcnse) <!--more--><\/p>\n<p style=\"text-align: justify;\">Ama sinirli bir de, siniri ge\u00e7memi\u015f.<\/p>\n<p style=\"text-align: justify;\">De\u011fil uzla\u015f\u0131, muzla\u015f\u0131, Erdo\u011fan\u2019\u0131n hali, \u201c<strong>Ben adam\u0131 yerim<\/strong>\u201d havas\u0131nda.<\/p>\n<p style=\"text-align: justify;\">Yani ne uzla\u015f\u0131s\u0131 karde\u015fim anlayana ve basireti olana durumu mevcut.<\/p>\n<p style=\"text-align: justify;\">Bu arada K\u0131l\u0131\u00e7daro\u011flu da \u00f6n s\u0131rada protokolde oturuyor.<\/p>\n<p style=\"text-align: justify;\">Merakla ve ilgiyle Erdo\u011fan\u2019\u0131 izliyor.<\/p>\n<p style=\"text-align: justify;\">Erdo\u011fan\u2019dan ise ona ne bir bak\u0131\u015f ne bir ilgi.<\/p>\n<p style=\"text-align: justify;\">Var m\u0131s\u0131n, yok musun, beni ilgilendirmez, <strong>kim takar Yalova kaymakam\u0131n\u0131<\/strong> havas\u0131nda.<\/p>\n<p style=\"text-align: justify;\">Konu\u015fmas\u0131n\u0131 yap\u0131yor yine bir havalarda\u2026<\/p>\n<p style=\"text-align: justify;\">Ki, i\u00e7eri\u011fini yersen\u2026<\/p>\n<p style=\"text-align: justify;\">Hapiste t\u0131k\u0131l\u0131 kalan milletvekillerinin durumundan anayasa sorumlu imi\u015f ve hemen acilen anayasa yap\u0131laym\u0131\u015f.<\/p>\n<p style=\"text-align: justify;\">S\u00f6zleri yalan, tutumu yalan.<\/p>\n<p style=\"text-align: justify;\">\u00c7\u00fcnk\u00fc se\u00e7ildi\u011fi halde hapiste t\u0131k\u0131l\u0131 kalmak anayasadan olsayd\u0131 Sabahat Tuncel de kal\u0131rd\u0131 hapiste.<\/p>\n<p style=\"text-align: justify;\">Olay, ama, \u015fuydu, bu \u00f6zel yetkili savc\u0131 ve mahkemelerin alay\u0131 H\u00fck\u00fcmet\u2019e ba\u011fl\u0131 olarak hareket ediyor.<\/p>\n<p style=\"text-align: justify;\">Yorumlar\u0131n\u0131 o \u00e7er\u00e7eveye oturtuyorlar.<\/p>\n<p style=\"text-align: justify;\">Bak\u0131yorlar, \u201c<strong>bu adam \u00e7\u0131ks\u0131n<\/strong>\u201d havas\u0131 var, o adam \u00e7\u0131k\u0131yor\u2026<\/p>\n<p style=\"text-align: justify;\">Bak\u0131yorlar, \u201c<strong>Bu adam i\u00e7erde kals\u0131n<\/strong>\u201d havas\u0131 var, o adam i\u00e7erde kal\u0131yor.<\/p>\n<p style=\"text-align: justify;\">Olay bu kadar basit.<\/p>\n<p style=\"text-align: justify;\">\u015eimdi, hal b\u00f6yle ama Ba\u015fbakan bu durumu da asl\u0131nda ba\u015fka nedenlerle yapmak istedi\u011fi anayasa de\u011fi\u015fikli\u011fi iste\u011fine yem ediyor.<\/p>\n<p style=\"text-align: justify;\">Onu diyordum.<\/p>\n<p style=\"text-align: justify;\">K\u0131l\u0131\u00e7daro\u011flu Ba\u015fbakan\u2019\u0131n bu konu\u015fmas\u0131n\u0131 merakla ve ilgiyle dinliyor.<\/p>\n<p style=\"text-align: justify;\">K\u0131l\u0131\u00e7daro\u011flu\u2019nun niyeti bir de Erdo\u011fan\u2019la Balbay ve Haberal\u2019\u0131n durumlar\u0131n\u0131 konu\u015fmak.<\/p>\n<p style=\"text-align: justify;\">Erdo\u011fan k\u00fcrs\u00fcden indikten sonra onunla ayak \u00fcst\u00fc de olsa konu\u015facak.<\/p>\n<p style=\"text-align: justify;\">Ama Erdo\u011fan konu\u015fmas\u0131 biter bitmez salondan ayr\u0131l\u0131yor.<\/p>\n<p style=\"text-align: justify;\">Bakt\u0131 Erdo\u011fan gidiyor, K\u0131l\u0131\u00e7daro\u011flu\u2019nun y\u00fcz ifadesi elinden \u015fekeri al\u0131nm\u0131\u015f \u00e7ocu\u011fun y\u00fcz haline d\u00f6n\u00fc\u015f\u00fcyor.<\/p>\n<p style=\"text-align: justify;\">K\u00fcrs\u00fcye \u00e7\u0131k\u0131yor ve\u2026<\/p>\n<p style=\"text-align: justify;\">\u201cDemokrasi bu mu, muhalefet liderini dinlemek gerekmez mi\u201d gibi s\u00f6zlerle konu\u015fmaya ba\u015fl\u0131yor \u2026<\/p>\n<p style=\"text-align: justify;\">Durumu g\u00fc\u00e7 alg\u0131s\u0131 yaratmak a\u00e7\u0131s\u0131ndan bak\u0131ld\u0131\u011f\u0131nda bir siyasi fecaat.<\/p>\n<p style=\"text-align: justify;\">Erdo\u011fan\u2019dan \u015fikayet eden konumunda.<\/p>\n<p style=\"text-align: justify;\">Of aman, bu durum hi\u00e7 iyi de\u011fil bir ana muhalefet lideri bak\u0131mdan.<\/p>\n<p style=\"text-align: justify;\">Bir defa\u2026<\/p>\n<p style=\"text-align: justify;\">Erdo\u011fan, \u201c<strong>Ergenekon\u2019dan \u00e7\u0131k\u0131\u015f yok<\/strong>\u201d demi\u015fken\u2026<\/p>\n<p style=\"text-align: justify;\">Erdo\u011fan\u2019la hangi hapiste parlamenter konusunu ve neden g\u00f6r\u00fc\u015feceksin?<\/p>\n<p style=\"text-align: justify;\">Onunla g\u00f6r\u00fc\u015fme talebin kamuoyunda, \u201c<strong>Erdo\u011fan da milletvekillerinin hapiste olmas\u0131na kar\u015f\u0131 ama yasalar b\u0131rakm\u0131yor<\/strong>\u201d alg\u0131s\u0131n\u0131 g\u00fc\u00e7lendiriyor \u00e7\u00fcnk\u00fc.<\/p>\n<p style=\"text-align: justify;\">Halbuki Erdo\u011fan bu i\u015fin birinci akt\u00f6r\u00fc.<\/p>\n<p style=\"text-align: justify;\">Bunu anlatabilecek, g\u00f6sterebilecek bir tutuma sahip olamayandan ana muhalefet lideri olur mu?<\/p>\n<p style=\"text-align: justify;\">Sonra onu neden bekler ki bir ana muhalefet lideri?<\/p>\n<p style=\"text-align: justify;\">Kad\u0131y\u0131 bekleyen ahali s\u00f6zc\u00fcs\u00fc m\u00fcs\u00fcn\u00fcz?<\/p>\n<p style=\"text-align: justify;\">Ana muhalefet lideri benim bildi\u011fim iktidar partisini zorlar ve kendi aya\u011f\u0131na getirir.<\/p>\n<p style=\"text-align: justify;\">Bunlar\u0131 daha \u00e7ok konu\u015faca\u011f\u0131z ama\u2026<\/p>\n<p style=\"text-align: justify;\">\u015eimdilik \u015funu kaydedelim\u2026<\/p>\n<p style=\"text-align: justify;\">Erdo\u011fan K\u0131l\u0131\u00e7daro\u011flu\u2019nu \u00e7erez yapar ve yer bu haliyle.<\/p>\n<p style=\"text-align: justify;\">Not: Benim art\u0131k \u00e7ok kuvvetlenen bir kanaatim de K\u0131l\u0131\u00e7daro\u011flu ve G\u00fcrsel Tekin\u2019in kafas\u0131ndaki plan\u0131n H\u00fck\u00fcmet partisi ile bir icra koalisyonuna do\u011fru yol almak oldu\u011fu, ki, bu konu sonraya kals\u0131n \u015fimdilik.<\/p>\n<p style=\"text-align: justify;\"><a href=\"http:\/\/www.gazeteport.com.tr\/yazar\/12\/safile_usul\/1045\" target=\"_blank\">Kaynak : Safile Usul &#8211; GAZETEPORT<\/a><\/p>\n<p style=\"text-align: justify;\">\n","protected":false},"excerpt":{"rendered":"<p id=\"caption-attachment-45449\" class=\"wp-caption-text\">Safile Usul<\/p>\n<p style=\"text-align: justify;\">G\u00f6r\u00fcnt\u00fcleri cumartesi ak\u015fam ana haber b\u00fcltenlerinde vard\u0131 ve olay aynen \u015f\u00f6yleydi\u2026<\/p>\n<p style=\"text-align: justify;\">T\u00fcrkiye \u0130hracat\u00e7\u0131lar Meclisi\u2019nin genel kuruluna Erdo\u011fan da \u00e7a\u011fr\u0131lm\u0131\u015f, K\u0131l\u0131\u00e7daro\u011flu da.<\/p>\n<p style=\"text-align: justify;\">Biri Ba\u015fbakan, \u00f6teki ana muhalefet lideri.<\/p>\n<p style=\"text-align: justify;\">Erdo\u011fan geldi salona, \u00e7\u0131kt\u0131 k\u00fcrs\u00fcye.<\/p>\n<p style=\"text-align: justify;\">Ruh hali yenmi\u015f ama yine de tatmin olmam\u0131\u015f birinin <\/p>\n","protected":false},"author":1,"featured_media":0,"comment_status":"open","ping_status":"closed","sticky":false,"template":"","format":"standard","meta":{"footnotes":""},"categories":[16],"tags":[40],"class_list":["post-35196","post","type-post","status-publish","format-standard","hentry","category-kose-yazilari","tag-safile-usul","odd"],"_links":{"self":[{"href":"http:\/\/www.korhanyilmaz.com\/index.php?rest_route=\/wp\/v2\/posts\/35196","targetHints":{"allow":["GET"]}}],"collection":[{"href":"http:\/\/www.korhanyilmaz.com\/index.php?rest_route=\/wp\/v2\/posts"}],"about":[{"href":"http:\/\/www.korhanyilmaz.com\/index.php?rest_route=\/wp\/v2\/types\/post"}],"author":[{"embeddable":true,"href":"http:\/\/www.korhanyilmaz.com\/index.php?rest_route=\/wp\/v2\/users\/1"}],"replies":[{"embeddable":true,"href":"http:\/\/www.korhanyilmaz.com\/index.php?rest_route=%2Fwp%2Fv2%2Fcomments&post=35196"}],"version-history":[{"count":0,"href":"http:\/\/www.korhanyilmaz.com\/index.php?rest_route=\/wp\/v2\/posts\/35196\/revisions"}],"wp:attachment":[{"href":"http:\/\/www.korhanyilmaz.com\/index.php?rest_route=%2Fwp%2Fv2%2Fmedia&parent=35196"}],"wp:term":[{"taxonomy":"category","embeddable":true,"href":"http:\/\/www.korhanyilmaz.com\/index.php?rest_route=%2Fwp%2Fv2%2Fcategories&post=35196"},{"taxonomy":"post_tag","embeddable":true,"href":"http:\/\/www.korhanyilmaz.com\/index.php?rest_route=%2Fwp%2Fv2%2Ftags&post=35196"}],"curies":[{"name":"wp","href":"https:\/\/api.w.org\/{rel}","templated":true}]}}