{"id":35176,"date":"2011-06-27T07:13:46","date_gmt":"2011-06-27T04:13:46","guid":{"rendered":"http:\/\/www.korhanyilmaz.com\/?p=35176"},"modified":"2011-07-10T22:59:19","modified_gmt":"2011-07-10T19:59:19","slug":"biz-bolucu-degiliz-siddet-istemiyoruz","status":"publish","type":"post","link":"http:\/\/www.korhanyilmaz.com\/?p=35176","title":{"rendered":"Biz b\u00f6l\u00fcc\u00fc de\u011filiz \u015fiddet istemiyoruz"},"content":{"rendered":"<div id=\"attachment_35178\" style=\"width: 420px\" class=\"wp-caption aligncenter\"><a href=\"http:\/\/www.korhanyilmaz.com\/wp-content\/uploads\/2011\/06\/245.jpeg\"  class=\"lightview\"><img loading=\"lazy\" decoding=\"async\" aria-describedby=\"caption-attachment-35178\" class=\"size-full wp-image-35178  \" src=\"http:\/\/www.korhanyilmaz.com\/wp-content\/uploads\/2011\/06\/245.jpeg\" alt=\"\" width=\"410\" height=\"215\" \/><\/a><p id=\"caption-attachment-35178\" class=\"wp-caption-text\">PKK\u2019n\u0131n ilk kontrol noktas\u0131nday\u0131z. Bayrak \u00e7ekilmi\u015f, Apo\u2019nun renkli bir resmi as\u0131lm\u0131\u015f.<\/p><\/div>\n<div id=\"attachment_35179\" style=\"width: 126px\" class=\"wp-caption alignleft\"><img loading=\"lazy\" decoding=\"async\" aria-describedby=\"caption-attachment-35179\" class=\"size-full wp-image-35179 \" style=\"margin-left: 10px; margin-right: 10px;\" title=\"Hasan Cemal - Milliyet Gazetesi\" src=\"http:\/\/www.korhanyilmaz.com\/wp-content\/uploads\/2011\/06\/243.jpg\" alt=\"\" width=\"116\" height=\"130\" \/><p id=\"caption-attachment-35179\" class=\"wp-caption-text\">Hasan Cemal<\/p><\/div>\n<p><em>Milliyet gazetesi yazar\u0131 Hasan Cemal PKK&#8217;n\u0131n Kandil&#8217;deki lider kadrosundan Murat Karay\u0131lan ile g\u00f6r\u00fc\u015ft\u00fc.<\/em><\/p>\n<p><strong>\u0130\u015fte Hasan Cemal&#8217;in Karay\u0131lan g\u00f6r\u00fc\u015fmesindeki notlar\u0131:<\/strong><\/p>\n<p style=\"text-align: justify;\">\u201c2011 \u00e7\u00f6z\u00fcm y\u0131l\u0131 olmal\u0131, yoksa direniriz. \u00c7ok kritik bir kav\u015faktay\u0131z. TBMM tatile girmeden \u00f6nce milletvekili krizi ve yeni anayasa konusunda olumlu bir tav\u0131r belirlerse, bar\u0131\u015f s\u00fcrecini derinle\u015ftirir\u201d<\/p>\n<p style=\"text-align: justify;\">\u201cArt\u0131k \u015fiddet istemiyoruz. B\u00f6l\u00fcc\u00fc de\u011filiz. Ba\u015fkan Apo bir ay \u00f6nce devlete \u00fc\u00e7 protokol verdi. Bu protokoller bar\u0131\u015f i\u00e7in ikinci a\u00e7\u0131l\u0131m niteli\u011findedir, \u015fiddetin t\u00fcmden devre d\u0131\u015f\u0131 b\u0131rak\u0131lmas\u0131n\u0131 \u00f6ng\u00f6r\u00fcyor\u201d\u00a0<!--more--><\/p>\n<p style=\"text-align: justify;\"><strong><span style=\"color: #000000;\">ERB\u0130L<\/span><\/strong><strong style=\"color: #808080;\"> <\/strong><\/p>\n<p style=\"text-align: justify;\">Kandil Da\u011f\u0131\u2019n\u0131n eteklerinde bir yer. Cumartesi, 25 Haziran 2011. Vakit, \u00f6\u011fleye do\u011fru. Ulu bir ceviz a\u011fac\u0131n\u0131n g\u00f6lgesinde oturuyoruz. G\u00fcm g\u00fcm, g\u00fcm g\u00fcm.<\/p>\n<p style=\"text-align: justify;\">Top sesi!<\/p>\n<p style=\"text-align: justify;\">Sanki arkamda at\u0131l\u0131yormu\u015f gibi&#8230; D\u00f6n\u00fcp bakmadan edemiyorum. Murat Karay\u0131lan, tedirginli\u011fimi fark edince:<\/p>\n<p style=\"text-align: justify;\">\u201cBuraya uzakt\u0131r\u201d diyor, \u201c\u0130ran ara s\u0131ra havan topu atar bizim taraflara&#8230; PJAK\u2019la ilgili tavr\u0131m\u0131zdan memnun de\u011fil. \u0130ran\u2019\u0131n meselesi PJAK&#8230; Ama onlar da K\u00fcrt, bizim karde\u015f \u00f6rg\u00fct\u00fcm\u00fcz.\u201d<\/p>\n<p style=\"text-align: justify;\">Yine g\u00fcm g\u00fcm!<\/p>\n<p style=\"text-align: justify;\">Hangi co\u011frafyada bulundu\u011funu sak\u0131n akl\u0131ndan \u00e7\u0131karma diyen top sesine \u00e7abuk al\u0131\u015f\u0131yorum.<\/p>\n<p style=\"text-align: justify;\">Etraf g\u00fczel. Ceviz a\u011fa\u00e7lar\u0131, k\u0131rm\u0131z\u0131 \u00e7i\u00e7ekleriyle narlar, meyve vermi\u015f dut a\u011fa\u00e7lar\u0131&#8230; Ye\u015fillikler aras\u0131nda \u201cbar\u0131\u015f\u201d\u0131 konu\u015fuyoruz, sava\u015f\u0131 bitirecek bar\u0131\u015f\u0131n ko\u015fullar\u0131n\u0131 ya da \u201cyol haritas\u0131\u201dn\u0131&#8230;<\/p>\n<p style=\"text-align: justify;\">PKK\u2019n\u0131n Kandil\u2019deki lideri Murat Karay\u0131lan\u2019\u0131n \u015fu s\u00f6z\u00fcn\u00fc not ediyorum:<\/p>\n<p style=\"text-align: justify;\"><strong>\u201c2011 \u00e7\u00f6z\u00fcm y\u0131l\u0131 olmal\u0131!\u201d<\/strong><\/p>\n<p style=\"text-align: justify;\">Hemen ekliyor:<\/p>\n<p style=\"text-align: justify;\"><strong>\u201cYoksa direniriz.\u201d<\/strong><\/p>\n<p style=\"text-align: justify;\">\u015eu noktalar\u0131 teker teker vurguluyor:<\/p>\n<p style=\"text-align: justify;\"><strong>1-<\/strong> \u201cBiz art\u0131k sorunu \u015fiddetle \u00e7\u00f6zmek istemiyoruz. Silah\u0131 devre d\u0131\u015f\u0131 b\u0131rakmak istiyoruz.\u201d<\/p>\n<p style=\"text-align: justify;\"><strong>2-<\/strong> \u201cB\u00f6l\u00fcc\u00fc de\u011filiz. T\u00fcrkiye\u2019yi b\u00f6lmek istemiyoruz.\u201d<\/p>\n<p style=\"text-align: justify;\"><strong>3-<\/strong> \u201c\u00c7ok kritik bir kav\u015faktay\u0131z. TBMM \u015fu s\u0131ralar tatile girmeden \u00f6nce milletvekili krizi ve yeni anayasa konusunda olumlu bir tav\u0131r belirlerse, bar\u0131\u015f s\u00fcrecini derinle\u015ftirir, kal\u0131c\u0131 k\u0131lar.\u201d<\/p>\n<p style=\"text-align: justify;\"><strong>4-<\/strong> \u201cBa\u015fkan Apo, bundan bir ay \u00f6nce \u0130mral\u0131\u2019da devlete \u00fc\u00e7 protokol verdi. \u2018Birinci a\u00e7\u0131l\u0131m 2009\u2019da sonu\u00e7suz kalm\u0131\u015ft\u0131; bu protokollar ikinci demokratik a\u00e7\u0131l\u0131m niteli\u011fi mi ta\u015f\u0131yor?\u2019 diye soruyorsan\u0131z evet derim.\u201d<\/p>\n<p style=\"text-align: justify;\"><strong>5-<\/strong> \u201cBa\u015fkan Apo\u2019nun bu \u00fc\u00e7 protokol\u00fcn\u00fcn \u00f6ng\u00f6rd\u00fc\u011f\u00fc yol haritas\u0131, K\u00fcrt sorununda yeni bir a\u00e7\u0131l\u0131md\u0131r. Demokratik anayasal \u00e7\u00f6z\u00fcm s\u00fcrecinin ba\u015flat\u0131lmas\u0131 ve \u015fiddetin t\u00fcmden devre d\u0131\u015f\u0131 b\u0131rak\u0131lmas\u0131&#8230; Yani bar\u0131\u015f a\u00e7\u0131s\u0131ndan \u00e7ok \u00f6nemli bir a\u00e7\u0131l\u0131m&#8230;\u201d<\/p>\n<p style=\"text-align: justify;\"><strong>\u0130ki y\u0131l \u00f6nce iki y\u0131l sonra&#8230;<\/strong><\/p>\n<p style=\"text-align: justify;\">Kandil\u2019e ilk kez iki y\u0131l \u00f6nce 2009\u2019un May\u0131s ay\u0131 ba\u015f\u0131nda gelmi\u015ftim. Ama o tarihte bir ba\u015fka yoldan, Ranya \u00fczerinden \u00e7\u0131km\u0131\u015ft\u0131k da\u011fa.<\/p>\n<p style=\"text-align: justify;\">Da\u011flar\u0131n aras\u0131nda, derin vadilerde daha \u00e7ok ka\u00e7ak\u00e7\u0131lar\u0131n kulland\u0131\u011f\u0131 bir kenar\u0131 u\u00e7urum olan kat\u0131r yollar\u0131n\u0131 y\u00fcre\u011fim a\u011fz\u0131mda ge\u00e7erek gelmi\u015ftik bir PKK kamp\u0131na&#8230;<\/p>\n<p style=\"text-align: justify;\">Bu kez yolumuz asfaltt\u0131.<\/p>\n<p style=\"text-align: justify;\">Ya da \u00f6nemli bir b\u00f6l\u00fcm\u00fc&#8230;<\/p>\n<p style=\"text-align: justify;\">Sabah be\u015fte, g\u00fcn a\u011far\u0131rken Erbil\u2019deki otelimizden beni ve Nam\u0131k Durukan\u2018\u0131 gelip ald\u0131 Zagros, Nissan kamyonetiyle.<\/p>\n<p style=\"text-align: justify;\">Dedi ki:<\/p>\n<p style=\"text-align: justify;\">\u201cHasan abi, sen \u015fimdi Dersimli bir Zaza\u2019s\u0131n&#8230;\u201d<\/p>\n<p style=\"text-align: justify;\">\u201cDersimli Zaza&#8230;\u201d<\/p>\n<p style=\"text-align: justify;\">\u201cDogridir! On be\u015f y\u0131l \u00f6nce oglun daga \u00e7\u0131km\u0131\u015ft\u0131r. Sen \u015fimdi onu \u00f6zlemi\u015fsin, g\u00f6rmeye gelmi\u015fsin. Nam\u0131k da senin yan\u0131nda yard\u0131mc\u0131 olmak i\u00e7in, zira sen ihtiyars\u0131n&#8230;\u201d<\/p>\n<p style=\"text-align: justify;\">Ba\u015f\u0131m\u0131 sall\u0131yorum.<\/p>\n<p style=\"text-align: justify;\">Zagros, \u201cDogridir\u201d diye onay veriyor:<\/p>\n<p style=\"text-align: justify;\">\u201c\u015eu gazeteci yele\u011fini de \u00e7\u0131kar \u00fcst\u00fcnden. Not defterini sakla. Kontrol noktalar\u0131nda da \u015f\u00f6yle bir asker selam\u0131 \u00e7ak.\u201d<\/p>\n<p style=\"text-align: justify;\">Yola koyuluyoruz.<\/p>\n<p style=\"text-align: justify;\">\u00d6nce Selahattin, \u015eaklava&#8230; Sonra Heliz, Halifan&#8230; Diyana\u2019n\u0131n \u00e7evre yolundan Kandil Da\u011f\u0131\u2019n\u0131n eteklerine&#8230;<\/p>\n<p style=\"text-align: justify;\">Teypte Ahmet Kaya s\u00f6yl\u00fcyor:<\/p>\n<p style=\"text-align: justify;\">\u201cBen yand\u0131m<\/p>\n<p style=\"text-align: justify;\">Siz yanmay\u0131n<\/p>\n<p style=\"text-align: justify;\">Allah a\u015fk\u0131na!\u201d<\/p>\n<p style=\"text-align: justify;\">Da\u011flar gitgide heybetli bir hal al\u0131yor. Revanduz&#8230; Da\u011flar\u0131n arkas\u0131 \u0130ran s\u0131n\u0131r\u0131, 50 kilometre&#8230; G\u00fcr\u00fcl g\u00fcr\u00fcl su ak\u0131yor, vadinin i\u00e7inden.<\/p>\n<p style=\"text-align: justify;\">Zagros t\u00fcrk\u00fcy\u00fc de\u011fi\u015ftiriyor:<\/p>\n<p style=\"text-align: justify;\">\u201cYollar gider Zagros\u2019a<\/p>\n<p style=\"text-align: justify;\">Cudi\u2019ye<\/p>\n<p style=\"text-align: justify;\">Da\u011flar bize hediye!\u201d<\/p>\n<p style=\"text-align: justify;\">KDP\u2019nin son kontrol noktas\u0131n\u0131 ge\u00e7tikten sonra Zagros bize d\u00f6n\u00fcyor:<\/p>\n<p style=\"text-align: justify;\">\u201cHo\u015f geldiniz \u00f6zg\u00fcr K\u00fcrdistan\u2019a! Bundan sonras\u0131na biz \u2018medya savunma alanlar\u0131\u2019 deriz, PKK\u2019nin kontrol\u00fc alt\u0131ndaki topraklar yani&#8230;\u201d<\/p>\n<p style=\"text-align: justify;\">PKK\u2019n\u0131n ilk kontrol noktas\u0131. Bayra\u011f\u0131n\u0131 \u00e7ekmi\u015f, Apo\u2019nun renkli bir resmini asm\u0131\u015f.<\/p>\n<p style=\"text-align: justify;\">Ellerinde kala\u015fnikoflu iki PKK\u2019l\u0131 n\u00f6bet\u00e7iden biri \u0130ranl\u0131 K\u00fcrt, \u00f6teki Suriyeli K\u00fcrt. \u00c7at pat T\u00fcrk\u00e7e konu\u015fuyorlar.<\/p>\n<p style=\"text-align: justify;\"><strong>Ceviz a\u011fac\u0131n\u0131n alt\u0131nda bar\u0131\u015f\u0131 konu\u015fmak.<\/strong>..<\/p>\n<p style=\"text-align: justify;\">Daha sonraki yaz\u0131lar\u0131mda \u015fof\u00f6r\u00fcm\u00fcz Zagros\u2019la birlikte yine anlataca\u011f\u0131m bu yolculuk sonras\u0131nda, Kandil\u2019in eteklerinde bir yerde, ulu bir ceviz a\u011fac\u0131n\u0131n alt\u0131nda bar\u0131\u015f\u0131 konu\u015fuyoruz.<\/p>\n<p style=\"text-align: justify;\">Masan\u0131n etraf\u0131nda kimler mi var?<\/p>\n<p style=\"text-align: justify;\">Murat Karay\u0131lan&#8230;<\/p>\n<p style=\"text-align: justify;\">PKK\u2019n\u0131n Kandil\u2019deki lideri. \u00d6calan, PKK diliyle, \u00f6nderlik makam\u0131, tart\u0131\u015f\u0131lmaz bir numara. Karay\u0131lan ise \u00d6calan\u2019dan sonra her \u015feyin tepesinde.<\/p>\n<p style=\"text-align: justify;\">Resmi s\u0131fat\u0131 hayli uzun:<\/p>\n<p style=\"text-align: justify;\">K\u00fcrt\u00e7esi Koma Civaken K\u00fcrdistan olan, k\u0131saca KCK denilen, T\u00fcrk\u00e7esi K\u00fcrdistan Topluluklar Birli\u011fi\u2019nin Y\u00fcr\u00fctme Konseyi Ba\u015fkan\u0131. Karay\u0131lan, PKK\u2019n\u0131n da\u011f ve \u015fehir \u00f6rg\u00fctlenmesinin tepesindeki ki\u015fi.<\/p>\n<p style=\"text-align: justify;\">Ronahi Serhat.<\/p>\n<p style=\"text-align: justify;\">Hem KCK Konsey, hem Ba\u015fkanl\u0131k kurumu \u00fcyesi. PKK\u2019ya 1993\u2019de kat\u0131lm\u0131\u015f, Bursa Uluda\u011f \u00dcniversitesi\u2019nde felsefe okurken&#8230;<\/p>\n<p style=\"text-align: justify;\">Zeki \u015eengali.<\/p>\n<p style=\"text-align: justify;\">KCK Konsey \u00fcyesi. \u0130lkokul mezunu. Batman\u2019\u0131n Be\u015firi kazas\u0131ndan. 17 ya\u015f\u0131nda gitti\u011fi Almanya\u2019da i\u015f\u00e7ilik yaparken PKK\u2019ya kat\u0131lm\u0131\u015f. Almanya\u2019da hapisli\u011fi var. Bir o\u011flu da\u011fda \u015fehit d\u00fc\u015fm\u00fc\u015f. \u00d6\u011fleden sonra tan\u0131\u015faca\u011f\u0131m bir k\u0131z\u0131 Hanover\u2019de siyasal bilimler okumu\u015f, \u015fimdi doktora yap\u0131yormu\u015f.<\/p>\n<p style=\"text-align: justify;\">Ahmet Deniz.<\/p>\n<p style=\"text-align: justify;\">\u0130ki y\u0131l \u00f6nceki g\u00f6r\u00fc\u015fmede de vard\u0131. Kandil\u2019in medya ve d\u0131\u015f ili\u015fkiler temsilcisi. Mardinli, lise mezunu. \u00d6nce gerillal\u0131k yapm\u0131\u015f, \u015fimdi politik \u00e7al\u0131\u015fma&#8230;<\/p>\n<p style=\"text-align: justify;\">Ve bin y\u0131ld\u0131r bu co\u011frafyan\u0131n neredeyse her yerine birlikte gitti\u011fim meslekta\u015f\u0131m Nam\u0131k Durukan.<\/p>\n<p style=\"text-align: justify;\">Bir de ar\u015fiv i\u00e7in \u00e7ekim yapan PKK\u2019l\u0131 bir k\u0131zla, etrafta, ye\u015filliklerin aras\u0131nda ara s\u0131ra g\u00f6z\u00fcme \u00e7arpan, ellerinde kele\u015fleriyle n\u00f6bet tutan gerillalar&#8230;<\/p>\n<p style=\"text-align: justify;\">Ge\u00e7en sefer oldu\u011fu gibi teyplerimizi masan\u0131n ortas\u0131na koyuyoruz.<\/p>\n<div id=\"attachment_35187\" style=\"width: 420px\" class=\"wp-caption aligncenter\"><a href=\"http:\/\/www.korhanyilmaz.com\/wp-content\/uploads\/2011\/06\/2441.jpeg\"  class=\"lightview\"><img loading=\"lazy\" decoding=\"async\" aria-describedby=\"caption-attachment-35187\" class=\"size-full wp-image-35187 \" src=\"http:\/\/www.korhanyilmaz.com\/wp-content\/uploads\/2011\/06\/2441.jpeg\" alt=\"\" width=\"410\" height=\"244\" \/><\/a><p id=\"caption-attachment-35187\" class=\"wp-caption-text\">Murat Karay\u0131lan\u2019la Kandil\u2019de ulu bir ceviz a\u011fac\u0131n\u0131n g\u00f6lgesinde oturuyoruz. G\u00fcm g\u00fcm top sesleri geliyor. \u0130ran ara s\u0131ra havan topu atar bizim taraflara\u201d diyor...<\/p><\/div>\n<p style=\"text-align: justify;\"><span style=\"color: #993300; font-size: medium;\"><strong>\u2018Yeni anayasa adil i\u00e7 bar\u0131\u015f&#8230;\u2019<\/strong><\/span><\/p>\n<p style=\"text-align: justify;\"><strong>\u00d6nce Karay\u0131lan\u2019\u0131 dinliyorum.<\/strong><\/p>\n<p style=\"text-align: justify;\">Ba\u015fkas\u0131 konu\u015fmuyor. Murat Karay\u0131lan arada bir Ronahi Serhat\u2019a soruyor, daha s\u00f6ylenecek bir \u015fey var m\u0131, kald\u0131 m\u0131 gibisinden&#8230;<\/p>\n<p style=\"text-align: justify;\">Noktas\u0131yla virg\u00fcl\u00fcyle konu\u015fuyor.<\/p>\n<p style=\"text-align: justify;\">Ben sohbeti daha \u00e7ok g\u00fcncele ta\u015f\u0131yorum. 12 Haziran se\u00e7imlerine, \u00d6calan\u2019\u0131n eylemsizlik s\u00fcrecini uzatan 15 Haziran a\u00e7\u0131klamalar\u0131na ve Hatip Dicle\u2018nin milletvekilli\u011fini d\u00fc\u015f\u00fcren, KCK tutuklusu ba\u011f\u0131ms\u0131z milletvekillerinin tutukluluk halini devam ettiren mahkeme kararlar\u0131na getiriyorum.<\/p>\n<p style=\"text-align: justify;\">Karay\u0131lan \u015f\u00f6yle diyor:<\/p>\n<p style=\"text-align: justify;\">\u201cT\u00fcrkiye\u2019nin bug\u00fcn geldi\u011fi noktada yeni, a\u00e7\u0131l\u0131mc\u0131 bir anayasaya ve adil bir i\u00e7 bar\u0131\u015fa ihtiyac\u0131 var. Bar\u0131\u015f ve demokrasiyle birlikte T\u00fcrkiye ekonomik olarak daha \u00e7ok b\u00fcy\u00fcr, zenginle\u015fir. Ve Ortado\u011fu\u2019ya da emsal olur.\u201d<\/p>\n<p style=\"text-align: justify;\">Ve ekliyor:<\/p>\n<p style=\"text-align: justify;\">\u201cK\u00fcrt sorunu, bar\u0131\u015f ve demokrasi bak\u0131m\u0131ndan T\u00fcrkiye\u2019nin aya\u011f\u0131n\u0131 ba\u011fl\u0131yor. Bunu \u00e7\u00f6zerse, \u00e7ok daha ileri gider.\u201d<\/p>\n<p style=\"text-align: justify;\">S\u00f6z\u00fc 12 Haziran\u2018a getiriyor:<\/p>\n<p style=\"text-align: justify;\">\u201cSe\u00e7im sonu\u00e7lar\u0131 \u00e7ok \u00f6nemli. T\u00fcrkiye\u2019nin bar\u0131\u015f ve demokrasi a\u00e7\u0131l\u0131m\u0131n\u0131 ger\u00e7ekle\u015ftirmesi i\u00e7in \u00f6n\u00fcm\u00fczde bir f\u0131rsat penceresi a\u00e7m\u0131\u015f durumda. Bu a\u00e7\u0131dan, Emek \u00d6zg\u00fcrl\u00fck Demokrasi blokunun 36 milletvekili \u00e7ok \u00f6nemli bir geli\u015fmedir, bir ba\u015far\u0131d\u0131r. K\u00fcrt halk\u0131 demokratik T\u00fcrkiye ve demokratik \u00f6zerklik i\u00e7in oy verdi, bir \u2018proje\u2019ye oy verdi K\u00fcrtler&#8230; Bak\u0131n \u2018\u00f6zerk K\u00fcrdistan\u2019 deyimini kullanm\u0131yoruz ya da \u00e7ok seyrek kullan\u0131yoruz.\u201d<\/p>\n<p style=\"text-align: justify;\">Konuyu Karay\u0131lan \u015f\u00f6yle a\u00e7\u0131yor:<\/p>\n<p style=\"text-align: justify;\">\u201cDemokratik \u00f6zerklik b\u00fct\u00fcn T\u00fcrkiye i\u00e7in ge\u00e7erli. Bu \u00f6zerklik t\u00fcm T\u00fcrkiye\u2019yi kapsad\u0131k\u00e7a, T\u00fcrkiye daha \u00e7ok demokratikle\u015fecek. \u00c7\u00fcnk\u00fc yerinden y\u00f6netimin g\u00fc\u00e7lenmesi ile demokrasi ete kemi\u011fe b\u00fcr\u00fcn\u00fcr. Tek merkezcilik gev\u015fer, zay\u0131flar.\u201d<\/p>\n<p style=\"text-align: justify;\"><span style=\"font-size: medium;\"><strong><span style=\"color: #993300;\">Karay\u0131lan\u2019dan Erdo\u011fan\u2019a \u00e7a\u011fr\u0131&#8230;<\/span><\/strong><\/span><\/p>\n<p style=\"text-align: justify;\">Ak Parti\u2018nin se\u00e7im ba\u015far\u0131s\u0131n\u0131 teslim ediyor Karay\u0131lan. Erdo\u011fan\u2019a \u00e7a\u011fr\u0131s\u0131 \u00f6zetle \u015f\u00f6yle:<\/p>\n<p style=\"text-align: justify;\">\u201cAKP, T\u00fcrkiye toplumundan y\u00fczde 50 oy ald\u0131, tevecc\u00fch g\u00f6rd\u00fc. Toplum AKP\u2019ye T\u00fcrkiye\u2019nin sorunlar\u0131n\u0131 \u00e7\u00f6z diye b\u00fcy\u00fck sorumluluk y\u00fckledi. \u015eimdi siyasal irade gerekiyor K\u00fcrt sorununu \u00e7\u00f6zmek i\u00e7in. Y\u00fczde 50 oy alm\u0131\u015f olan bir parti, bir lider bu siyasi iradeyi g\u00f6stermeli.\u201d<\/p>\n<p style=\"text-align: justify;\">Erdo\u011fan\u2019a \u00e7a\u011fr\u0131s\u0131n\u0131 \u015f\u00f6yle s\u00fcrd\u00fcr\u00fcyor:<\/p>\n<p style=\"text-align: justify;\">\u201cBizim 12 Haziran sonras\u0131yla ilgili olarak, bar\u0131\u015f konusunda beklentilerimiz vard\u0131r. Ama Hatip Dicle\u2018nin milletvekilli\u011finin d\u00fc\u015f\u00fcr\u00fclmesi derken, KCK tutuklusu milletvekilleri derken ya\u015fanan geli\u015fmeler, bar\u0131\u015fa ili\u015fkin bu beklentilerimize b\u00fcy\u00fck, a\u011f\u0131r darbe vurdu. K\u00fcrt sorununun \u00e7\u00f6z\u00fcm\u00fc noktas\u0131nda kritik bir kav\u015fa\u011fa gelinmi\u015fken, biz bar\u0131\u015f beklerken, Bekir Bozda\u011f\u2019\u0131n (Ak Parti Meclis Grup Ba\u015fkan vekili) a\u00e7\u0131klamas\u0131 geldi. Dicle\u2019ninkiyle Erdo\u011fan\u2019\u0131n 2002 durumu aras\u0131nda benzerlik yoktur diye&#8230; Biz bunu \u015f\u00f6yle anlad\u0131k: K\u00fcrt siyasetini hizaya getirmek, burnunu s\u00fcrtmek&#8230;<\/p>\n<p style=\"text-align: justify;\">2009 y\u0131l\u0131 Mart ay\u0131nda BDP\u2019nin yerel se\u00e7im ba\u015far\u0131s\u0131n\u0131n arkas\u0131ndan da KCK operasyonlar\u0131, tutuklama dalgalar\u0131 i\u00e7in d\u00fc\u011fmeye bas\u0131lm\u0131\u015ft\u0131. \u015eimdi de bu&#8230; Biz blok milletvekillerinin Meclisi boykot karar\u0131n\u0131 destekliyoruz. Somut bir ad\u0131m at\u0131lmal\u0131 Mecliste ve Hatip Dicle\u2019yle KCK tutuklular\u0131n\u0131n durumu d\u00fczeltilmeli&#8230; Bundan \u00f6nce Meclis boykotu s\u00fcrs\u00fcn.\u201d<\/p>\n<p style=\"text-align: justify;\"><span style=\"color: #000000;\"><strong>Ba\u015fbakan Erdo\u011fan \u00e7\u00f6zerse tarihe ge\u00e7er<\/strong><\/span><\/p>\n<p style=\"text-align: justify;\">Karay\u0131lan, Erdo\u011fan\u2019a \u015f\u00f6yle sesleniyor:<\/p>\n<p style=\"text-align: justify;\">\u201c\u015eimdi toplumsal bar\u0131\u015f\u0131n kap\u0131s\u0131n\u0131 a\u00e7mak Ba\u015fbakan Erdo\u011fan\u2019\u0131n elindedir. Hem milletvekili krizini \u00e7\u00f6zmek, hem K\u00fcrt sorununda k\u00f6kl\u00fc bir \u00e7\u00f6z\u00fcm\u00fcn kap\u0131s\u0131n\u0131 a\u00e7mak Ak Parti liderinin elindedir. Bug\u00fcn b\u00f6yle bir tarihsel liderli\u011fe ihtiyac\u0131 var T\u00fcrkiye\u2019nin. Bunu ger\u00e7ekle\u015ftiren lider, tarihe ge\u00e7er.\u201d<\/p>\n<p style=\"text-align: justify;\"><span style=\"color: #000000;\"><strong>Apo\u2019nun 1 ay \u00f6nce devlete verdi\u011fi 3 protokol&#8230;<\/strong><\/span><\/p>\n<p style=\"text-align: justify;\">S\u00f6z, \u00d6calan\u2019la devletin \u0130mral\u0131 g\u00f6r\u00fc\u015fmelerine gelince, Murat Karay\u0131lan aynen \u015funlar\u0131 s\u00f6yledi:<\/p>\n<p style=\"text-align: justify;\">\u201c\u00d6nder Apo devlete bir ay \u00f6nce \u00fc\u00e7 ayr\u0131 k\u0131sa, \u00f6z protokol sundu. Bunlar, \u00e7\u00f6z\u00fcm protokollar\u0131&#8230;<\/p>\n<p style=\"text-align: justify;\">Birinci protokol:<\/p>\n<p style=\"text-align: justify;\">\u2018T\u00fcrkiye\u2019de K\u00fcrt sorununda demokratik \u00e7\u00f6z\u00fcm\u00fcn ilkeleri\u2019 ba\u015fl\u0131\u011f\u0131n\u0131 ta\u015f\u0131yor. Yani demokratik yeni anayasa konusu&#8230;<\/p>\n<p style=\"text-align: justify;\">\u0130kinci protokol:<\/p>\n<p style=\"text-align: justify;\">T\u00fcrkiye\u2019de devlet ve toplum ili\u015fkilerinde adil bir bar\u0131\u015fa ili\u015fkin ilkeleri konu al\u0131yor.<\/p>\n<p style=\"text-align: justify;\">\u00dc\u00e7\u00fcnc\u00fc protokol:<\/p>\n<p style=\"text-align: justify;\">Demokratik ve adil bar\u0131\u015f i\u00e7in acil eylem plan\u0131&#8230;<\/p>\n<p style=\"text-align: justify;\">Her protokol iki\u015fer sayfadan olu\u015fuyor, \u00e7ok yo\u011fun metinler. Apo\u2019yla bir ay \u00f6nce g\u00f6r\u00fc\u015fen devlet heyeti bu protokollar\u0131 reddetmiyor. \u2018Tart\u0131\u015f\u0131labilecek bir belgedir\u2019 diyorlar ve devlet ve h\u00fck\u00fcmetle bunu tart\u0131\u015facaklar\u0131n\u0131 belirtiyorlar.<\/p>\n<p style=\"text-align: justify;\">Biz buna cevap bekliyoruz.<\/p>\n<p style=\"text-align: justify;\">14 Haziran \u0130mral\u0131 g\u00f6r\u00fc\u015fmesinde Apo bunun cevab\u0131n\u0131 bekledi. Ama net ve somut bir cevap gelmedi.\u201d<\/p>\n<p style=\"text-align: justify;\">Murat Karay\u0131lan, Apo\u2019nun protokollar\u0131yla ilgili olarak \u015f\u00f6yle devam etti:<\/p>\n<p style=\"text-align: justify;\">\u201cBu protokoller, demokratik ulus \u00e7er\u00e7evesinde yeni anayasay\u0131 i\u00e7ine alan, T\u00fcrkiye\u2019deki t\u00fcm kimliklerinin tan\u0131nmas\u0131 temelinde toplumsal bir bar\u0131\u015f projesi \u00f6ng\u00f6r\u00fcyor. Taraflar\u0131n kar\u015f\u0131l\u0131kl\u0131 olarak birbirlerini af temelinde, \u015fiddetin t\u00fcm\u00fcyle devre d\u0131\u015f\u0131 kalmas\u0131 ve silahs\u0131zland\u0131rmayla ilgili ko\u015fullar da yer al\u0131yor protokollerde&#8230;<\/p>\n<p style=\"text-align: justify;\">Bir anayasa komisyonu kurulmas\u0131 isteniyor. TBMM\u2019de grubu olan partilerden e\u015fit say\u0131da \u00fcyenin kat\u0131l\u0131m\u0131yla&#8230; Sivil toplumun da, devlet b\u00fcrokrasisinin de temsil edilece\u011fi bir komisyon&#8230;\u201d<\/p>\n<p style=\"text-align: justify;\">Demokratik ulus kavram\u0131n\u0131 benim sorum \u00fczerine \u015f\u00f6yle \u00f6zetliyor Karay\u0131lan:<\/p>\n<p style=\"text-align: justify;\">\u201cTek\u00e7i de\u011fil \u00e7ok kimlikli bir ulus&#8230; Her kimli\u011fin anadil hakk\u0131 olacak. Ademimerkeziyet\u00e7i sistem temelinde \u00f6zy\u00f6netim hakk\u0131n\u0131 da, do\u011fru bir vatanda\u015fl\u0131k tarifini de i\u00e7eriyor, demokratik ulusun anayasal \u00e7er\u00e7evesi&#8230; B\u00f6yle bir sistem T\u00fcrkiye\u2019nin g\u00f6n\u00fcll\u00fc birli\u011fini peki\u015ftirir, g\u00fc\u00e7lendirir. Ve b\u00f6yle bir temel \u00fcst\u00fcnde kendi kendiyle bar\u0131\u015f\u0131k bir T\u00fcrkiye\u2019nin \u00f6n\u00fc a\u00e7\u0131l\u0131r.\u201d<\/p>\n<p style=\"text-align: justify;\"><span style=\"font-size: medium;\"><strong><span style=\"color: #993300;\">Apo\u2019ya herkesle g\u00f6r\u00fc\u015fme imk\u00e2n\u0131 ve bar\u0131\u015f yolu&#8230;<\/span><\/strong><\/span><\/p>\n<p style=\"text-align: justify;\">Protokollerde yer alan di\u011fer \u00f6nerileri \u015f\u00f6yle anlat\u0131yor Karay\u0131lan:<\/p>\n<p style=\"text-align: justify;\">\u201cBir bar\u0131\u015f konseyinin kurulmas\u0131&#8230; Devletten, KCK\u2019dan, tarafs\u0131z insanlardan, ayd\u0131nlardan, akil adamlardan olu\u015fan bir bar\u0131\u015f konseyi&#8230; B\u00f6yle bir konsey, hem eylemsizlik s\u00fcrecini denetler, hem silahs\u0131zland\u0131rmaya gidecek bir s\u00fcrecin de sorumlulu\u011funu \u00fcstlenir. Bu konseyin kendisi ya da paralelinde kurulacak Adalet Hakikat Komisyonu bu rolu oynar.<\/p>\n<p style=\"text-align: justify;\">\u00dc\u00e7\u00fcnc\u00fc \u00f6neriye gelince&#8230;<\/p>\n<p style=\"text-align: justify;\">B\u00f6yle bir s\u00fcrecin d\u00fczg\u00fcn i\u015fleyebilmesi i\u00e7in \u00d6nder Apo\u2019ya herkesle g\u00f6r\u00fc\u015fme imkan\u0131 verilmesidir protokollerdeki \u00fc\u00e7\u00fcnc\u00fc \u00f6neri&#8230;\u201d<\/p>\n<p style=\"text-align: justify;\">Murat Karay\u0131lan\u2019la Kandil\u2019deki be\u015f saatlik g\u00f6r\u00fc\u015fme bir g\u00fcne s\u0131\u011fam\u0131yor. Yar\u0131na da yeni ve baz\u0131 heyecanl\u0131 konular var.<\/p>\n<p style=\"text-align: justify;\"><a href=\"http:\/\/siyaset.milliyet.com.tr\/biz-bolucu-degiliz-siddet-istemiyoruz\/siyaset\/siyasetyazardetay\/27.06.2011\/1407148\/default.htm\" target=\"_blank\">Kaynak : Hasan Cemal &#8211; Milliyet<\/a><\/p>\n","protected":false},"excerpt":{"rendered":"<p id=\"caption-attachment-35178\" class=\"wp-caption-text\">PKK\u2019n\u0131n ilk kontrol noktas\u0131nday\u0131z. Bayrak \u00e7ekilmi\u015f, Apo\u2019nun renkli bir resmi as\u0131lm\u0131\u015f.<\/p>\n<p id=\"caption-attachment-35179\" class=\"wp-caption-text\">Hasan Cemal<\/p>\n<p>Milliyet gazetesi yazar\u0131 Hasan Cemal PKK&#8217;n\u0131n Kandil&#8217;deki lider kadrosundan Murat Karay\u0131lan ile g\u00f6r\u00fc\u015ft\u00fc.<\/p>\n<p>\u0130\u015fte Hasan Cemal&#8217;in Karay\u0131lan g\u00f6r\u00fc\u015fmesindeki notlar\u0131:<\/p>\n<p style=\"text-align: justify;\">\u201c2011 \u00e7\u00f6z\u00fcm y\u0131l\u0131 olmal\u0131, yoksa direniriz. \u00c7ok kritik bir kav\u015faktay\u0131z. TBMM tatile girmeden \u00f6nce milletvekili krizi ve <\/p>\n","protected":false},"author":1,"featured_media":0,"comment_status":"open","ping_status":"closed","sticky":false,"template":"","format":"standard","meta":{"footnotes":""},"categories":[105],"tags":[],"class_list":["post-35176","post","type-post","status-publish","format-standard","hentry","category-gundem","odd"],"_links":{"self":[{"href":"http:\/\/www.korhanyilmaz.com\/index.php?rest_route=\/wp\/v2\/posts\/35176","targetHints":{"allow":["GET"]}}],"collection":[{"href":"http:\/\/www.korhanyilmaz.com\/index.php?rest_route=\/wp\/v2\/posts"}],"about":[{"href":"http:\/\/www.korhanyilmaz.com\/index.php?rest_route=\/wp\/v2\/types\/post"}],"author":[{"embeddable":true,"href":"http:\/\/www.korhanyilmaz.com\/index.php?rest_route=\/wp\/v2\/users\/1"}],"replies":[{"embeddable":true,"href":"http:\/\/www.korhanyilmaz.com\/index.php?rest_route=%2Fwp%2Fv2%2Fcomments&post=35176"}],"version-history":[{"count":0,"href":"http:\/\/www.korhanyilmaz.com\/index.php?rest_route=\/wp\/v2\/posts\/35176\/revisions"}],"wp:attachment":[{"href":"http:\/\/www.korhanyilmaz.com\/index.php?rest_route=%2Fwp%2Fv2%2Fmedia&parent=35176"}],"wp:term":[{"taxonomy":"category","embeddable":true,"href":"http:\/\/www.korhanyilmaz.com\/index.php?rest_route=%2Fwp%2Fv2%2Fcategories&post=35176"},{"taxonomy":"post_tag","embeddable":true,"href":"http:\/\/www.korhanyilmaz.com\/index.php?rest_route=%2Fwp%2Fv2%2Ftags&post=35176"}],"curies":[{"name":"wp","href":"https:\/\/api.w.org\/{rel}","templated":true}]}}