{"id":35171,"date":"2011-06-26T14:33:59","date_gmt":"2011-06-26T11:33:59","guid":{"rendered":"http:\/\/www.korhanyilmaz.com\/?p=35171"},"modified":"2011-07-10T23:31:28","modified_gmt":"2011-07-10T20:31:28","slug":"iyi-niyetle-sali-1500a-kadar-bekleyecegiz","status":"publish","type":"post","link":"http:\/\/www.korhanyilmaz.com\/?p=35171","title":{"rendered":"&#8220;\u0130yi niyetle Sal\u0131 15:00&#8217;a kadar bekleyece\u011fiz&#8221;"},"content":{"rendered":"<p style=\"text-align: center;\"><a href=\"http:\/\/www.korhanyilmaz.com\/wp-content\/uploads\/2011\/06\/243.jpeg\"  class=\"lightview\"><img loading=\"lazy\" decoding=\"async\" class=\"aligncenter size-full wp-image-35172\" src=\"http:\/\/www.korhanyilmaz.com\/wp-content\/uploads\/2011\/06\/243.jpeg\" alt=\"\" width=\"360\" height=\"240\" \/><\/a><\/p>\n<p style=\"text-align: justify;\">CHP lideri kemal K\u0131l\u0131\u00e7daro\u011flu, tutuklu vekiller krizi hakk\u0131nda a\u00e7\u0131klamalarda bulundu. K\u0131l\u0131\u00e7daro\u011flu, &#8220;\u0130yi niyetle Sal\u0131 g\u00fcn\u00fc saat 15:00&#8217;a kadar bekleyece\u011fiz&#8221; dedi.<!--more--><\/p>\n<p style=\"text-align: justify;\">CHP Genel Ba\u015fkan\u0131 Kemal K\u0131l\u0131\u00e7daro\u011flu, milletvekili se\u00e7ilen ve tahliyesi reddedilen tutuklu gazeteci Mehmet Haberal ve Prof. Dr. Mehmet Haberal\u2019\u0131n parlamentoda yemin etmelerinin \u00f6n\u00fcnde hi\u00e7bir engel olmad\u0131\u011f\u0131n\u0131 savunarak, H\u00fck\u00fcmete y\u00fcklendi. K\u0131l\u0131\u00e7daro\u011flu, \u201cHi\u00e7bir sorun yok. Sorun siyasi otoritenin gereklerini yerine getiren yarg\u0131 kararlar\u0131ndan kaynaklan\u0131yor. Olay\u0131 kan davas\u0131 haline getiren bir siyasi yarg\u0131 var\u201d dedi.<\/p>\n<p style=\"text-align: justify;\">K\u0131l\u0131\u00e7daro\u011flu, Ankara\u2019n\u0131n Aya\u015f \u0130l\u00e7esi\u2019ndeki Geleneksel Dut, Tarihi Evler ve El Sanatlar\u0131 Festivali\u2019ne kat\u0131lmas\u0131n\u0131n ard\u0131ndan, parti otob\u00fcs\u00fcnde gazetecilerin sorular\u0131n\u0131 yan\u0131tlad\u0131. Parlamentonun temel i\u015flevinin halk\u0131n iradesiyle se\u00e7ilen ki\u015filerin, Anayasal olarak ant i\u00e7meleri oldu\u011funu ifade eden K\u0131l\u0131\u00e7daro\u011flu, \u201cBunun \u00f6n\u00fcnde yasal hi\u00e7bir engel yok. Parlamentoda 550 milletvekili Resmi Gazete\u2019de ilan edildi. Biz 550 milletvekilinin orada olmas\u0131n\u0131 ve ant i\u00e7mesini bekliyoruz. Demokrasi bunu gerektirir. E\u011fer buna engel olabilecek mekanizma varsa, bu mekanizma demokrasinin kurallar\u0131 i\u00e7inde ortadan kald\u0131r\u0131lmal\u0131d\u0131r\u201d dedi.<\/p>\n<p style=\"text-align: justify;\"><strong>&#8220;DAVANIN SAVCISINA S\u00d6YL\u00dcYORUM&#8221;<\/strong><\/p>\n<p style=\"text-align: justify;\">Ba\u015fbakan Recep Tayyip Erdo\u011fan\u2019a i\u015faret eden K\u0131l\u0131\u00e7daro\u011flu, \u201cBu s\u00f6z\u00fc \u00f6zellikle o davan\u0131n savc\u0131s\u0131na s\u00f6yl\u00fcyorum; siyasi bir ki\u015filiktir. Demokrasiye, halk\u0131n iradesine inan\u0131yorsa g\u00f6revini yerine getirsin\u201d dedi. K\u0131l\u0131\u00e7daro\u011flu, festival alan\u0131nda dile getirdi\u011fi \u201cortak eylem\u201d \u00e7a\u011fr\u0131s\u0131na da a\u00e7\u0131kl\u0131k getirdi. Halktan destek istediklerini s\u00f6yleyen K\u0131l\u0131\u00e7daro\u011flu, halktan ortak tav\u0131r, ortak duru\u015f sergilemelerini beklediklerini ifade etti.<\/p>\n<p style=\"text-align: justify;\"><strong>&#8220;\u0130Y\u0130 N\u0130YETLE BEKLEYECE\u011e\u0130Z&#8221;<\/strong><\/p>\n<p style=\"text-align: justify;\">Kendilerinin iyi niyetle Sal\u0131 g\u00fcn\u00fc saat 15.00\u2019e kadar bekleyeceklerini vurgulayan K\u0131l\u0131\u00e7daro\u011flu, \u201cBakars\u0131n\u0131z sa\u011f duyu egemen olur, tutuklu milletvekilleri serbest b\u0131rak\u0131l\u0131r, onlar ant i\u00e7erler, yolumuza devam ederiz\u201d dedi. Ortada hi\u00e7bir sorunun olmad\u0131\u011f\u0131n\u0131 belirten K\u0131l\u0131\u00e7daro\u011flu, \u201cSorun siyasi otoritenin gereklerini yerine getiren yarg\u0131 kararlar\u0131ndan kaynaklan\u0131yor. Bana \u00e7\u0131k\u0131p biri desin ki; \u2018\u015funlar\u0131n yemin etmeleri i\u00e7in \u00f6nlerinde \u015fu engel var\u2019. Yok. Olay\u0131 kan davas\u0131 haline getiren bir siyasi yarg\u0131 var\u201d diye konu\u015ftu.<\/p>\n<p style=\"text-align: justify;\">K\u0131l\u0131\u00e7daro\u011flu, BDP\u2019li ba\u011f\u0131ms\u0131zlar\u0131n boykot \u00e7a\u011fr\u0131s\u0131n\u0131n hat\u0131rlat\u0131lmas\u0131 \u00fczerine ise, \u201cOnlarla herhangi bir temas\u0131m yok. Biz bu \u00fclkede parlamento zemininde demokrasinin tam \u00e7al\u0131\u015fmas\u0131n\u0131 istiyoruz. Parlamento d\u0131\u015f\u0131na \u00e7\u0131k\u0131p ter\u00f6r estirmeyi, hukuk d\u0131\u015f\u0131na \u00e7\u0131kmay\u0131 do\u011fru bulmuyoruz. Biz parlamento zemininde demokrasiyi savunuyoruz\u201d diye konu\u015ftu.<\/p>\n<p style=\"text-align: justify;\">K\u0131l\u0131\u00e7daro\u011flu Cumhurba\u015fkan\u0131 Abdullah G\u00fcl\u2019\u00fcn konuyla ilgili a\u00e7\u0131klamas\u0131nda ise ortada bir krizin oldu\u011funun kabul edildi\u011fini belirterek, krizin kayna\u011f\u0131n\u0131n ise sistem olarak g\u00f6sterildi\u011fini ifade etti. \u201cSistemi bu hale getiren, \u00e7\u00f6z\u00fcms\u00fczl\u00fc\u011f\u00fc getiren iktidar partisi\u201d diyen K\u0131l\u0131\u00e7daro\u011flu, kendilerinin her zaman krizin a\u015f\u0131lmas\u0131ndan yana olduklar\u0131n\u0131 s\u00f6yleyerek, \u201cBakal\u0131m iktidar bu \u00e7a\u011fr\u0131lara ne diyecek\u201d diye sordu.<\/p>\n<p style=\"text-align: justify;\">K\u0131l\u0131\u00e7daro\u011flu, Ba\u015fbakan\u2019\u0131n Anayasa konusundaki uzla\u015f\u0131 mesajlar\u0131n\u0131 ise, \u201cUzla\u015fma s\u00f6zc\u00fc\u011f\u00fcn\u00fc dile al\u0131yorsa, bilin ki \u00e7at\u0131\u015facaklar\u201d s\u00f6zleriyle de\u011ferlendirirken, referandumun ard\u0131ndan kendilerinin \u2018Anayasa\u2019 dediklerini, ancak H\u00fck\u00fcmetin \u2018G\u00fcndemimizde yok\u2019 kar\u015f\u0131l\u0131\u011f\u0131n\u0131 verdi\u011fini belirtti.<\/p>\n<p style=\"text-align: justify;\"><a href=\"http:\/\/www.radikal.com.tr\/Radikal.aspx?aType=RadikalDetayV3&amp;ArticleID=1054143&amp;Date=27.06.2011&amp;CategoryID=78\" target=\"_blank\">Kaynak : Radikal<\/a><\/p>\n","protected":false},"excerpt":{"rendered":"<p style=\"text-align: center;\">\n<p style=\"text-align: justify;\">CHP lideri kemal K\u0131l\u0131\u00e7daro\u011flu, tutuklu vekiller krizi hakk\u0131nda a\u00e7\u0131klamalarda bulundu. K\u0131l\u0131\u00e7daro\u011flu, &#8220;\u0130yi niyetle Sal\u0131 g\u00fcn\u00fc saat 15:00&#8217;a kadar bekleyece\u011fiz&#8221; dedi.<\/p>\n","protected":false},"author":1,"featured_media":0,"comment_status":"open","ping_status":"closed","sticky":false,"template":"","format":"standard","meta":{"footnotes":""},"categories":[105],"tags":[],"class_list":["post-35171","post","type-post","status-publish","format-standard","hentry","category-gundem","odd"],"_links":{"self":[{"href":"http:\/\/www.korhanyilmaz.com\/index.php?rest_route=\/wp\/v2\/posts\/35171","targetHints":{"allow":["GET"]}}],"collection":[{"href":"http:\/\/www.korhanyilmaz.com\/index.php?rest_route=\/wp\/v2\/posts"}],"about":[{"href":"http:\/\/www.korhanyilmaz.com\/index.php?rest_route=\/wp\/v2\/types\/post"}],"author":[{"embeddable":true,"href":"http:\/\/www.korhanyilmaz.com\/index.php?rest_route=\/wp\/v2\/users\/1"}],"replies":[{"embeddable":true,"href":"http:\/\/www.korhanyilmaz.com\/index.php?rest_route=%2Fwp%2Fv2%2Fcomments&post=35171"}],"version-history":[{"count":0,"href":"http:\/\/www.korhanyilmaz.com\/index.php?rest_route=\/wp\/v2\/posts\/35171\/revisions"}],"wp:attachment":[{"href":"http:\/\/www.korhanyilmaz.com\/index.php?rest_route=%2Fwp%2Fv2%2Fmedia&parent=35171"}],"wp:term":[{"taxonomy":"category","embeddable":true,"href":"http:\/\/www.korhanyilmaz.com\/index.php?rest_route=%2Fwp%2Fv2%2Fcategories&post=35171"},{"taxonomy":"post_tag","embeddable":true,"href":"http:\/\/www.korhanyilmaz.com\/index.php?rest_route=%2Fwp%2Fv2%2Ftags&post=35171"}],"curies":[{"name":"wp","href":"https:\/\/api.w.org\/{rel}","templated":true}]}}