{"id":3517,"date":"2009-02-23T10:03:25","date_gmt":"2009-02-23T08:03:25","guid":{"rendered":"http:\/\/www.korhanyilmaz.com\/?p=3517"},"modified":"2009-02-23T10:03:25","modified_gmt":"2009-02-23T08:03:25","slug":"gokcekin-formulu-iflas-ediyor","status":"publish","type":"post","link":"http:\/\/www.korhanyilmaz.com\/?p=3517","title":{"rendered":"G\u00f6k\u00e7ek&#039;in form\u00fcl\u00fc iflas ediyor"},"content":{"rendered":"<p><img loading=\"lazy\" decoding=\"async\" class=\"aligncenter size-full wp-image-3518\" title=\"Ankara'da art\u0131k MHP aday\u0131n\u0131n da \u015fans\u0131 oldu\u011funu belirten H\u00fcrriyet yazar\u0131 Ahmet Hakan'a g\u00f6re Melih G\u00f6k\u00e7ek'in i\u015fi zor\" src=\"http:\/\/www.korhanyilmaz.com\/wp-content\/uploads\/2009\/02\/230220091039498454958.jpg\" alt=\"Ankara'da art\u0131k MHP aday\u0131n\u0131n da \u015fans\u0131 oldu\u011funu belirten H\u00fcrriyet yazar\u0131 Ahmet Hakan'a g\u00f6re Melih G\u00f6k\u00e7ek'in i\u015fi zor\" width=\"320\" height=\"100\" \/><\/p>\n<p style=\"text-align: justify;\"><strong>Ankara&#8217;da art\u0131k MHP aday\u0131n\u0131n da \u015fans\u0131 oldu\u011funu belirten H\u00fcrriyet yazar\u0131 Ahmet Hakan&#8217;a g\u00f6re Melih G\u00f6k\u00e7ek&#8217;in i\u015fi zor<\/strong><\/p>\n<p style=\"text-align: justify;\">G\u00f6k\u00e7ek&#8217;in y\u0131llard\u0131r &#8216;sa\u011f oylar bana, sol oylar CHP&#8217;ye&#8217; politikas\u0131 uygulad\u0131\u011f\u0131n\u0131 savunan Hakan, bu kez MHP aday\u0131 Yava\u015f&#8217;\u0131n sa\u011f oylar\u0131 toplayabilece\u011fini yazd\u0131<\/p>\n<p style=\"text-align: justify;\"><strong>Acayip \u015feyler oluyor<\/strong><\/p>\n<p style=\"text-align: justify;\">S\u0130Z Ankara&#8217;da yar\u0131\u015f\u0131n h\u00e1l\u00e1 Melih G\u00f6k\u00e7ek ile Murat Karayal\u00e7\u0131n aras\u0131nda ge\u00e7ti\u011fini sananlardan m\u0131s\u0131n\u0131z?<\/p>\n<p style=\"text-align: justify;\">O zaman fena halde yan\u0131l\u0131yorsunuz&#8230;<\/p>\n<p style=\"text-align: justify;\">Ankara&#8217;da birka\u00e7 haftad\u0131r Mansur Yava\u015f f\u0131rt\u0131nas\u0131 esiyor&#8230;<\/p>\n<p style=\"text-align: justify;\">Mansur Yava\u015f, MHP&#8217;nin aday\u0131&#8230;<\/p>\n<p style=\"text-align: justify;\">Ankara&#8217;da uzun zamandan beri muazzam bir &#8220;Melih G\u00f6k\u00e7ek yorgunlu\u011fu&#8221; var&#8230;<!--more--><br \/>\nG\u00f6k\u00e7ek&#8217;ten b\u0131km\u0131\u015f, fakat Karayal\u00e7\u0131n&#8217;a da gitmek istemeyen sa\u011f kesim i\u00e7in Mansur Yava\u015f alternatif hale geldi&#8230;\n<\/p>\n<p style=\"text-align: justify;\">&#8220;Mansur Yava\u015f \u00e7ok iyi bir adamm\u0131\u015f&#8221; c\u00fcmlesi, halk aras\u0131nda parola mahiyetini alm\u0131\u015f durumda&#8230;<\/p>\n<p style=\"text-align: justify;\">Yava\u015f&#8217;\u0131n olgunlu\u011fu, i\u015f bilir olu\u015fu, Beypazar\u0131 belediye ba\u015fkan\u0131 iken yapt\u0131\u011f\u0131 \u00e7al\u0131\u015fmalar ve efendili\u011fi vatanda\u015f\u0131 etkiliyor&#8230;<\/p>\n<p style=\"text-align: justify;\">Hele Ankara&#8217;n\u0131n oy deposu Ke\u00e7i\u00f6ren&#8217;de meydana gelen &#8220;Turgut Alt\u0131nok vakas\u0131&#8221;ndan sonra Yava\u015f&#8217;\u0131n \u015fans\u0131 daha da artm\u0131\u015f durumda&#8230;<\/p>\n<p style=\"text-align: justify;\">Melih G\u00f6k\u00e7ek&#8217;in y\u0131llard\u0131r uygulad\u0131\u011f\u0131 &#8220;sa\u011f oylar bana \/ sol oylar CHP&#8217;ye&#8221; form\u00fcl\u00fc bu kez i\u015flemeyecek gibi&#8230;<\/p>\n<p style=\"text-align: justify;\">Bu kez sa\u011f\u0131n adresi Mansur Yava\u015f olacakm\u0131\u015f gibi g\u00f6r\u00fcn\u00fcyor&#8230;<\/p>\n<p style=\"text-align: justify;\">Anketler de bunu g\u00f6steriyor&#8230;<\/p>\n<p style=\"text-align: justify;\">G\u00f6rd\u00fc\u011f\u00fcm son ankette G\u00f6k\u00e7ek, Karayal\u00e7\u0131n ve Yava\u015f yar\u0131\u015f\u0131 ba\u015fa ba\u015f g\u00f6t\u00fcr\u00fcyordu&#8230;<\/p>\n<p style=\"text-align: justify;\">Bir &#8220;anket hastas\u0131&#8221; olan G\u00f6k\u00e7ek de durumun fark\u0131nda&#8230;<\/p>\n<p style=\"text-align: justify;\">G\u00f6k\u00e7ek&#8217;in &#8220;MHP&#8217;li karde\u015flerim&#8221; edebiyat\u0131n\u0131 bir tarafa b\u0131rak\u0131p, do\u011frudan Mansur Yava\u015f&#8217;a \u00e7akmaya ba\u015flamas\u0131n\u0131n nedeni budur&#8230;<\/p>\n<p style=\"text-align: justify;\">* * *<\/p>\n<p style=\"text-align: justify;\"><strong>\u0130stanbul&#8217;da&#8230;<\/strong><\/p>\n<p style=\"text-align: justify;\">Kadir Topba\u015f yar\u0131\u015fa hayli \u00f6nde ba\u015flad\u0131&#8230;<\/p>\n<p style=\"text-align: justify;\">Ve bu konumunu s\u00fcrd\u00fcr\u00fcyor&#8230;<\/p>\n<p style=\"text-align: justify;\">Oyu y\u00fczde 50&#8217;lerde&#8230;<\/p>\n<p style=\"text-align: justify;\">Ama Kemal K\u0131l\u0131\u00e7daro\u011flu&#8217;nun yaratt\u0131\u011f\u0131 heyecan f\u0131rt\u0131nas\u0131 da artarak s\u00fcr\u00fcyor&#8230;<\/p>\n<p style=\"text-align: justify;\">Kadir Topba\u015f heyecans\u0131z esnaf ziyaretleriyle g\u00fcnlerini ge\u00e7irirken, K\u0131l\u0131\u00e7daro\u011flu gitti\u011fi her yerde &#8220;pop star&#8221; gibi kar\u015f\u0131lan\u0131yor&#8230;<\/p>\n<p style=\"text-align: justify;\">Yani trend K\u0131l\u0131\u00e7daro\u011flu&#8217;dan yana&#8230;<\/p>\n<p style=\"text-align: justify;\">Unutmay\u0131n:<\/p>\n<p style=\"text-align: justify;\">Se\u00e7ime daha bir aydan fazla zaman var&#8230;<\/p>\n<p style=\"text-align: justify;\">Trend b\u00f6yle giderse&#8230;<\/p>\n<p style=\"text-align: justify;\">Kadir Topba\u015f zorlanabilir&#8230;<\/p>\n<p style=\"text-align: justify;\">Kazansa bile sonu\u00e7 &#8220;muazzam bir zafer&#8221; olmayacak&#8230;<\/p>\n<p style=\"text-align: justify;\">* * *<\/p>\n<p style=\"text-align: justify;\"><strong>\u0130\u015fler Tayyip Erdo\u011fan&#8217;\u0131n umdu\u011fu gibi gitmiyor&#8230;<\/strong><\/p>\n<p style=\"text-align: justify;\">&#8220;\u0130stiyorum&#8221; dedi\u011fi kentlerde direni\u015f var&#8230;<\/p>\n<p style=\"text-align: justify;\">\u0130zmir&#8217;in teslim al\u0131namayaca\u011f\u0131 anla\u015f\u0131ld\u0131&#8230;<\/p>\n<p style=\"text-align: justify;\">Diyarbak\u0131r&#8230; \u00c7ok zor&#8230;<\/p>\n<p style=\"text-align: justify;\">Adana gitti&#8230;<\/p>\n<p style=\"text-align: justify;\">Manisa&#8217;n\u0131n da gidece\u011fi s\u00f6yleniyor&#8230;<\/p>\n<p style=\"text-align: justify;\">B\u00fct\u00fcn bunlar\u0131n yan\u0131nda&#8230;<\/p>\n<p style=\"text-align: justify;\">Ankara&#8217;y\u0131 kaybederse b\u00fcy\u00fck moral \u00e7\u00f6k\u00fcnt\u00fcs\u00fc ya\u015far&#8230;<\/p>\n<p style=\"text-align: justify;\">\u0130stanbul&#8217;u kaybetmek ise kesin ma\u011flubiyet demektir&#8230;<\/p>\n<p style=\"text-align: justify;\">* * *<\/p>\n<p style=\"text-align: justify;\"><strong>Erdo\u011fan&#8217;\u0131n &#8220;\u00e7at\u0131\u015fma&#8221;dan beslendi\u011fi art\u0131k herkesin malumu&#8230;<\/strong><\/p>\n<p style=\"text-align: justify;\">&#8220;Davos&#8217;taki fetih harek\u00e1t\u0131&#8221; iyi bir \u00e7\u0131k\u0131\u015ft\u0131&#8230;<\/p>\n<p style=\"text-align: justify;\">Fakat zamanlamas\u0131 erkendi&#8230; \u015eimdiden unutuldu&#8230; Se\u00e7ime kadar izi bile kalmaz&#8230;<\/p>\n<p style=\"text-align: justify;\">&#8220;Din \/ iman \/ irtica \/ laiklik&#8221; ba\u011flam\u0131nda CHP ile giri\u015filecek bir kavga, \u015fu s\u0131ralar ila\u00e7 gibi gelirdi&#8230;<\/p>\n<p style=\"text-align: justify;\">Ama &#8220;yolsuzluk&#8221; diye tutturan CHP, bu ba\u011flama s\u0131k\u0131\u015fmad\u0131\u011f\u0131 gibi &#8220;Kuran kursu \/ tarikat \/ \u00e7ar\u015faf \/ t\u00fcrban&#8221; a\u00e7\u0131l\u0131mlar\u0131 yaparak Erdo\u011fan&#8217;\u0131n avucundan ka\u00e7may\u0131 ba\u015far\u0131yor&#8230;<\/p>\n<p style=\"text-align: justify;\">Bir taraftan da ekonomik kriz can yak\u0131yor&#8230;<\/p>\n<p style=\"text-align: justify;\">Yani ortada&#8230;<\/p>\n<p style=\"text-align: justify;\">\u00c7at\u0131\u015fma ve gerginlikten beslenen bir politikac\u0131 i\u00e7in &#8220;k\u00e1bus gibi bir durum&#8221; var&#8230;<\/p>\n<p style=\"text-align: justify;\">Erdo\u011fan bu k\u00e1bustan kurtulmak i\u00e7in kendisine bir &#8220;d\u00fc\u015fman&#8221; ar\u0131yordu&#8230;<\/p>\n<p style=\"text-align: justify;\">Buldu: Do\u011fan Medya Grubu&#8230;<\/p>\n<p style=\"text-align: justify;\">Maliye&#8217;den dost \/ d\u00fc\u015fman herkesi hayrete d\u00fc\u015f\u00fcren bir ceza geldi&#8230;<\/p>\n<p style=\"text-align: justify;\">Ve Erdo\u011fan \u015fimdi istiyor ki&#8230;<\/p>\n<p style=\"text-align: justify;\">Do\u011fan Medya Grubu, bu cezay\u0131 \u00f6ne \u00e7\u0131kararak kendisiyle sava\u015fs\u0131n&#8230;<\/p>\n<p style=\"text-align: justify;\"><strong>B\u00f6yle bir sava\u015f&#8230;<\/strong><\/p>\n<p style=\"text-align: justify;\">B\u0130R: Erdo\u011fan&#8217;\u0131n taraftar saflar\u0131n\u0131 s\u0131k\u0131\u015ft\u0131r\u0131p toparlamas\u0131na yol a\u00e7ar&#8230;<\/p>\n<p style=\"text-align: justify;\">\u0130K\u0130: Erdo\u011fan&#8217;a b\u00fcy\u00fck medyayla kavgay\u0131 g\u00f6ze alm\u0131\u015f kahraman imaj\u0131 verir&#8230;<\/p>\n<p style=\"text-align: justify;\">\u00dc\u00c7: Do\u011fan Grubu yay\u0131n organlar\u0131nda AKP aleyhine \u00e7\u0131kacak haberlerin etkisini k\u0131rar&#8230;<\/p>\n<p style=\"text-align: justify;\">Erdo\u011fan bu \u00fc\u00e7 sonucu da gayet iyi hesaplam\u0131\u015f durumda&#8230;<\/p>\n<p style=\"text-align: justify;\">* * *<\/p>\n<p style=\"text-align: justify;\"><strong>Bu oyunu bozman\u0131n bir yolu var:<\/strong><\/p>\n<p style=\"text-align: justify;\">Do\u011fan Grubu&#8217;na ba\u011fl\u0131 yay\u0131n organlar\u0131n\u0131n, Maliye&#8217;den gelen cezaya hi\u00e7 ald\u0131rmadan, yay\u0131n \u00e7izgilerini s\u00fcrd\u00fcrmeleri gerekiyor&#8230;<\/p>\n<p style=\"text-align: justify;\">Yani &#8220;Maliye&#8217;den gelen ceza&#8221; meselesini hi\u00e7 ama hi\u00e7 abartmamalar\u0131 \u015fart&#8230;<\/p>\n<p style=\"text-align: justify;\">&#8220;Tarafs\u0131z&#8221; ve &#8220;adil&#8221; bir yay\u0131n \u00e7izgisi korunarak yola devam edilmeli&#8230;<\/p>\n<p style=\"text-align: justify;\"><strong>Yani&#8230;<\/strong><\/p>\n<p style=\"text-align: justify;\">AKP&#8217;nin de, CHP&#8217;nin de yolsuzluklar\u0131n\u0131 hi\u00e7 \u00e7ekinmeden yaz\u0131p \u00e7izen bir yay\u0131n \u00e7izgisi&#8230;<\/p>\n<p style=\"text-align: justify;\">Prim yapmak i\u00e7in kendisine bir &#8220;d\u00fc\u015fman&#8221; arayan Erdo\u011fan&#8217;\u0131n \u00e7at\u0131\u015fmac\u0131 takti\u011fi, ancak b\u00f6yle bo\u015fa \u00e7\u0131kar\u0131labilir&#8230;<\/p>\n<p style=\"text-align: justify;\"><strong>Faruk Hoca&#8217;dan \u00f6z\u00fcr<\/strong><\/p>\n<p style=\"text-align: justify;\">SEVG\u0130L\u0130 Faruk Be\u015fer Hocam&#8230;<\/p>\n<p style=\"text-align: justify;\">Sizden &#8220;Faruk Be\u015fer adl\u0131 bir ilahiyat hocas\u0131&#8221; diye s\u00f6z etti\u011fim i\u00e7in ay\u0131p ettim, \u00f6z\u00fcr diliyorum&#8230;<\/p>\n<p style=\"text-align: justify;\">Verdi\u011finiz fetvan\u0131n ayr\u0131nt\u0131lar\u0131na tam vak\u0131f olmadan yorum yapt\u0131\u011f\u0131m i\u00e7in de ay\u0131p ettim, \u00f6z\u00fcr diliyorum&#8230;<\/p>\n<p style=\"text-align: justify;\">Fakat&#8230;<\/p>\n<p style=\"text-align: justify;\">Bu iki \u00f6z\u00fcr, \u0130slam&#8217;\u0131n y\u00fczy\u0131llard\u0131r &#8220;erkek egemen&#8221; bir okuma bi\u00e7imine tabi tutuldu\u011fu ger\u00e7e\u011fini de de\u011fi\u015ftirmez.<\/p>\n<p style=\"text-align: justify;\">Sizi bundan muaf tutabilmemiz i\u00e7in&#8230;<\/p>\n<p style=\"text-align: justify;\">&#8220;Kocas\u0131 taraf\u0131ndan aldat\u0131lan kad\u0131n sabretmelidir&#8221; \u015feklindeki fetvan\u0131z\u0131n yan\u0131na &#8220;Kar\u0131s\u0131 taraf\u0131ndan aldat\u0131lan koca sabretmelidir&#8221; fetvas\u0131n\u0131 da mutlaka eklemeniz gerekiyor&#8230;<\/p>\n<p style=\"text-align: justify;\">Yani televizyona \u00e7\u0131k\u0131p, &#8220;Ey erkekler&#8230; Kar\u0131n\u0131z sizi aldat\u0131yorsa hemen bo\u015famay\u0131n, sabredin&#8221; dedi\u011finiz g\u00fcn&#8230;<\/p>\n<p style=\"text-align: justify;\">Sizi &#8220;\u0130\u015fte erkek egemen anlay\u0131\u015f\u0131 y\u0131kan f\u0131k\u0131h\u00e7\u0131&#8221; diye alk\u0131\u015flayaca\u011f\u0131m&#8230;<\/p>\n<p style=\"text-align: justify;\"><span style=\"color: #888888;\">Kaynak : Vatan Gazetesi<\/span><\/p>\n","protected":false},"excerpt":{"rendered":"<\/p>\n<p style=\"text-align: justify;\">Ankara&#8217;da art\u0131k MHP aday\u0131n\u0131n da \u015fans\u0131 oldu\u011funu belirten H\u00fcrriyet yazar\u0131 Ahmet Hakan&#8217;a g\u00f6re Melih G\u00f6k\u00e7ek&#8217;in i\u015fi zor<\/p>\n<p style=\"text-align: justify;\">G\u00f6k\u00e7ek&#8217;in y\u0131llard\u0131r &#8216;sa\u011f oylar bana, sol oylar CHP&#8217;ye&#8217; politikas\u0131 uygulad\u0131\u011f\u0131n\u0131 savunan Hakan, bu kez MHP aday\u0131 Yava\u015f&#8217;\u0131n sa\u011f oylar\u0131 toplayabilece\u011fini yazd\u0131<\/p>\n<p style=\"text-align: justify;\">Acayip \u015feyler oluyor<\/p>\n<p style=\"text-align: justify;\">S\u0130Z Ankara&#8217;da yar\u0131\u015f\u0131n h\u00e1l\u00e1 Melih <\/p>\n","protected":false},"author":1,"featured_media":0,"comment_status":"open","ping_status":"closed","sticky":false,"template":"","format":"standard","meta":{"footnotes":""},"categories":[105],"tags":[],"class_list":["post-3517","post","type-post","status-publish","format-standard","hentry","category-gundem","odd"],"_links":{"self":[{"href":"http:\/\/www.korhanyilmaz.com\/index.php?rest_route=\/wp\/v2\/posts\/3517","targetHints":{"allow":["GET"]}}],"collection":[{"href":"http:\/\/www.korhanyilmaz.com\/index.php?rest_route=\/wp\/v2\/posts"}],"about":[{"href":"http:\/\/www.korhanyilmaz.com\/index.php?rest_route=\/wp\/v2\/types\/post"}],"author":[{"embeddable":true,"href":"http:\/\/www.korhanyilmaz.com\/index.php?rest_route=\/wp\/v2\/users\/1"}],"replies":[{"embeddable":true,"href":"http:\/\/www.korhanyilmaz.com\/index.php?rest_route=%2Fwp%2Fv2%2Fcomments&post=3517"}],"version-history":[{"count":0,"href":"http:\/\/www.korhanyilmaz.com\/index.php?rest_route=\/wp\/v2\/posts\/3517\/revisions"}],"wp:attachment":[{"href":"http:\/\/www.korhanyilmaz.com\/index.php?rest_route=%2Fwp%2Fv2%2Fmedia&parent=3517"}],"wp:term":[{"taxonomy":"category","embeddable":true,"href":"http:\/\/www.korhanyilmaz.com\/index.php?rest_route=%2Fwp%2Fv2%2Fcategories&post=3517"},{"taxonomy":"post_tag","embeddable":true,"href":"http:\/\/www.korhanyilmaz.com\/index.php?rest_route=%2Fwp%2Fv2%2Ftags&post=3517"}],"curies":[{"name":"wp","href":"https:\/\/api.w.org\/{rel}","templated":true}]}}