{"id":35166,"date":"2011-06-25T16:59:27","date_gmt":"2011-06-25T13:59:27","guid":{"rendered":"http:\/\/www.korhanyilmaz.com\/?p=35166"},"modified":"2011-07-10T23:32:27","modified_gmt":"2011-07-10T20:32:27","slug":"kendisini-dinlemeyen-erdogana-demokrasi-yaniti","status":"publish","type":"post","link":"http:\/\/www.korhanyilmaz.com\/?p=35166","title":{"rendered":"Kendisini dinlemeyen Erdo\u011fan&#8217;a &#8216;demokrasi&#8217; yan\u0131t\u0131"},"content":{"rendered":"<p style=\"text-align: center;\"><a href=\"http:\/\/www.korhanyilmaz.com\/wp-content\/uploads\/2011\/06\/242.jpg\"  class=\"lightview\"><img loading=\"lazy\" decoding=\"async\" class=\"aligncenter size-full wp-image-35167\" src=\"http:\/\/www.korhanyilmaz.com\/wp-content\/uploads\/2011\/06\/242.jpg\" alt=\"\" width=\"322\" height=\"241\" \/><\/a><\/p>\n<p style=\"text-align: justify;\">18. Ola\u011fan Genel Kurulu ger\u00e7ekle\u015ftiren T\u00fcrkiye \u0130hracat\u00e7\u0131lar Birli\u011fi (T\u0130M), Genel Kurulu&#8217;nda konu\u015fma yapan Erdo\u011fan &#8220;Bir a\u00e7\u0131l\u0131\u015fa kat\u0131laca\u011f\u0131&#8221; gerek\u00e7esiyle salondan ayr\u0131ld\u0131. Erdo\u011fan&#8217;dan sonra k\u00fcrs\u00fcye \u00e7\u0131kan K\u0131l\u0131\u00e7daro\u011flu, &#8220;Ba\u015fbakan konu\u015fmas\u0131nda demokrasiden s\u00f6z etti. Ancak, muhalefet liderinin konu\u015fmas\u0131n\u0131 dinlemeden gitmek var m\u0131?&#8221; diye sordu.<!--more--><\/p>\n<p style=\"text-align: justify;\">\u0130stanbul &#8211; Ba\u015fbakan Recep Tayyip Erdo\u011fan&#8217;\u0131n, T\u0130M&#8217;in 18. Ola\u011fan Genel Kurulu&#8217;nda konu\u015fmas\u0131n\u0131 yap\u0131p salondan ayr\u0131lmas\u0131ndan sonra k\u00fcrs\u00fcye \u00e7\u0131kan K\u0131l\u0131\u00e7daro\u011flu, demokrasiden, \u00f6zg\u00fcrl\u00fckten, hukukun \u00fcst\u00fcnl\u00fc\u011f\u00fcnden s\u00f6z edildi\u011fini belirterek, \u015funlar\u0131 s\u00f6yledi:<\/p>\n<p style=\"text-align: justify;\">&#8221;Demokrasiden s\u00f6z eden bir ki\u015finin ana muhalefet partisi ba\u015fkan\u0131n\u0131 dinlemesi gerekir mi, gerekmez mi? Demokrasi bu mu? E\u011fer demokrasiden s\u00f6z ediyorsak kar\u015f\u0131t d\u00fc\u015f\u00fcnceleri dinleme tahamm\u00fcl\u00fcm\u00fcz\u00fcn olmas\u0131 gerekir. Kar\u015f\u0131t d\u00fc\u015f\u00fcnceleri dinlemeyip kendi kendinize propaganda yap\u0131p sonra meydan\u0131 b\u0131rak\u0131p gidiyorsak bu olmaz. \u00d6nce bir do\u011frunun alt\u0131n\u0131 \u00e7izmemiz laz\u0131m. Muhalefet \u00f6nemli. Ben de biliyorum \u00f6nemli. Her \u00fclkede iktidar olur ama sadece demokrasilerde muhalefet olur. O nedenle demokrasi s\u00f6ylemimizin inand\u0131r\u0131c\u0131 olmas\u0131 i\u00e7in eylemlerimizle s\u00f6ylemlerimizin tutarl\u0131 olmas\u0131 laz\u0131m. Konu\u015faca\u011f\u0131m ama konu\u015ftu\u011fumun gere\u011fini yapmayaca\u011f\u0131m. Kusura bakmas\u0131nlar birbirimizi kand\u0131rmayal\u0131m.&#8221;<\/p>\n<p style=\"text-align: justify;\">K\u0131l\u0131\u00e7daro\u011flu, 2023&#8217;de 500 milyar dolarl\u0131k ihracat hedefini desteklediklerini, Mecliste ihracat\u00e7\u0131lar\u0131n \u00f6n\u00fcndeki engellerin t\u00fcm\u00fcn\u00fcn kar\u015f\u0131s\u0131nda olacaklar\u0131n\u0131, her t\u00fcrl\u00fc deste\u011fi vereceklerini kaydetti.<\/p>\n<p style=\"text-align: justify;\">K\u0131l\u0131\u00e7daro\u011flu, se\u00e7im s\u00fcrecinde ekonomiyle ilgili zaman\u0131nda al\u0131nmas\u0131 gereken kararlar\u0131n al\u0131nmad\u0131\u011f\u0131n\u0131, se\u00e7imden sonraya b\u0131rak\u0131ld\u0131\u011f\u0131n\u0131 savunarak, &#8221;Ba\u011f\u0131ms\u0131z \u00f6zel kurulu\u015fla se\u00e7im s\u00fcrecinde karar almad\u0131lar. Ne zaman karar ald\u0131lar? Ekonomiyi ne zaman so\u011futmaya ba\u015flad\u0131lar, se\u00e7im bitti ondan sonra. Demek ki bu kurumlar bizim anlad\u0131\u011f\u0131m\u0131z anlamda kurumlar de\u011fil. Siyasal iktidar\u0131n g\u00fcd\u00fcm\u00fcne giren kurumlar sa\u011fl\u0131kl\u0131 \u00e7al\u0131\u015famazlar. O zaman en b\u00fcy\u00fck zarar\u0131 i\u015f adamlar\u0131 g\u00f6r\u00fcr&#8221; diye konu\u015ftu.<\/p>\n<p style=\"text-align: justify;\"><strong>&#8220;Demokrasi a\u00e7\u0131\u011f\u0131 b\u00fcy\u00fcyor&#8221;<\/strong><\/p>\n<p style=\"text-align: justify;\">Ba\u015fbakan Erdo\u011fan&#8217;\u0131n konu\u015fmas\u0131nda 1946 ve 1950&#8217;lerden bahsetmesine at\u0131fta bulunarak, &#8220;Demokrasiden s\u00f6z ettik, yine 1946&#8217;lardan ba\u015flad\u0131k. Nereden ba\u015flarsak ba\u015flayal\u0131m, bug\u00fcn\u00fc g\u00f6rmemiz laz\u0131m. T\u00fcrkiye Cumhuriyeti tarihinde ilk kez sorunlu bir meclis a\u00e7\u0131l\u0131yor. Sorunlar\u0131 olan bir meclis a\u00e7\u0131l\u0131yor. D\u00f6n\u00fcp bakmam\u0131z laz\u0131m. Bu sorunlar\u0131 yaratan kim? Ana muhalefet partisi mi? Yoksa iktidar m\u0131? Peki bu sorunlar bilinmiyor muydu? Niye sorunlar\u0131 \u00e7\u00f6zmek i\u00e7in \u00e7aba harcamad\u0131n\u0131z?&#8221; diye sordu. Demokrasi a\u00e7\u0131\u011f\u0131n\u0131n b\u00fcy\u00fcd\u00fc\u011f\u00fcn\u00fc belirten K\u0131l\u0131\u00e7daro\u011flu, &#8220;Yasama, yarg\u0131, y\u00fcr\u00fctme denen \u00fc\u00e7 kurum var demokrasilerde. \u00c7a\u011fda\u015f demokrasilerde d\u00f6rd\u00fcnc\u00fc kurum medya. Bana kim T\u00fcrkiye&#8217;de medyan\u0131n \u00fczerinde bask\u0131 olmad\u0131\u011f\u0131n\u0131 s\u00f6yleyebilir? Kimse s\u00f6yleyemez. Medyan\u0131n \u00fczerinde ciddi bir bask\u0131 var. Medyada bask\u0131 varsa, halk\u0131n sa\u011fl\u0131kl\u0131 bilgi edinme hakk\u0131 yoktur. Yarg\u0131n\u0131n ba\u011f\u0131ms\u0131z oldu\u011funu kim s\u00f6yleyebilir. Bana bir Allah&#8217;\u0131n kulu \u00e7\u0131k\u0131p desin ki, &#8216;T\u00fcrkiye&#8217;de yarg\u0131 ba\u011f\u0131ms\u0131zd\u0131r.&#8217; Efendim T\u00fcrkiye kanun devleti. Hukuk farkl\u0131 bir \u015feydir. Kanun fak\u00fclteleri yoktur, hukuk fak\u00fclteleri vard\u0131r. Kanunlar\u0131n \u00fcst\u00fcnl\u00fc\u011f\u00fc yoktur, hukukun \u00fcst\u00fcnl\u00fc\u011f\u00fc vard\u0131r&#8221; dedi.<\/p>\n<p style=\"text-align: justify;\"><strong>Haberal ve Balbay&#8217;\u0131n tahliye talebine reddine tepki<\/strong><\/p>\n<p style=\"text-align: justify;\">K\u0131l\u0131\u00e7daro\u011flu, 12 Haziran se\u00e7imleri ile milletvekili se\u00e7ilen Mehmet Haberal ve Mustafa Balbay&#8217;\u0131n tahliye taleplerinin, \u0130stanbul 13. A\u011f\u0131r Ceza Mahkemesi taraf\u0131ndan reddedilmesine tepki g\u00f6sterdi. Milletin iradesine darbe vuruldu\u011funu s\u00f6yleyen K\u0131l\u0131\u00e7daro\u011flu, \u015funlar\u0131 s\u00f6yledi:<\/p>\n<p style=\"text-align: justify;\">&#8220;Her yurtta\u015f\u0131n se\u00e7me, se\u00e7ilme hakk\u0131 vard\u0131r. Gittiniz cumhuriyet ba\u015fsavc\u0131l\u0131\u011f\u0131na ba\u015fvurdunuz, &#8216;milletvekili aday\u0131 olmak istiyorum&#8217; dediniz. &#8216;Engel yok&#8217; dediler. Gidiyorsunuz istedi\u011finiz parti hangisiyle ba\u015fvuruyorsunuz belgelerle beraber. Se\u00e7iyorlar sizi, YSK&#8217;ya ilgili parti bildiriyor. YSK bak\u0131yor belgelere, soru\u015fturuyor, &#8216;tamam senin aday olmanda engel yok&#8217; diyor. Bunun \u00fczerine halk seni milletvekili se\u00e7iyor. Geliyor yine YSK&#8217;ya gidiyor. YSK onayl\u0131yor, Resmi Gazete&#8217;ye g\u00f6nderiyor. Bununla birlikte YSK TBMM&#8217;ye de bildiriyor. Hakk\u0131n\u0131zda verilmi\u015f bir h\u00fck\u00fcm yok. Sadece tutuklusunuz. Ni\u00e7in tutuklusunuz? O da me\u00e7hul, ama tutuklusunuz. Bu ki\u015finin parlamentoda yemin etmesi laz\u0131m. Se\u00e7ilmi\u015f. Y\u00fcksek Se\u00e7im Kurulu onaylam\u0131\u015f. TBMM&#8217;ye bildirilmi\u015f, mazbatas\u0131n\u0131 alm\u0131\u015f. Hi\u00e7bir sorun yok. &#8216;Sen kusura bakma TBMM&#8217;ye gidip yemin edemezsin.&#8217; Ni\u00e7in? Deliller toplanmad\u0131. \u00dc\u00e7 y\u0131ld\u0131r deliller toplanmad\u0131. Kim delilleri toplamad\u0131. \u0130ktidar ne g\u00fcne duruyor. Deliller toplanmad\u0131 ama ben seni yarg\u0131l\u0131yorum. Yar\u0131n onun lehine bir karar \u00e7\u0131karsa ne olacak? Hay\u0131r kanunlar b\u00f6yle de\u011fil. Hukuk devletinde \u00f6zel yetkili mahkeme olmaz. Demokrasinin kalitesi bu mu? Siz, Cumhuriyet tarihinde olmayan \u015feyleri yap\u0131yorsunuz.&#8221;<\/p>\n<p style=\"text-align: justify;\"><strong>&#8220;Yarg\u0131\u00e7lar davalara kan davas\u0131 gibi bakmas\u0131n&#8221;<\/strong><\/p>\n<p style=\"text-align: justify;\">Ergenekon kapsam\u0131nda tutuklu bulunan gazeteci Ahmet \u015e\u0131k&#8217;\u0131n kitap tasla\u011f\u0131n\u0131n toplat\u0131lmas\u0131n\u0131 da ele\u015ftiren K\u0131l\u0131\u00e7daro\u011flu, &#8220;Bana s\u00f6yleyin. B\u00fct\u00fcn cumhuriyet tarihi boyunca, yaz\u0131lmam\u0131\u015f taslak kitap dolay\u0131s\u0131 ile tutuklama ve hapse at\u0131lma hangi iktidar d\u00f6neminde oldu? Bunun ad\u0131na ileri demokrasi diyorlar. Niye birbirimizi kand\u0131r\u0131yoruz?&#8221; diye sordu. Ba\u015fbakan&#8217;\u0131n Anayasa \u00e7a\u011fr\u0131s\u0131na da de\u011finen K\u0131l\u0131\u00e7daro\u011flu, &#8220;Referandumdan hemen sonra s\u00f6yledim. Buyurun \u00e7a\u011fr\u0131 yap\u0131n. Parlamentoda bir ekip olu\u015fsun, anayasa de\u011fi\u015fikli\u011fi i\u00e7in yol alal\u0131m. Say\u0131n Erdo\u011fan &#8216;bizim g\u00fcndemimizde anayasa de\u011fi\u015fikli\u011fi yok&#8217; dedi. \u015eimdi anayasa yapal\u0131m diyor, eyvallah. Anayasa de\u011fi\u015fikli\u011fi konusunda en net g\u00f6r\u00fc\u015flerini kamuoyuyla payla\u015fan tek parti CHP&#8217;dir. Bizim g\u00f6r\u00fc\u015flerimiz belli. Evrensel hukuk neyi gerektiriyorsa onu yapaca\u011f\u0131z&#8221; diye konu\u015ftu. K\u0131l\u0131\u00e7daro\u011flu, &#8220;Yarg\u0131\u00e7lar\u0131n bir davaya bakarken, kan davas\u0131 gibi bakmamal\u0131lar&#8221; yorumunu yapt\u0131.<\/p>\n<p style=\"text-align: justify;\"><strong>&#8220;Milletin iradesine darbe vuruyorsunuz&#8221;<\/strong><\/p>\n<p style=\"text-align: justify;\">Ba\u015fbakan&#8217;\u0131n konu\u015fmas\u0131nda &#8220;halk\u0131n iradesi&#8221; konusuna vurgu yapmas\u0131na at\u0131fta bulunan K\u0131l\u0131\u00e7daro\u011flu, CHP&#8217;den milletvekili se\u00e7ilen Mustafa Balbay ve Mehmet Haberal&#8217;a i\u015faret ederek, &#8220;Bunlar\u0131 kim se\u00e7ti? Yurt d\u0131\u015f\u0131ndan gelenler mi se\u00e7ti. Bu \u00fclkenin insanlar\u0131 se\u00e7ti. Bu \u00fclkenin insanlar\u0131n\u0131n se\u00e7ti\u011fi insanlar\u0131n iradelerine darbe vuruyorsunuz. Birbirimizi kand\u0131rmayal\u0131m. Demokrasi ve hukukun \u00fcst\u00fcnl\u00fc\u011f\u00fc sadece T\u00fcrkiye&#8217;ye \u00f6zg\u00fc de\u011fil. \u0130nsan\u0131n oldu\u011fu her yerde olmas\u0131 gereken temel kurald\u0131r. Benim se\u00e7me se\u00e7ilme hakk\u0131ma s\u0131n\u0131r getiren bir d\u00fczenleme varsa, bu d\u00fczenleme insan haklar\u0131na ayk\u0131r\u0131d\u0131r. Demokrasi kalitesi herkes i\u00e7in ge\u00e7erlidir&#8221; diye konu\u015ftu.<\/p>\n<p style=\"text-align: justify;\">Eylemler ve s\u00f6ylemlerin tutarl\u0131 olmas\u0131 gerekti\u011finin alt\u0131n\u0131 \u00e7izen K\u0131l\u0131\u00e7daro\u011flu, s\u00f6zlerini \u015f\u00f6yle s\u00fcrd\u00fcrd\u00fc:<\/p>\n<p style=\"text-align: justify;\">&#8220;Buyursun bir i\u015fadam\u0131 h\u00fck\u00fcmeti ele\u015ftirsin bakal\u0131m. Ba\u015f\u0131na ne gelecek g\u00f6relim. B\u00f6yle demokrasi olur mu? Bir i\u015fadam\u0131 \u00f6zel bir sohbette &#8216;CHP Birinci parti olabilir&#8217; demi\u015f. O kadar. Vay sen misin onu s\u00f6yleyen. Bir partinin birinci olaca\u011f\u0131n\u0131 d\u00fc\u015f\u00fcnmek ne zamandan beri bu \u00fclkede su\u00e7 olmaya ba\u015flad\u0131. Tarafs\u0131z olan bertaraf olur, hangi demokraside vard\u0131r b\u00f6yle bir s\u00f6ylem. Hem bunlar\u0131 s\u00f6yleyeceksiniz. Sonra da &#8216;demokrasi hukuk istedik olmuyor&#8217; diyeceksiniz. Kim yapm\u0131yor? Siz getirdiniz de biz kar\u015f\u0131 m\u0131 \u00e7\u0131kt\u0131k? Yarg\u0131da ciddi sorunlar\u0131m\u0131z var. Biz CHP olarak demokrasi, hukuk, insan haklar\u0131, kad\u0131n-erkek e\u015fitli\u011fi, AB&#8217;ye tam \u00fcyelik s\u00fcreci i\u00e7in elimizden gelen her t\u00fcrl\u00fc \u00e7abay\u0131 g\u00f6steriyoruz. Bug\u00fcn 60&#8217;a yak\u0131n gazetecinin hapiste oldu\u011fu bir \u00fclkeyi, Bat\u0131&#8217;da gidip &#8216;bizde demokrasi var&#8217; diye anlatamazs\u0131n\u0131z.&#8221;<\/p>\n<p style=\"text-align: justify;\"><a href=\"http:\/\/www.cumhuriyet.com.tr\/?hn=256174\" target=\"_blank\">Kaynak : Cumhuriyet Haber Portal\u0131<\/a><\/p>\n","protected":false},"excerpt":{"rendered":"<p style=\"text-align: center;\">\n<p style=\"text-align: justify;\">18. Ola\u011fan Genel Kurulu ger\u00e7ekle\u015ftiren T\u00fcrkiye \u0130hracat\u00e7\u0131lar Birli\u011fi (T\u0130M), Genel Kurulu&#8217;nda konu\u015fma yapan Erdo\u011fan &#8220;Bir a\u00e7\u0131l\u0131\u015fa kat\u0131laca\u011f\u0131&#8221; gerek\u00e7esiyle salondan ayr\u0131ld\u0131. Erdo\u011fan&#8217;dan sonra k\u00fcrs\u00fcye \u00e7\u0131kan K\u0131l\u0131\u00e7daro\u011flu, &#8220;Ba\u015fbakan konu\u015fmas\u0131nda demokrasiden s\u00f6z etti. Ancak, muhalefet liderinin konu\u015fmas\u0131n\u0131 dinlemeden gitmek var m\u0131?&#8221; diye sordu.<\/p>\n","protected":false},"author":1,"featured_media":0,"comment_status":"open","ping_status":"closed","sticky":false,"template":"","format":"standard","meta":{"footnotes":""},"categories":[105],"tags":[],"class_list":["post-35166","post","type-post","status-publish","format-standard","hentry","category-gundem","odd"],"_links":{"self":[{"href":"http:\/\/www.korhanyilmaz.com\/index.php?rest_route=\/wp\/v2\/posts\/35166","targetHints":{"allow":["GET"]}}],"collection":[{"href":"http:\/\/www.korhanyilmaz.com\/index.php?rest_route=\/wp\/v2\/posts"}],"about":[{"href":"http:\/\/www.korhanyilmaz.com\/index.php?rest_route=\/wp\/v2\/types\/post"}],"author":[{"embeddable":true,"href":"http:\/\/www.korhanyilmaz.com\/index.php?rest_route=\/wp\/v2\/users\/1"}],"replies":[{"embeddable":true,"href":"http:\/\/www.korhanyilmaz.com\/index.php?rest_route=%2Fwp%2Fv2%2Fcomments&post=35166"}],"version-history":[{"count":0,"href":"http:\/\/www.korhanyilmaz.com\/index.php?rest_route=\/wp\/v2\/posts\/35166\/revisions"}],"wp:attachment":[{"href":"http:\/\/www.korhanyilmaz.com\/index.php?rest_route=%2Fwp%2Fv2%2Fmedia&parent=35166"}],"wp:term":[{"taxonomy":"category","embeddable":true,"href":"http:\/\/www.korhanyilmaz.com\/index.php?rest_route=%2Fwp%2Fv2%2Fcategories&post=35166"},{"taxonomy":"post_tag","embeddable":true,"href":"http:\/\/www.korhanyilmaz.com\/index.php?rest_route=%2Fwp%2Fv2%2Ftags&post=35166"}],"curies":[{"name":"wp","href":"https:\/\/api.w.org\/{rel}","templated":true}]}}