{"id":35160,"date":"2011-06-26T08:47:10","date_gmt":"2011-06-26T05:47:10","guid":{"rendered":"http:\/\/www.korhanyilmaz.com\/?p=35160"},"modified":"2011-07-10T22:58:28","modified_gmt":"2011-07-10T19:58:28","slug":"hasdal-kurmay-baskanligi","status":"publish","type":"post","link":"http:\/\/www.korhanyilmaz.com\/?p=35160","title":{"rendered":"Hasdal Kurmay Ba\u015fkanl\u0131\u011f\u0131"},"content":{"rendered":"<p style=\"text-align: center;\"><a href=\"http:\/\/www.korhanyilmaz.com\/wp-content\/uploads\/2011\/06\/240.jpg\"  class=\"lightview\"><img loading=\"lazy\" decoding=\"async\" class=\"aligncenter size-full wp-image-35161\" src=\"http:\/\/www.korhanyilmaz.com\/wp-content\/uploads\/2011\/06\/240.jpg\" alt=\"\" width=\"307\" height=\"236\" \/><\/a><\/p>\n<p style=\"text-align: justify;\">Genelkurmay Karargah\u0131\u2019nda 28 general g\u00f6rev yaparken, Balyoz\u2019dan tutuklanan T\u00fcmamiral \u015ei\u015flio\u011flu ile beraber, Hasdal\u2019daki pa\u015fa say\u0131s\u0131 34 oldu. Askeri g\u00f6revlerinden uzak kalan general ve amiraller g\u00fcnlerini savunma haz\u0131rlamak d\u0131\u015f\u0131nda spor yaparak ve kitap okuyarak ge\u00e7iriyor. Tamam\u0131 \u0130ngilizce bilen pa\u015falar\u0131n son me\u015fgalesi ise \u0130talyanca dersleri oldu. <!--more--><\/p>\n<p style=\"text-align: justify;\"><a href=\"http:\/\/www.korhanyilmaz.com\/wp-content\/uploads\/2011\/06\/241.jpg\"  class=\"lightview\"><img loading=\"lazy\" decoding=\"async\" class=\"alignleft size-full wp-image-35162\" style=\"margin-left: 10px; margin-right: 10px;\" src=\"http:\/\/www.korhanyilmaz.com\/wp-content\/uploads\/2011\/06\/241.jpg\" alt=\"\" width=\"204\" height=\"195\" \/><\/a>Deniz Kuvvetleri Komutanl\u0131\u011f\u0131 Harp Filosu Komutan\u0131 T\u00fcmamiral M\u00fccahit \u015ei\u015flio\u011flu\u2019nun da tutuklanmas\u0131 ile berber, Hasdal Askeri Cezaevi\u2019ndeki generallerin say\u0131s\u0131 34 oldu. Genelkurmay Karargah\u0131\u2019nda bile 28 generalin g\u00f6rev yapt\u0131\u011f\u0131 dikkate al\u0131nd\u0131\u011f\u0131nda Hasdal\u2019daki pa\u015falar\u0131n \u00f6nemi ortaya \u00e7\u0131k\u0131yor. Peki \u201cHasdal Karargah\u0131\u201dnda g\u00fcnler nas\u0131l ge\u00e7iyor. General ve amiraller ne yiyor, ne i\u00e7iyor g\u00fcnlerini nas\u0131l ge\u00e7iriyor. Avukatlar\u0131 pa\u015falar\u0131n Hasdal g\u00fcnlerini anlatt\u0131:<\/p>\n<p style=\"text-align: justify;\"><strong>\u0130talyanca derslere ba\u015flad\u0131lar<\/strong><\/p>\n<p style=\"text-align: justify;\">Hasdal\u2019da yatan d\u00f6rt general Tu\u011fgeneral Hakan Akko\u00e7, Tu\u011fgeneral \u0130hsan Balabanl\u0131, T\u00fcmgeneral Bekir Memi\u015f, T\u00fcmgeneral Halil Helvac\u0131o\u011flu ile 9 albay\u0131n avukat\u0131 Ramazan Bulut, generallerin cezaevinde ge\u00e7en g\u00fcnlerini anlatt\u0131: \u201cCezaevi \u015fu anda iki bina halinde. \u0130dari bir binay\u0131 da cezaevine katt\u0131lar. 7 ve 11 ki\u015filik odalar var. Generaller \u00e7o\u011funlukla beraber kal\u0131yor. Odalar\u0131nda televizyon bulunuyor. Ortak alanlarda da televizyon var. Genellikle haber kanallar\u0131n\u0131 izliyorlar. Di\u011fer yandan \u0130ngilizceyi zaten bildikleri i\u00e7in \u0130talyanca gibi ikinci bir dil \u00f6\u011frenmeye \u00e7al\u0131\u015f\u0131yorlar. Sabahlar\u0131 spor yap\u0131p, g\u00fcn\u00fcn belli zamanlar\u0131nda kitap okuyorlar. Bunlar\u0131n d\u0131\u015f\u0131nda Balyoz iddianamesini okuyorlar. Adalet Bakanl\u0131\u011f\u0131\u2019n\u0131n izni ile bilgisayarlar\u0131nda savunmalar\u0131n\u0131 yaz\u0131yorlar.\u201d<\/p>\n<p style=\"text-align: justify;\"><strong>Futbol ma\u00e7\u0131 yap\u0131yorlar<\/strong><\/p>\n<p style=\"text-align: justify;\">T\u00fcmamiral Semih \u00c7etin\u2019in avukat\u0131 \u015eule Nazl\u0131o\u011flu Erol ise \u015funlar\u0131 s\u00f6yl\u00fcyor: \u201cGeneraller hep birlite yemek olarak erlerin karavanas\u0131ndan yiyor. Karavanada s\u0131kl\u0131kla kuru fas\u00fclye, mercimek \u00e7orbas\u0131, nohut yeme\u011fi ve bulgur pilav\u0131 \u00e7\u0131k\u0131yor. Aileler a\u00e7\u0131k g\u00f6r\u00fc\u015f g\u00fcn\u00fcnde kek ve benzeri yiyecekler getirebiliyor. \u00c7ar\u015famba g\u00fcnleri aileleri ile a\u00e7\u0131k g\u00f6r\u00fc\u015fte bulu\u015fabilen tutuklular, haftan\u0131n yedi g\u00fcn\u00fc de ak\u015fam saatleri dahil avukatlar\u0131 ile g\u00f6r\u00fc\u015febiliyor. Tutuklular ayr\u0131ca cezaevinin a\u00e7\u0131k alan\u0131nda s\u0131k s\u0131k y\u00fcr\u00fcy\u00fc\u015f yap\u0131p, futbol oynuyor.\u201d<\/p>\n<p style=\"text-align: justify;\">\u2018Hakimlere s\u00f6yleyin, yeter\u2019<\/p>\n<p style=\"text-align: justify;\">Cuma g\u00fcn\u00fc tutuklanan Korcan P\u00fclats\u00fc\u2019nun avukat\u0131 Ali Fahir Korcan, m\u00fcvekkilinin 8 ki\u015filik ko\u011fu\u015fta 4 ki\u015fiyle birlikte kald\u0131\u011f\u0131n\u0131 belirterek \u015funlar\u0131 anlatt\u0131: \u201cZiyaretine pazartesi gittim. 8 ki\u015filik ko\u011fu\u015fta \u015fu an, 5 ki\u015fi kal\u0131yorlar ve bu say\u0131 her ge\u00e7en g\u00fcn art\u0131yor. Hatta bu konuyla ilgili \u201cHakimlere s\u00f6yleyin art\u0131k g\u00f6ndermesinler kimseyi, yer kalmad\u0131 cezaevinde\u201d diye espri yapt\u0131. Hakikaten kapasite doldu art\u0131k. Hatta eskiden tek katl\u0131 bir yap\u0131 vard\u0131 tutuklular i\u00e7in. \u015eimdi kapasitesi doldu\u011fu i\u00e7in ba\u015fka bir yap\u0131y\u0131 da d\u00f6n\u00fc\u015ft\u00fcrm\u00fc\u015fler. Orada da tutuklular kal\u0131yor. Daha d\u00fcn 4 ki\u015fi tutukland\u0131. Cezaevi \u00e7ok s\u0131k\u0131\u015ft\u0131. Yak\u0131nda yer kalmayacak.\u201d<\/p>\n<p style=\"text-align: justify;\"><strong>Kitap okuyup y\u00fcr\u00fcy\u00fc\u015f yap\u0131yorlar<\/strong><\/p>\n<p style=\"text-align: justify;\">Albay Ali T\u00fcrk\u015fen, Kurmay Albay Muharrem Nuri Alacal\u0131 ve Kurmay Albay Dora Sunguay\u2019\u0131n avukat\u0131 \u0130brahim \u015eahinkaya, cezaevinde kalan m\u00fcvekkillerinin i\u00e7eride vakitlerini bol bol kitap okuyarak de\u011ferlendirdiklerini s\u00f6yledi. M\u00fcvekkilleriyle g\u00f6r\u00fc\u015fme odalar\u0131n\u0131n yan\u0131nda bir basketbol sahas\u0131 oldu\u011funu ve g\u00f6r\u00fc\u015fmeye gitti\u011fi zamanlarda orada basketbol oynand\u0131\u011f\u0131n\u0131 g\u00f6rd\u00fc\u011f\u00fcn\u00fc anlatan Avuakat \u015eahinkaya, \u201cBol bol y\u00fcr\u00fcy\u00fc\u015f yap\u0131yorlar. \u0130\u00e7eride baz\u0131 jimnastik aletleri var, bisiklet gibi. Onlar\u0131 kulland\u0131klar\u0131n\u0131 s\u00f6ylediler. A\u011f\u0131rl\u0131k kald\u0131rma \u00e7al\u0131\u015fmalar\u0131 yap\u0131yorlar. Bunun d\u0131\u015f\u0131nda televizyon izlediklerini ve kendi aralar\u0131nda sohbet ettiklerini biliyorum\u201d dedi.<\/p>\n<p style=\"text-align: justify;\"><strong>\u2018\u015ei\u015flio\u011flu h\u00fck\u00fcmetle son derece uyumlu \u00e7al\u0131\u015f\u0131yordu\u2019<\/strong><\/p>\n<p style=\"text-align: justify;\">Balyoz soru\u015fturmas\u0131 kapsam\u0131nda tutuklanan T\u00fcmamiral \u015ei\u015flio\u011flu\u2019nun avukat\u0131 Kemal Nevzat G\u00fcle\u015fen, \u015ei\u015flio\u011flu\u2019nun h\u00fck\u00fcmet ile son derece uyumlu \u00e7al\u0131\u015ft\u0131\u011f\u0131n\u0131 iddia etti. \u015ei\u015flio\u011flu\u2019nun, 2004 y\u0131l\u0131nda KKTC ile ilgili haz\u0131rlanan Annan Plan\u0131\u2019na, d\u00f6nemin D\u0131\u015fi\u015fleri Bakan\u0131 olan \u015fimdiki Cumhurba\u015fkan\u0131 G\u00fcl ve Ba\u015fbakan Erdo\u011fan ile beraber \u00e7al\u0131\u015ft\u0131\u011f\u0131n\u0131 hat\u0131rlatan G\u00fcle\u015fen \u015funlar\u0131 s\u00f6yledi: \u201cAskerlerin b\u00fcy\u00fck bir k\u0131sm\u0131 bu plana olumlu bakm\u0131yordu. Ancak o d\u00f6nem K\u0131br\u0131s ve Yunanistan Daire Ba\u015fkan\u0131 olan \u015ei\u015flio\u011flu h\u00fck\u00fcmet ile son derece uyumlu bir \u015fekilde \u00e7al\u0131\u015ft\u0131. \u015ei\u015flio\u011flu Annan Plan\u0131\u2019n\u0131n \u0130svi\u00e7re\u2019de yap\u0131lan g\u00f6r\u00fc\u015fmelerde Erdo\u011fan ve G\u00fcl ile beraber temaslarda bulundu. Sonu\u00e7ta T\u00fcrkiye Annan Plan\u0131\u2019n\u0131 kabul etti. M\u00fccahit beyin \u00e7ok b\u00fcy\u00fck emekleri oldu bu s\u00fcre\u00e7te. Kendisine atfen h\u00fck\u00fcmeti devirmekten bahsediliyor. Cumhurba\u015fkan\u0131 G\u00fcl\u2019\u00fc ve Ba\u015fbakan Erdo\u011fan\u2019\u0131 tan\u0131k olarak \u00e7a\u011f\u0131raca\u011f\u0131z. Diyece\u011fiz ki \u2018Bu ki\u015fiyle siz \u00e7al\u0131\u015ft\u0131n\u0131z. H\u00fck\u00fcmeti devirmeye y\u00f6nelik bir aktivitesi olabilece\u011fine sizin kanaat getirmeniz m\u00fcmk\u00fcn m\u00fc?\u2019\u201d<\/p>\n<p style=\"text-align: justify;\"><strong>En k\u0131demlileri Orgeneral Balanl\u0131<\/strong><\/p>\n<p style=\"text-align: justify;\">Bir Or, 7 Kor, 13 T\u00fcm ve 13 Tu\u011fgeneral ve amiral Hasdal Askeri Cezaevi\u2019nde yat\u0131yor. Hasdal Askeri Cezaevi\u2019nde tutuklu bulunan generaller aras\u0131nda en k\u0131demli olan\u0131 soru\u015fturma kapsam\u0131nda 31 May\u0131s\u2019ta tutuklanan Harp Akedemileri Komutan\u0131 Orgeneral Bilgin Balanl\u0131. GATA\u2019da tedavi g\u00f6ren Balanl\u0131, tedavisinin ard\u0131ndan cezaevine d\u00f6necek. \u0130\u015fte \u201cHasdal Karargah\u0131\u201d generalleri:<\/p>\n<p style=\"text-align: justify;\">&#8211; Harp Akademileri Komutan\u0131 Orgeneral Bilgin Balanl\u0131<\/p>\n<p style=\"text-align: justify;\">&#8211; 8. Kolordu Komutan\u0131 Korgeneral Korkut \u00d6zarslan<\/p>\n<p style=\"text-align: justify;\">&#8211; EDOK Muhabere Destek E\u011fitim Komutan\u0131 Korgeneral Nejat Bek<\/p>\n<p style=\"text-align: justify;\">&#8211; Harp Akademileri Komutan Yard\u0131mc\u0131s\u0131 Korgeneral Yurdaer Olcan<\/p>\n<p style=\"text-align: justify;\">&#8211; Kuzey Deniz Saha Komutan\u0131 Koramiral Mehmet Otuzbiro\u011flu<\/p>\n<p style=\"text-align: justify;\">&#8211; Genelkurmay MEBS Ba\u015fkan\u0131 Koramiral Kadir Sa\u011fd\u0131\u00e7<\/p>\n<p style=\"text-align: justify;\">&#8211; 1 Taktik Hava Kuvvet Komutan\u0131 Korgeneral Korcan Polats\u00fc<\/p>\n<p style=\"text-align: justify;\">&#8211; Harita Genel Komutan vekili T\u00fcmgeneral G\u00fcrb\u00fcz Kaya<\/p>\n<p style=\"text-align: justify;\">&#8211; Hava Harp Akademisi Komutan\u0131 T\u00fcmgeneral \u0130smail Ta\u015f<\/p>\n<p style=\"text-align: justify;\">&#8211; Jandarma Denetleme Ba\u015fkanvekili T\u00fcmgeneral Halil Helvac\u0131o\u011flu<\/p>\n<p style=\"text-align: justify;\">&#8211; KKK Denetleme Ba\u015fkanvekili T\u00fcmgeneral Erdal Bekta\u015f<\/p>\n<p style=\"text-align: justify;\">&#8211; Harp Akademileri Kurmay Ba\u015fkan\u0131 T\u00fcmgeneral Ahmet Yavuz<\/p>\n<p style=\"text-align: justify;\">&#8211; Gaziemir Ula\u015ft\u0131rma Okul Komutan\u0131 T\u00fcmgeneral \u0130hsan Balabanl\u0131<\/p>\n<p style=\"text-align: justify;\">&#8211; 52. Taktik Z\u0131rhl\u0131 T\u00fcmen Komutan\u0131 T\u00fcmgeneral Abdullah Dalay<\/p>\n<p style=\"text-align: justify;\">&#8211; 4. Kolordu Komutan Yard\u0131mc\u0131s\u0131 T\u00fcmgeneral Nurettin I\u015f\u0131k<\/p>\n<p style=\"text-align: justify;\">&#8211; \u0130kmal Maliye Okul Komutan\u0131 T\u00fcmgeneral Fehmi Canan<\/p>\n<p style=\"text-align: justify;\">&#8211; Kara Lojistik Y\u00f6netim Ba\u015fkan\u0131 T\u00fcmgeneral Bekir Memi\u015f<\/p>\n<p style=\"text-align: justify;\">&#8211; Donanma Kurmay Ba\u015fkan\u0131 T\u00fcmamiral Ali Semih \u00c7etin<\/p>\n<p style=\"text-align: justify;\">&#8211; Deniz Kuvvetleri Lojistik Ba\u015fkan\u0131 T\u00fcmamiral Soner Polat<\/p>\n<p style=\"text-align: justify;\">&#8211; 4. Mekanize Piyade E\u011fitim Komutan\u0131 Tu\u011fgeneral Kas\u0131m Erdem<\/p>\n<p style=\"text-align: justify;\">&#8211; Kastamonu Jandarma B\u00f6lge Komutan\u0131 Tu\u011fgeneral Ali Ayd\u0131n<\/p>\n<p style=\"text-align: justify;\">&#8211; Genelkurmay ATASE Ba\u015fkan\u0131 Tu\u011fgeneral G\u00f6khan G\u00f6kay<\/p>\n<p style=\"text-align: justify;\">&#8211; Tokat Jandarma B\u00f6lge Komutan\u0131 Tu\u011fgeneral \u00d6mer Mimiro\u011flu<\/p>\n<p style=\"text-align: justify;\">&#8211; NATO Savunma Direkt\u00f6r Yard\u0131mc\u0131s\u0131 Tu\u011fgeneral Hakan Akko\u00e7<\/p>\n<p style=\"text-align: justify;\">&#8211; Deniz Personel Ba\u015fkan\u0131 Tu\u011famiral Abdullah Gavremo\u011flu<\/p>\n<p style=\"text-align: justify;\">&#8211; Denizalt\u0131 Filo Komutan\u0131 Tu\u011famiral Ahmet T\u00fcrkmen<\/p>\n<p style=\"text-align: justify;\">&#8211; DKK Plan Prensipler Ba\u015fkan\u0131 Tu\u011famiral Cem G\u00fcrdeniz<\/p>\n<p style=\"text-align: justify;\">&#8211; Sahil G\u00fcvenlik Kurmay Ba\u015fkan\u0131 Tu\u011famiral Turgay Erda\u011f<\/p>\n<p style=\"text-align: justify;\">&#8211; \u0130skenderun Deniz \u00dcs Komutan\u0131 Tu\u011famiral Fatih \u0130lgar<\/p>\n<p style=\"text-align: justify;\">&#8211; G\u00fcney G\u00f6rev Grup Komutan\u0131 Tu\u011famiral Aziz \u00c7akmak<\/p>\n<p style=\"text-align: justify;\">&#8211; Karam\u00fcrsel E\u011fitim Merkez Komutan\u0131 Tu\u011famiral Levent Erkek<\/p>\n<p style=\"text-align: justify;\">&#8211; M\u00fc\u015fterek Doktrin Merkez Komutan\u0131 Tu\u011famiral Levent G\u00f6rge\u00e7<\/p>\n<p style=\"text-align: justify;\">&#8211; Hava Kuvvetleri Komutanl\u0131\u011f\u0131 Hava E\u011fitim Komutan\u0131 Korgeneral Ziya G\u00fcler<\/p>\n<p style=\"text-align: justify;\">&#8211; Deniz Kuvvetleri Komutanl\u0131\u011f\u0131 Harp Filosu Komutan\u0131 T\u00fcmamiral M\u00fccahit \u015ei\u015flio\u011flu<\/p>\n<p style=\"text-align: justify;\"><a href=\"http:\/\/www.cnnturk.com\/2011\/yazarlar\/06\/26\/hasdal.kurmay.baskanligi\/621254.0\/index.html\" target=\"_blank\">Kaynak : CNN T\u00dcRK<\/a><\/p>\n","protected":false},"excerpt":{"rendered":"<p style=\"text-align: center;\">\n<p style=\"text-align: justify;\">Genelkurmay Karargah\u0131\u2019nda 28 general g\u00f6rev yaparken, Balyoz\u2019dan tutuklanan T\u00fcmamiral \u015ei\u015flio\u011flu ile beraber, Hasdal\u2019daki pa\u015fa say\u0131s\u0131 34 oldu. Askeri g\u00f6revlerinden uzak kalan general ve amiraller g\u00fcnlerini savunma haz\u0131rlamak d\u0131\u015f\u0131nda spor yaparak ve kitap okuyarak ge\u00e7iriyor. Tamam\u0131 \u0130ngilizce bilen pa\u015falar\u0131n son me\u015fgalesi ise \u0130talyanca dersleri oldu. <\/p>\n","protected":false},"author":1,"featured_media":0,"comment_status":"open","ping_status":"closed","sticky":false,"template":"","format":"standard","meta":{"footnotes":""},"categories":[105],"tags":[],"class_list":["post-35160","post","type-post","status-publish","format-standard","hentry","category-gundem","odd"],"_links":{"self":[{"href":"http:\/\/www.korhanyilmaz.com\/index.php?rest_route=\/wp\/v2\/posts\/35160","targetHints":{"allow":["GET"]}}],"collection":[{"href":"http:\/\/www.korhanyilmaz.com\/index.php?rest_route=\/wp\/v2\/posts"}],"about":[{"href":"http:\/\/www.korhanyilmaz.com\/index.php?rest_route=\/wp\/v2\/types\/post"}],"author":[{"embeddable":true,"href":"http:\/\/www.korhanyilmaz.com\/index.php?rest_route=\/wp\/v2\/users\/1"}],"replies":[{"embeddable":true,"href":"http:\/\/www.korhanyilmaz.com\/index.php?rest_route=%2Fwp%2Fv2%2Fcomments&post=35160"}],"version-history":[{"count":0,"href":"http:\/\/www.korhanyilmaz.com\/index.php?rest_route=\/wp\/v2\/posts\/35160\/revisions"}],"wp:attachment":[{"href":"http:\/\/www.korhanyilmaz.com\/index.php?rest_route=%2Fwp%2Fv2%2Fmedia&parent=35160"}],"wp:term":[{"taxonomy":"category","embeddable":true,"href":"http:\/\/www.korhanyilmaz.com\/index.php?rest_route=%2Fwp%2Fv2%2Fcategories&post=35160"},{"taxonomy":"post_tag","embeddable":true,"href":"http:\/\/www.korhanyilmaz.com\/index.php?rest_route=%2Fwp%2Fv2%2Ftags&post=35160"}],"curies":[{"name":"wp","href":"https:\/\/api.w.org\/{rel}","templated":true}]}}