{"id":35156,"date":"2011-06-25T23:42:51","date_gmt":"2011-06-25T20:42:51","guid":{"rendered":"http:\/\/www.korhanyilmaz.com\/?p=35156"},"modified":"2011-07-10T22:57:50","modified_gmt":"2011-07-10T19:57:50","slug":"kckli-vekillere-de-tahliye-yok","status":"publish","type":"post","link":"http:\/\/www.korhanyilmaz.com\/?p=35156","title":{"rendered":"KCK&#8217;l\u0131 vekillere de tahliye yok"},"content":{"rendered":"<p style=\"text-align: center;\"><a href=\"http:\/\/www.korhanyilmaz.com\/wp-content\/uploads\/2011\/06\/239.jpg\"  class=\"lightview\"><img loading=\"lazy\" decoding=\"async\" class=\"aligncenter size-full wp-image-35157\" src=\"http:\/\/www.korhanyilmaz.com\/wp-content\/uploads\/2011\/06\/239.jpg\" alt=\"\" width=\"307\" height=\"236\" \/><\/a><\/p>\n<p style=\"text-align: justify;\">Diyarbak\u0131r 6. A\u011f\u0131r Ceza Mahkemesi, KCK davas\u0131nda tutuklu yarg\u0131lan\u0131rken ba\u011f\u0131ms\u0131z milletvekili se\u00e7ilen Selma Irmak, Kemal Akta\u015f ve Faysal Sar\u0131y\u0131ld\u0131z ile milletvekilli\u011fi d\u00fc\u015f\u00fcr\u00fclen Hatip Dicle&#8217;nin tahliye taleplerini reddetti.<\/p>\n<p style=\"text-align: justify;\">Diyarbak\u0131r 6. A\u011f\u0131r Ceza Mahkemesi, san\u0131klar Hatip Dicle, Selma Irmak, Kemal Akta\u015f ve Faysal Sar\u0131y\u0131ld\u0131z&#8217;\u0131n tahliye talebine ili\u015fkin dilek\u00e7esini inceledi ve istemi reddetti. <!--more--><\/p>\n<p style=\"text-align: justify;\">Ret karar\u0131nda \u015f\u00f6yle denildi:<\/p>\n<p style=\"text-align: justify;\">&#8220;San\u0131k Mehmet Hatip Dicle&#8217;nin milletvekilli\u011finin Y\u00fcksek Se\u00e7im Kurulu (YSK) taraf\u0131ndan d\u00fc\u015f\u00fcr\u00fclmesine karar verilmi\u015f olmas\u0131, san\u0131klar Kemal Akta\u015f ve Selma Irmak&#8217;\u0131n milletvekili se\u00e7ilmi\u015fler ise de san\u0131klar hakk\u0131ndaki yarg\u0131laman\u0131n Anayasan\u0131n 83. maddesinde d\u00fczenlenen &#8216;yasama dokunulmazl\u0131\u011f\u0131&#8217; kapsam\u0131nda bulunmamas\u0131, yasal dayana\u011f\u0131 bulunmayan ve bu sebeple reddine karar verilen taleplerde yap\u0131lan \u0131srarlar ve son 3 duru\u015fmaya san\u0131klar m\u00fcdafilerinin kat\u0131lmam\u0131\u015f olmalar\u0131 sebebiyle yap\u0131lan 23 duru\u015fmaya ra\u011fmen san\u0131klar hakk\u0131ndaki delillerin hen\u00fcz okunamam\u0131\u015f ve ayr\u0131ca delillerin ikame edilememi\u015f olmas\u0131 san\u0131klar\u0131n \u00fczerine at\u0131l\u0131 su\u00e7lar i\u00e7in \u00f6ng\u00f6r\u00fclen cezalar\u0131n alt ve \u00fcst s\u0131n\u0131rlar\u0131 ile s\u00f6z konusu su\u00e7lar\u0131n Ceza Muhakemesi Kanunu&#8217;nun (CMK) 100\/3-a maddesinde say\u0131lan su\u00e7lardan olmas\u0131 itibariyle san\u0131klar\u0131n ka\u00e7aca\u011f\u0131, delileri yok etme, gizleme veya de\u011fi\u015ftirme, tan\u0131k veya ba\u015fkalar\u0131 \u00fczerinde bask\u0131 yapma olas\u0131l\u0131klar\u0131n\u0131n bulunmas\u0131 sebebiyle san\u0131klar Kemal Akta\u015f, Mehmet Hatip Dicle ve Selma Irmak&#8217;\u0131n CMK&#8217;n\u0131n 100 ve devam\u0131 maddeleri gere\u011fince tahliye taleplerinin reddi ile tutukluluk hallerinin devam\u0131na karar verilmesi gerekti\u011fi sonu\u00e7 ve kanaatine var\u0131lm\u0131\u015ft\u0131r.&#8221;<\/p>\n<p style=\"text-align: justify;\">Mahkeme, \u015e\u0131rnak KCK davas\u0131nda tutuklu olarak yarg\u0131lanan Faysal Sar\u0131y\u0131ld\u0131z ile ilgili karar\u0131nda ise Anayasa&#8217;n\u0131n 83. maddesi ile CMK&#8217;n\u0131n 100. maddesinde belirtilen katalog su\u00e7lardan olmas\u0131 nedeniyle tahliye talebinin reddine karar verildi\u011fi belirtildi.<\/p>\n<p style=\"text-align: justify;\"><strong>&#8220;AKP&#8217;li milletvekili g\u00f6rseniz selam\u0131 kesin&#8221;<\/strong><\/p>\n<p style=\"text-align: justify;\">Bu arada Diyarbak\u0131r&#8217;da BDP&#8217;li bir grup YSK karar\u0131n\u0131 protesto etti.<\/p>\n<p style=\"text-align: justify;\">Aralar\u0131nda BDP Genel Ba\u015fkan Yard\u0131mc\u0131s\u0131 Filiz Ko\u00e7al\u0131, Diyarbak\u0131r ba\u011f\u0131ms\u0131z milletvekilleri Altan Tan ve Emine Ayna&#8217;n\u0131n da bulundu\u011fu bir grup, BDP Ba\u011flar \u0130l\u00e7e Ba\u015fkanl\u0131\u011f\u0131 \u00f6n\u00fcnde toplanarak, Kayap\u0131nar \u0130l\u00e7e Ba\u015fkanl\u0131\u011f\u0131 \u00f6n\u00fcne do\u011fru y\u00fcr\u00fcy\u00fc\u015fe ge\u00e7ti.<\/p>\n<p style=\"text-align: justify;\">Burada grup ad\u0131na bas\u0131n a\u00e7\u0131klamas\u0131 yapan Tan, YSK&#8217;n\u0131n karar\u0131 kar\u015f\u0131s\u0131nda tav\u0131rlar\u0131n\u0131n net oldu\u011funu s\u00f6yledi.<\/p>\n<p style=\"text-align: justify;\">&#8220;Bu i\u015f d\u00fczelene kadar nerede bir AKP&#8217;li milletvekili g\u00f6rseniz selam\u0131 kesin&#8221; \u00e7a\u011fr\u0131s\u0131nda bulunan Tan, \u015f\u00f6yle konu\u015ftu:<\/p>\n<p style=\"text-align: justify;\">&#8220;Hi\u00e7bir \u015fey olmam\u0131\u015f gibi art\u0131k bu sokaklarda gezemezler. E\u011fer T\u00fcrkiye&#8217;de yeni bir anayasa olacaksa yeni bir T\u00fcrkiye olacaksa \u00f6nce bu h\u0131rs\u0131zl\u0131k bitecek. Buradan Ba\u015fbakan&#8217;a sesleniyoruz: Yapaca\u011f\u0131n birinci i\u015f, bu h\u0131rs\u0131zl\u0131k mal\u0131n\u0131 sahibine iade etmendir. Bir M\u00fcsl\u00fcman adama h\u0131rs\u0131zl\u0131k mal\u0131 almak kesinlikle yasak.<\/p>\n<p style=\"text-align: justify;\">Eski zamanlarda h\u0131rs\u0131zl\u0131k olsayd\u0131 el kesilirdi. Yapaca\u011f\u0131n ilk i\u015f bu milletvekilini istifa ettirip \u00f6nce Hatip Dicle&#8217;nin yerini bo\u015faltmak. Kendini Siirt se\u00e7imlerinde nas\u0131l kurtard\u0131ysan, acilen \u00e7\u0131kacaks\u0131n s\u00f6z vereceksin ve diyeceksin ki &#8216;parlamentoya gelin \u015fu maddeleri hemen de\u011fi\u015ftirelim&#8217;.<\/p>\n<p style=\"text-align: justify;\">Sonra sevgili Hatip Dicle ve di\u011fer b\u00fct\u00fcn tutsaklar da h\u00fcrriyetine kavu\u015facak. \u00c7\u00f6z\u00fcm istiyorsa yeni bir Anayasa istiyorsa demokratik bir Cumhuriyet istiyorsa bu i\u015f bu kadar basit ama &#8216;yok, gelin parlamentoya hele ondan sonra bakal\u0131m. Alavere dalavere &#8216;K\u00fcrt Memet n\u00f6bete&#8217; dersen vallahi K\u00fcrtler burada, inananlar var m\u0131? Hay\u0131r. Sizi bir daha kand\u0131rabilirler mi? Hay\u0131r.&#8221;<\/p>\n<p style=\"text-align: justify;\">Y\u00fcr\u00fcy\u00fc\u015f\u00fcn ard\u0131ndan gruptan baz\u0131 ki\u015filer izinsiz g\u00f6steri yapt\u0131klar\u0131 gerek\u00e7esiyle g\u00f6zalt\u0131na al\u0131nd\u0131.<\/p>\n<p style=\"text-align: justify;\"><a href=\"http:\/\/www.cnnturk.com\/2011\/turkiye\/06\/25\/kckli.vekillere.de.tahliye.yok\/621246.0\/index.html\" target=\"_blank\">Kaynak : CNN T\u00dcRK<\/a><\/p>\n","protected":false},"excerpt":{"rendered":"<p style=\"text-align: center;\">\n<p style=\"text-align: justify;\">Diyarbak\u0131r 6. A\u011f\u0131r Ceza Mahkemesi, KCK davas\u0131nda tutuklu yarg\u0131lan\u0131rken ba\u011f\u0131ms\u0131z milletvekili se\u00e7ilen Selma Irmak, Kemal Akta\u015f ve Faysal Sar\u0131y\u0131ld\u0131z ile milletvekilli\u011fi d\u00fc\u015f\u00fcr\u00fclen Hatip Dicle&#8217;nin tahliye taleplerini reddetti.<\/p>\n<p style=\"text-align: justify;\">Diyarbak\u0131r 6. A\u011f\u0131r Ceza Mahkemesi, san\u0131klar Hatip Dicle, Selma Irmak, Kemal Akta\u015f ve Faysal Sar\u0131y\u0131ld\u0131z&#8217;\u0131n tahliye talebine ili\u015fkin dilek\u00e7esini inceledi ve <\/p>\n","protected":false},"author":1,"featured_media":0,"comment_status":"open","ping_status":"closed","sticky":false,"template":"","format":"standard","meta":{"footnotes":""},"categories":[105],"tags":[],"class_list":["post-35156","post","type-post","status-publish","format-standard","hentry","category-gundem","odd"],"_links":{"self":[{"href":"http:\/\/www.korhanyilmaz.com\/index.php?rest_route=\/wp\/v2\/posts\/35156","targetHints":{"allow":["GET"]}}],"collection":[{"href":"http:\/\/www.korhanyilmaz.com\/index.php?rest_route=\/wp\/v2\/posts"}],"about":[{"href":"http:\/\/www.korhanyilmaz.com\/index.php?rest_route=\/wp\/v2\/types\/post"}],"author":[{"embeddable":true,"href":"http:\/\/www.korhanyilmaz.com\/index.php?rest_route=\/wp\/v2\/users\/1"}],"replies":[{"embeddable":true,"href":"http:\/\/www.korhanyilmaz.com\/index.php?rest_route=%2Fwp%2Fv2%2Fcomments&post=35156"}],"version-history":[{"count":0,"href":"http:\/\/www.korhanyilmaz.com\/index.php?rest_route=\/wp\/v2\/posts\/35156\/revisions"}],"wp:attachment":[{"href":"http:\/\/www.korhanyilmaz.com\/index.php?rest_route=%2Fwp%2Fv2%2Fmedia&parent=35156"}],"wp:term":[{"taxonomy":"category","embeddable":true,"href":"http:\/\/www.korhanyilmaz.com\/index.php?rest_route=%2Fwp%2Fv2%2Fcategories&post=35156"},{"taxonomy":"post_tag","embeddable":true,"href":"http:\/\/www.korhanyilmaz.com\/index.php?rest_route=%2Fwp%2Fv2%2Ftags&post=35156"}],"curies":[{"name":"wp","href":"https:\/\/api.w.org\/{rel}","templated":true}]}}