{"id":35151,"date":"2011-06-25T22:38:50","date_gmt":"2011-06-25T19:38:50","guid":{"rendered":"http:\/\/www.korhanyilmaz.com\/?p=35151"},"modified":"2011-07-10T23:31:58","modified_gmt":"2011-07-10T20:31:58","slug":"ak-partili-vekilleri-sokaklarda-gezdirmeyin","status":"publish","type":"post","link":"http:\/\/www.korhanyilmaz.com\/?p=35151","title":{"rendered":"AK Partili vekilleri sokaklarda gezdirmeyin"},"content":{"rendered":"<p style=\"text-align: center;\"><a href=\"http:\/\/www.korhanyilmaz.com\/wp-content\/uploads\/2011\/06\/238.jpg\"  class=\"lightview\"><img loading=\"lazy\" decoding=\"async\" class=\"aligncenter size-full wp-image-35152\" src=\"http:\/\/www.korhanyilmaz.com\/wp-content\/uploads\/2011\/06\/238.jpg\" alt=\"\" width=\"360\" height=\"179\" \/><\/a><\/p>\n<p style=\"text-align: justify;\">BDP\u2019liler Diyarbak\u0131r\u2019da Hatip Dicle\u2019nin YSK taraf\u0131ndan milletvekilli\u011fini d\u00fc\u015f\u00fcr\u00fclmesini y\u00fcr\u00fcy\u00fc\u015fle protesto etti.<\/p>\n<p style=\"text-align: justify;\">Ba\u011f\u0131ms\u0131z milletvekili Altan Tan, Ba\u015fbakan Recep Tayyip Erdo\u011fan\u2019a seslenerek, &#8220;Sende zerre miskal iman ve ahlak varsa yapaca\u011f\u0131n birinci i\u015f, bu h\u0131rs\u0131zl\u0131k mal\u0131n\u0131 sahibine iade etmen&#8221; dedi. Tan, halk\u0131n Ak Partili vekillerini de ele\u015ftirerek, &#8220;AKP\u2019li milletvekili g\u00f6r\u00fcrseniz selam\u0131 sabah\u0131 kesin. Hi\u00e7 bir \u015fey olmam\u0131\u015f gibi utanmadan art\u0131k bu sokaklarda gezememeliler. Tavr\u0131m\u0131z net&#8221; dedi.<!--more--><\/p>\n<p style=\"text-align: justify;\">BDP\u2019nin deste\u011fiyle Diyarbak\u0131r\u2019dan milletvekili se\u00e7ilen Hatip Dicle\u2019nin vekilli\u011finin YSK taraf\u0131ndan d\u00fc\u015f\u00fcr\u00fclmesi Diyarbak\u0131r\u2019da BDP \u00f6nc\u00fcl\u00fc\u011f\u00fcnde yap\u0131lan y\u00fcr\u00fcy\u00fc\u015fle protesto edildi. BDP\u2019nin Ba\u011flar il\u00e7e binas\u0131 \u00f6n\u00fcnde toplanan ve aralar\u0131nda BDP\u2019nin desteyle miletvekili se\u00e7ilen Altan Tan, Emine Ayna, BDP Genel Ba\u015fkan Yard\u0131mc\u0131s\u0131 Filiz Ko\u00e7ali\u2019nin de bulundu\u011fu yakla\u015f\u0131k bin ki\u015fi ellerinde Hatip Dicle\u2019nin foto\u011fraflar\u0131n\u0131 ta\u015f\u0131yarak 3 kilometre mesafeki Kayap\u0131nar \u0130l\u00e7e binas\u0131na y\u00fcr\u00fcd\u00fc. Y\u00fcr\u00fcy\u00fc\u015f s\u0131ras\u0131nda s\u0131k s\u0131k \u2019Vur gerilla vur K\u00fcrdistan\u2019\u0131 kur\u2019, \u2019H\u0131rs\u0131z AKP\u2019 sloganlar\u0131 at\u0131p, Abdullah \u00d6calan\u2019\u0131n foto\u011fraflar\u0131n\u0131 ta\u015f\u0131d\u0131.<\/p>\n<p style=\"text-align: justify;\"><strong>KO\u00c7AL\u0130, \u00c7ALINMI\u015e VEK\u0130LL\u0130\u011e\u0130M\u0130Z\u0130 GER\u0130 VER\u0130N<\/strong><\/p>\n<p style=\"text-align: justify;\">Burada parti otob\u00fcs\u00fc \u00fczerinden konu\u015fan BDP Genel Ba\u015fkan Yard\u0131mc\u0131s\u0131 Filiz Kocali, \u2019Meclise gitmeyece\u011fiz, onurumuzu \u00e7i\u011fnetmeyece\u011fiz\u2019 diyerek \u015f\u00f6yle dedi: &#8220;Bug\u00fcn hem Ba\u015fbakan hem de Cumhurba\u015fkan\u0131 konu\u015ftu. \u0130kisi de diyor ki gelin Meclis\u2019e birlikte yeni bir anayasa yapal\u0131m. Ba\u015fbakan s\u0131f\u0131r kilometre anayasa yapmaktan bahsediyor. \u015eimdi ona soruyoruz? Ey Ba\u015fbakan k\u00fc\u00e7\u00fcc\u00fck bir sorunu a\u015fam\u0131yorsun, s\u0131f\u0131r kilometre anayasay\u0131 nas\u0131l yapacaks\u0131n? Diyor ki Ba\u015fbakan, girin Meclis\u2019e beyaz sayfa a\u00e7al\u0131m. Sen beyaz sayfay\u0131 kirlettin. \u00d6nce o sayfay\u0131 temizle, \u00f6nce \u00e7al\u0131nm\u0131\u015f vekilli\u011fimizi geri ver. Ya hep beraber ya hi\u00e7 birimiz. Metropoller, b\u00f6lge ayakta sizin m\u00fccadelenizi selaml\u0131yorum. Bu h\u0131rs\u0131zl\u0131\u011f\u0131n son bulmas\u0131n\u0131 istiyoruz. Bu haks\u0131zl\u0131k giderilmeden Meclis\u2019e gitmeyece\u011fiz. Hatip Dicle\u2019yi Meclis\u2019e yollamay\u0131ncaya kadar sokaklardan evlerimize girmeyece\u011fiz&#8221; dedi.<\/p>\n<p style=\"text-align: justify;\"><strong>TAN, \u2019BA\u015eBAKAN ZERRE KADAR \u0130MAN AHLAK VARSA HIRSIZLIK MALINI \u0130ADE ET\u2019<\/strong><\/p>\n<p style=\"text-align: justify;\">Diyarbak\u0131r Ba\u011f\u0131ms\u0131z Milletvekili Altan, kalabal\u0131\u011f\u0131 K\u00fcrt\u00e7e selamlad\u0131. Tan, &#8220;E\u011fer T\u00fcrkiye\u2019de yeni Bir anayasa olacaksa, yeni bir T\u00fcrkiye olacaksa, \u00f6nce bu h\u0131rs\u0131zl\u0131k bitecek. Buradan Ba\u015fbakan\u2019a sesleniyoruz. Sende zerre miskal iman ve ahlak varsa yapaca\u011f\u0131n birinci i\u015f bu h\u0131rs\u0131zl\u0131k mal\u0131n\u0131 sahibine iade etmen. Ne yapay\u0131m diyorlar? Ne yapaca\u011f\u0131n \u00e7ok a\u00e7\u0131k, kim yapt\u0131 niye yapt\u0131 nas\u0131l yapt\u0131? Bir M\u00fcsl\u00fcman adama h\u0131rs\u0131zl\u0131k mal\u0131 almak, kesinlikle haram. Yasak. \u00d6nce bak sana s\u00f6yleyeyim eski zamanda olsayd\u0131 elin kesilirdi. Yapaca\u011f\u0131n ilk i\u015f bu h\u0131rs\u0131z milletvekilini istifa ettirip \u00f6nce Hatip Dicle\u2019nin yerini bo\u015faltman. Ondan sonra kendini nas\u0131l kurtard\u0131nsa Siirt se\u00e7imlerinde, acilen \u00e7\u0131kacaks\u0131n s\u00f6z vereceksin. Diyeceksin gelin parlamentoya \u015fu, \u015fu maddeleri hemen de\u011fi\u015ftirece\u011fiz. Ondan sonrada sevgili Hatip Dicle ve di\u011fer b\u00fct\u00fcn tutsaklarda h\u00fcrriyetine kavu\u015facak. Sevgili Hatip Dicle\u2019yi de bir ay sonra se\u00e7im yap\u0131p yollayaca\u011f\u0131z. Bu i\u015f bu kadar basit ama \u00e7\u00f6z\u00fcm istiyorsan, yeni bir anayasa, demokratik bir cumhuriyet istiyorsan Ba\u015fbakan bu i\u015f bu kadar basit ama yok, gelin parlamentoya ondan sonra bakar\u0131m. Alavere, dalavere dersen vallaha K\u00fcrtler burada. Biz dedik Ankara\u2019ya gidip ne yapaca\u011f\u0131z kand\u0131r\u0131lmak i\u00e7in. Bizim evdeki yemekler Meclis lokantas\u0131ndan g\u00fczel. Bizim Amed, Diyarbak\u0131r\u2019da, Ankara\u2019dan daha g\u00fczel, siz hepsinden daha g\u00fczelsiniz. O halde \u00e7\u0131kacak s\u00f6z verecek. Diyecek ki ben bu \u00e7arp\u0131k d\u00fczeni ben art\u0131k Kemalizmi tarihin cehennemine ataca\u011f\u0131m. Ondan sonrada yeni bir T\u00fcrkiye kuraca\u011f\u0131m diyecek. Ya do\u011fru d\u00fczg\u00fcn bir karde\u015flik olacak, ya do\u011fru d\u00fczg\u00fcn bir anayasa, ya do\u011fru d\u00fczg\u00fcn bir demokratik cumhuriyet olacak veyahutta buna direnenlerin burnundan gelecek&#8221; diye konu\u015ftu.<\/p>\n<p style=\"text-align: justify;\"><strong>AK PART\u0130L\u0130 VEK\u0130LLER\u0130 SOKAKLARDA GEZD\u0130RMEY\u0130N<\/strong><\/p>\n<p style=\"text-align: justify;\">Tan, Ba\u015fbakan\u2019\u0131n yeni anayasa yapaca\u011f\u0131n\u0131 a\u00e7\u0131k \u015fekilde a\u00e7\u0131klamas\u0131n\u0131 istedi. Tan, &#8220;Net laflar s\u00f6yleyecek. Bu h\u0131rs\u0131zl\u0131k mal\u0131, h\u0131rs\u0131z diyorum Diyarbak\u0131rl\u0131lar gibi. Bu istifaya kadar nerede bir AKP\u2019li milletvekili g\u00f6r\u00fcrseniz selam\u0131 sabah\u0131 kesin. Hi\u00e7 bir \u015fey olmam\u0131\u015f gibi utanmadan art\u0131k bu sokaklarda gezememeliler. Tavr\u0131m\u0131z net. Tav\u0131r, \u00e7\u00f6z\u00fcm ortaya gelsin \u00e7\u00f6z\u00fcmde belli olay basit biz tekrar yolumuza devam ederiz. Biz gelece\u011fin demokratik T\u00fcrkiye\u2019sini, K\u00fcrt meselesi ve demokratik \u00f6zerkli\u011fi birlikte \u00e7\u00f6zeriz. Yoksa bizim m\u0131z\u0131k\u00e7\u0131l\u0131k yapma, i\u015fi yoku\u015fa s\u00fcrmek, durup dururken boykot etmek gibi bir tavr\u0131m\u0131z yok. \u00c7\u00f6z\u00fcmden yanay\u0131z, konu\u015fmadan, demokratik cumhuriyet ve do\u011fru d\u00fczg\u00fcn bir anayasadan yanay\u0131z. Ama bize uzla\u015f\u0131n, nazik olun diyorlar. E\u011fer uzla\u015fmadan kast\u0131n\u0131z gelin halk\u0131n\u0131z\u0131 sat\u0131n diyorsan\u0131z. Asla uzla\u015fmayaca\u011f\u0131z asla. Her g\u00f6rd\u00fc\u011f\u00fcn\u00fcz yerde bu h\u0131rs\u0131zl\u0131\u011fa tepki koyun&#8221; dedi.<\/p>\n<p style=\"text-align: justify;\"><a href=\"http:\/\/siyaset.milliyet.com.tr\/ak-partili-vekilleri-sokaklarda-gezdirmeyin\/siyaset\/siyasetdetay\/25.06.2011\/1406865\/default.htm\" target=\"_blank\">Kaynak : Milliyet<\/a><\/p>\n","protected":false},"excerpt":{"rendered":"<p style=\"text-align: center;\">\n<p style=\"text-align: justify;\">BDP\u2019liler Diyarbak\u0131r\u2019da Hatip Dicle\u2019nin YSK taraf\u0131ndan milletvekilli\u011fini d\u00fc\u015f\u00fcr\u00fclmesini y\u00fcr\u00fcy\u00fc\u015fle protesto etti.<\/p>\n<p style=\"text-align: justify;\">Ba\u011f\u0131ms\u0131z milletvekili Altan Tan, Ba\u015fbakan Recep Tayyip Erdo\u011fan\u2019a seslenerek, &#8220;Sende zerre miskal iman ve ahlak varsa yapaca\u011f\u0131n birinci i\u015f, bu h\u0131rs\u0131zl\u0131k mal\u0131n\u0131 sahibine iade etmen&#8221; dedi. Tan, halk\u0131n Ak Partili vekillerini de ele\u015ftirerek, &#8220;AKP\u2019li milletvekili g\u00f6r\u00fcrseniz selam\u0131 <\/p>\n","protected":false},"author":1,"featured_media":0,"comment_status":"open","ping_status":"closed","sticky":false,"template":"","format":"standard","meta":{"footnotes":""},"categories":[105],"tags":[],"class_list":["post-35151","post","type-post","status-publish","format-standard","hentry","category-gundem","odd"],"_links":{"self":[{"href":"http:\/\/www.korhanyilmaz.com\/index.php?rest_route=\/wp\/v2\/posts\/35151","targetHints":{"allow":["GET"]}}],"collection":[{"href":"http:\/\/www.korhanyilmaz.com\/index.php?rest_route=\/wp\/v2\/posts"}],"about":[{"href":"http:\/\/www.korhanyilmaz.com\/index.php?rest_route=\/wp\/v2\/types\/post"}],"author":[{"embeddable":true,"href":"http:\/\/www.korhanyilmaz.com\/index.php?rest_route=\/wp\/v2\/users\/1"}],"replies":[{"embeddable":true,"href":"http:\/\/www.korhanyilmaz.com\/index.php?rest_route=%2Fwp%2Fv2%2Fcomments&post=35151"}],"version-history":[{"count":0,"href":"http:\/\/www.korhanyilmaz.com\/index.php?rest_route=\/wp\/v2\/posts\/35151\/revisions"}],"wp:attachment":[{"href":"http:\/\/www.korhanyilmaz.com\/index.php?rest_route=%2Fwp%2Fv2%2Fmedia&parent=35151"}],"wp:term":[{"taxonomy":"category","embeddable":true,"href":"http:\/\/www.korhanyilmaz.com\/index.php?rest_route=%2Fwp%2Fv2%2Fcategories&post=35151"},{"taxonomy":"post_tag","embeddable":true,"href":"http:\/\/www.korhanyilmaz.com\/index.php?rest_route=%2Fwp%2Fv2%2Ftags&post=35151"}],"curies":[{"name":"wp","href":"https:\/\/api.w.org\/{rel}","templated":true}]}}