{"id":35145,"date":"2011-06-25T12:04:33","date_gmt":"2011-06-25T09:04:33","guid":{"rendered":"http:\/\/www.korhanyilmaz.com\/?p=35145"},"modified":"2011-07-10T23:32:57","modified_gmt":"2011-07-10T20:32:57","slug":"turkten-chpye-siz-de-boykot-edin","status":"publish","type":"post","link":"http:\/\/www.korhanyilmaz.com\/?p=35145","title":{"rendered":"T\u00fcrk&#8217;ten CHP&#8217;ye: Siz de boykot edin"},"content":{"rendered":"<p style=\"text-align: center;\"><a href=\"http:\/\/www.korhanyilmaz.com\/wp-content\/uploads\/2011\/06\/237.jpeg\"  class=\"lightview\"><img loading=\"lazy\" decoding=\"async\" class=\"aligncenter size-full wp-image-35146\" src=\"http:\/\/www.korhanyilmaz.com\/wp-content\/uploads\/2011\/06\/237.jpeg\" alt=\"\" width=\"280\" height=\"187\" \/><\/a><\/p>\n<p style=\"text-align: justify;\">Mardin Ba\u011f\u0131ms\u0131z Milletvekili Ahmet T\u00fcrk, CHP Genel Ba\u015fkan Yard\u0131mc\u0131s\u0131 ve Eski\u015fehir Milletvekili S\u00fcheyl Batum&#8217;a &#8216;Siz de boykot edin&#8217; \u00f6nerisinde bulundu.<!--more--><\/p>\n<p style=\"text-align: justify;\">\u0130STANBUL &#8211; BDP&#8217;nin destekledi\u011fi Mardin Ba\u011f\u0131ms\u0131z Milletvekili Ahmet T\u00fcrk, CHP&#8217;li S\u00fcheyl Batum&#8217;a &#8220;Siz de boykot edin&#8221; \u00f6nerisinde bulundu. Habert\u00fcrk&#8217;te konu\u015fan T\u00fcrk, esprili \u015fekilde &#8220;Meclis&#8217;i AKP&#8217;ye b\u0131rakal\u0131m&#8221; dedi. Hatip Dicle&#8217;nin milletvekilli\u011finin d\u00fc\u015f\u00fcr\u00fclmesinin ard\u0131ndan BDP Meclis&#8217;i boykot etme karar\u0131 alm\u0131\u015ft\u0131. Haberal ve Balbay&#8217;\u0131n tahliye taleplerinin reddedilmesinin ard\u0131ndan CHP&#8217;nin tavr\u0131 merak ediliyor. Batum, tutuklu bulunan 3 vekilin yemin etmesinin ard\u0131ndan Hatip Dicle i\u00e7in yap\u0131lacak d\u00fczenlemeye katk\u0131 vereceklerini s\u00f6yledi.<\/p>\n<p style=\"text-align: justify;\"><a href=\"http:\/\/www.radikal.com.tr\/Radikal.aspx?aType=RadikalDetayV3&amp;ArticleID=1054040&amp;Date=25.06.2011&amp;CategoryID=78\" target=\"_blank\">Kaynak : Radikal<\/a><\/p>\n","protected":false},"excerpt":{"rendered":"<p style=\"text-align: center;\">\n<p style=\"text-align: justify;\">Mardin Ba\u011f\u0131ms\u0131z Milletvekili Ahmet T\u00fcrk, CHP Genel Ba\u015fkan Yard\u0131mc\u0131s\u0131 ve Eski\u015fehir Milletvekili S\u00fcheyl Batum&#8217;a &#8216;Siz de boykot edin&#8217; \u00f6nerisinde bulundu.<\/p>\n","protected":false},"author":1,"featured_media":0,"comment_status":"open","ping_status":"closed","sticky":false,"template":"","format":"standard","meta":{"footnotes":""},"categories":[105],"tags":[],"class_list":["post-35145","post","type-post","status-publish","format-standard","hentry","category-gundem","odd"],"_links":{"self":[{"href":"http:\/\/www.korhanyilmaz.com\/index.php?rest_route=\/wp\/v2\/posts\/35145","targetHints":{"allow":["GET"]}}],"collection":[{"href":"http:\/\/www.korhanyilmaz.com\/index.php?rest_route=\/wp\/v2\/posts"}],"about":[{"href":"http:\/\/www.korhanyilmaz.com\/index.php?rest_route=\/wp\/v2\/types\/post"}],"author":[{"embeddable":true,"href":"http:\/\/www.korhanyilmaz.com\/index.php?rest_route=\/wp\/v2\/users\/1"}],"replies":[{"embeddable":true,"href":"http:\/\/www.korhanyilmaz.com\/index.php?rest_route=%2Fwp%2Fv2%2Fcomments&post=35145"}],"version-history":[{"count":0,"href":"http:\/\/www.korhanyilmaz.com\/index.php?rest_route=\/wp\/v2\/posts\/35145\/revisions"}],"wp:attachment":[{"href":"http:\/\/www.korhanyilmaz.com\/index.php?rest_route=%2Fwp%2Fv2%2Fmedia&parent=35145"}],"wp:term":[{"taxonomy":"category","embeddable":true,"href":"http:\/\/www.korhanyilmaz.com\/index.php?rest_route=%2Fwp%2Fv2%2Fcategories&post=35145"},{"taxonomy":"post_tag","embeddable":true,"href":"http:\/\/www.korhanyilmaz.com\/index.php?rest_route=%2Fwp%2Fv2%2Ftags&post=35145"}],"curies":[{"name":"wp","href":"https:\/\/api.w.org\/{rel}","templated":true}]}}