{"id":35135,"date":"2011-06-25T08:27:24","date_gmt":"2011-06-25T05:27:24","guid":{"rendered":"http:\/\/www.korhanyilmaz.com\/?p=35135"},"modified":"2011-07-10T23:33:38","modified_gmt":"2011-07-10T20:33:38","slug":"ikisi-de-dogru-degil","status":"publish","type":"post","link":"http:\/\/www.korhanyilmaz.com\/?p=35135","title":{"rendered":"\u0130kisi de do\u011fru de\u011fil"},"content":{"rendered":"<p style=\"text-align: center;\"><a href=\"http:\/\/www.korhanyilmaz.com\/wp-content\/uploads\/2011\/06\/235.jpeg\"  class=\"lightview\"><img loading=\"lazy\" decoding=\"async\" class=\"aligncenter size-full wp-image-35136\" src=\"http:\/\/www.korhanyilmaz.com\/wp-content\/uploads\/2011\/06\/235.jpeg\" alt=\"\" width=\"336\" height=\"223\" \/><\/a><\/p>\n<p style=\"text-align: justify;\">Meclis a\u00e7\u0131lmadan siyaseti kilitleyen &#8216;cezaevindeki vekiller&#8217; konusunda TBMM Ba\u015fkan\u0131 Mehmet Ali \u015eahin, Radikal&#8217;e konu\u015ftu: Mazbata verildi\u011fi andan itibaren bu ki\u015fi milletvekilidir. Milletvekilli\u011fini TBMM Genel Kurulu d\u00fc\u015f\u00fcrebilir.<!--more--><\/p>\n<p style=\"text-align: justify;\">ANKARA &#8211; TBMM Ba\u015fkan\u0131 Mehmet Ali \u015eahin, Y\u00fcksek Se\u00e7im Kurulu\u2019nun (YSK) Hatip Dicle karar\u0131n\u0131n art\u0131k de\u011fi\u015fmeyece\u011fini ancak karar\u0131n yanl\u0131\u015f oldu\u011funu s\u00f6yledi.<\/p>\n<p style=\"text-align: justify;\">Makam\u0131nda Radikal\u2019i a\u011f\u0131rlayan TBMM Ba\u015fkan\u0131 \u015eahin, ki\u015fisel olarak YSK\u2019n\u0131n Dicle\u2019nin mazbatas\u0131n\u0131 iptal karar\u0131 vermesini isabetli bulmad\u0131\u011f\u0131n\u0131 belirterek, \u201cMilletvekilli\u011fini TBMM Genel Kurulu d\u00fc\u015f\u00fcrebilir. TBMM Ba\u015fkanl\u0131\u011f\u0131\u2019na bir tezkere yaz\u0131l\u0131r. TBMM Ba\u015fkanl\u0131\u011f\u0131, \u0130\u00e7t\u00fcz\u00fc\u011fe g\u00f6re bir i\u015flem yapar ve d\u00fc\u015f\u00fcr\u00fcr gerekirse. Yani \u0130l Se\u00e7im Kurulu bir ki\u015fiye \u2018siz milletvekili se\u00e7ildiniz\u2019 diye eline bir mazbata verdi\u011fi andan itibaren bu ki\u015fi milletvekilidir. Burda bana g\u00f6re YSK nihai karar\u0131yla hatal\u0131 bir karar vermi\u015ftir\u201d yorumunu yapt\u0131.<\/p>\n<p style=\"text-align: justify;\">YSK\u2019n\u0131n BDP\u2019yi Dicle ile ilgili Yarg\u0131tay karar\u0131n\u0131 saklamakla su\u00e7lad\u0131\u011f\u0131na i\u015faret eden \u015eahin, Yarg\u0131tay\u2019da Dicle karar\u0131n\u0131 alan daireden bir \u00fcyenin YSK \u00fcyesi oldu\u011funu duydu\u011funu belirterek, \u201cEn az\u0131ndan o arkada\u015f\u0131n uyarmas\u0131 laz\u0131md\u0131\u201d dedi.<\/p>\n<p style=\"text-align: justify;\">Yarg\u0131tay\u2019\u0131n \u201cBiz \u00e7ok dosyay\u0131 imzal\u0131yoruz\u201d savunmas\u0131n\u0131 da de\u011ferlendiren \u015eahin, \u201cAma Hatip Dicle unutulacak bir isim de\u011fildir\u201d dedi.<\/p>\n<p style=\"text-align: justify;\">\u201c\u0130hmal var m\u0131\u201d sorusuna ise \u015eahin \u015fu yan\u0131t\u0131 verdi: \u201c\u0130hmal dersem kas\u0131t aramam laz\u0131m. Art\u0131k milletvekili adayl\u0131\u011f\u0131n\u0131 kabul etmi\u015fsiniz, bunu milletvekili se\u00e7ebilirsiniz, buna oy verebilirsiniz diye m\u00fc\u015fterek oy pusulas\u0131nda bu adam\u0131n ismini yazacaks\u0131n\u0131z; se\u00e7ilecek, mazbatay\u0131 da vereceksiniz, bu a\u015famadan sonra YSK\u2019n\u0131n bu \u015fah\u0131sla ilgili herhangi bir i\u015flem yapmamas\u0131 gerekirdi diye d\u00fc\u015f\u00fcn\u00fcyorum. \u0130\u015flem yapacak organ\u0131n da Meclis\u2019in olaca\u011f\u0131 kanaatindeyim.\u201d<\/p>\n<p style=\"text-align: justify;\"><strong>\u2018TBMM\u2019de d\u00fczeltelim\u2019<\/strong><\/p>\n<p style=\"text-align: justify;\">\u201cPeki b\u00f6yle bir haks\u0131zl\u0131k varsa, bunun d\u00fczeltilmesi gerekmez mi\u201d sorusunu soran \u015eahin, yan\u0131t\u0131n\u0131 da \u015f\u00f6yle verdi: \u201cD\u00fczeltecekse kim d\u00fczeltecek? Bu Meclis\u2019in g\u00f6revi. Konu\u015fulur ,tart\u0131\u015f\u0131l\u0131r. Bu olay\u0131n d\u00fczeltilmesini isteyen insanlar d\u00fczeltilecek olan tek zeminde e\u011fer yoksalar bir samimiyet s\u0131nav\u0131 ile kar\u015f\u0131 kar\u015f\u0131yad\u0131rlar. Gelir burdan hakk\u0131n\u0131 savunursunuz, sokakta olmaz. Ama siz Diyarbak\u0131r\u2019da bir araya geleceksiniz, a\u00e7\u0131klamalar yapacaks\u0131n\u0131z: \u2018Gelmeyece\u011fim&#8230; \u2018Bunu siyaseten do\u011fru bulmuyorum, \u00e7\u00f6z\u00fcme hizmet edecek bir ad\u0131m olarak de\u011ferlendirmiyorum.\u201d<\/p>\n<p style=\"text-align: justify;\">Anayasan\u0131n 14. maddesine giren ve 1 y\u0131ldan fazla ceza gerektiren su\u00e7lardan h\u00fck\u00fcm giyenlerin anayasan\u0131n 76. maddesine g\u00f6re affa u\u011fram\u0131\u015f olsalar dahi milletvekili se\u00e7ilemeyece\u011fine dikkat \u00e7eken \u015eahin, \u015f\u00f6yle konu\u015ftu: \u201cBeklenti ne? Bunu yeniden g\u00f6zden ge\u00e7irip yeniden d\u00fczenlemek. \u2018Affa u\u011fram\u0131\u015f olsalar bile\u2019 tabirinin \u00e7\u0131kar\u0131lmas\u0131 falan da, acaba bu arkada\u015f\u0131m\u0131z\u0131n tekrar aday olmas\u0131n\u0131 do\u011furur mu? Bunlar tart\u0131\u015f\u0131labilir. Bunlar\u0131n tart\u0131\u015f\u0131laca\u011f\u0131 zemin sokak de\u011fildir, zemin parlamentodur. Hani bir \u00c7in atas\u00f6z\u00fc vard\u0131r: \u2018Daima karanl\u0131ktan bahsedece\u011fine kalk da bir mum yak\u2019. \u015eimdi s\u00fcrekli ele\u015ftirien siyasi partilerimiz ve milletvekilleri ele\u015ftirileri b\u0131rakarak (TBMM\u2019de) birer mum yakmal\u0131. Mum yakmaktan kast\u0131m parlamentoda anayasa ve yasa de\u011fi\u015fikliklerini ger\u00e7ekle\u015ftirmektir. Karanl\u0131ktan bahsettik\u00e7e ortal\u0131k tabii zifiri karanl\u0131k oluyor. Bunu ayd\u0131nlatman\u0131n yolu ad\u0131m atmakt\u0131r.\u201d<\/p>\n<p style=\"text-align: justify;\">Davaya bakan mahkemenin CHP milletvekilleri Balbay ve Haberal\u2019\u0131 tahliye edip etmeme hakk\u0131na sahip oldu\u011funu s\u00f6yleyen \u015eahin, \u201cTahliye karar\u0131 vermeli miydiler\u201d sorusuna \u201cYani do\u011frusu bir tahliye karar\u0131 \u00e7\u0131km\u0131\u015f olsayd\u0131 o ilgili arkada\u015flar parlamentoya gelip yemin etselerdi ben memnuniyet duyard\u0131m\u201d yar\u0131t\u0131n\u0131 verdi. Ortaya \u00e7\u0131kan g\u00f6r\u00fcnt\u00fcn\u00fcn \u2018daha \u00f6nce kar\u015f\u0131la\u015f\u0131lmayan\u2019 bir g\u00f6r\u00fcnt\u00fc oldu\u011funu belirten \u015eahin, \u201cBu s\u00fcrecin \u00e7ok uzun s\u00fcrece\u011fi kanaatinde de\u011filim. \u00c7\u00f6z\u00fcm i\u00e7in aray\u0131\u015flar olur ve \u00f6n\u00fcm\u00fczdeki s\u00fcre\u00e7te T\u00fcrkiye bunlar\u0131 atlat\u0131r\u201d diye konu\u015ftu. Balbay ve Haberal\u2019in milletvekili oldu\u011funu s\u00f6yleyen \u015eahin, izin almalar\u0131 konusunda \u201cNe bizim tarihimizde, ne ba\u015fka bir parlamentonun tarihinde gelip yemin edip tekrar cezaevine gitme gibi bir durum yok. Tahliye edilmedik\u00e7e burda yemin olmaz diye d\u00fc\u015f\u00fcn\u00fcyorum\u201d dedi.<\/p>\n<p style=\"text-align: justify;\"><strong>A\u0130HM T\u00fcrkiye\u2019yi mahk\u00fbm ediyor<\/strong><\/p>\n<p style=\"text-align: justify;\">\u015eahin, yarg\u0131\u00e7lara \u201cT\u00fcrkiye\u2019nin alt\u0131na imza koydu\u011fu uluslararas\u0131 s\u00f6zle\u015fmelerin ve yetkisini kabul etti\u011fi A\u0130HM\u2019nin i\u00e7tihatlar\u0131n\u0131 g\u00f6z \u00f6n\u00fcnde bulundurarak karar verirlerse daha isabetli olur. S\u0131rf d\u00fc\u015f\u00fcncesini a\u00e7\u0131klad\u0131 diye ki\u015fiye ceza vermek&#8230; Uluslararas\u0131 y\u00fck\u00fcml\u00fcl\u00fcklerimizi hat1\u0131rlamak bile kafidir bu konuda\u201d \u00e7a\u011fr\u0131s\u0131 da yapt\u0131. A\u0130HM\u2019in \u2018se\u00e7me ve se\u00e7ilme hakk\u0131\u2019 ile \u2018d\u00fc\u015f\u00fcnce \u00f6zg\u00fcrl\u00fc\u011f\u00fc\u2019 konusundaki kararlar\u0131 YSK\u2019n\u0131n ve Yarg\u0131tay\u2019\u0131n Hatip Dicle kararlar\u0131yla \u00e7eli\u015fiyor. A\u0130HM, Merve Kavak\u00e7\u0131, Nazl\u0131 Il\u0131cak, Mehmet Yumak ve Resul Sadak\u2019\u0131n se\u00e7me ve se\u00e7ilme haklar\u0131yla ilgili yapt\u0131\u011f\u0131 ba\u015fvurular\u0131 T\u00fcrkiye\u2019yi mahkum etm\u015fiti.<\/p>\n<p style=\"text-align: justify;\"><a href=\"http:\/\/www.radikal.com.tr\/Radikal.aspx?aType=RadikalDetayV3&amp;ArticleID=1054022&amp;Date=25.06.2011&amp;CategoryID=78\" target=\"_blank\">Kaynak : Radikal<\/a><\/p>\n","protected":false},"excerpt":{"rendered":"<p style=\"text-align: center;\">\n<p style=\"text-align: justify;\">Meclis a\u00e7\u0131lmadan siyaseti kilitleyen &#8216;cezaevindeki vekiller&#8217; konusunda TBMM Ba\u015fkan\u0131 Mehmet Ali \u015eahin, Radikal&#8217;e konu\u015ftu: Mazbata verildi\u011fi andan itibaren bu ki\u015fi milletvekilidir. Milletvekilli\u011fini TBMM Genel Kurulu d\u00fc\u015f\u00fcrebilir.<\/p>\n","protected":false},"author":1,"featured_media":0,"comment_status":"open","ping_status":"closed","sticky":false,"template":"","format":"standard","meta":{"footnotes":""},"categories":[105],"tags":[],"class_list":["post-35135","post","type-post","status-publish","format-standard","hentry","category-gundem","odd"],"_links":{"self":[{"href":"http:\/\/www.korhanyilmaz.com\/index.php?rest_route=\/wp\/v2\/posts\/35135","targetHints":{"allow":["GET"]}}],"collection":[{"href":"http:\/\/www.korhanyilmaz.com\/index.php?rest_route=\/wp\/v2\/posts"}],"about":[{"href":"http:\/\/www.korhanyilmaz.com\/index.php?rest_route=\/wp\/v2\/types\/post"}],"author":[{"embeddable":true,"href":"http:\/\/www.korhanyilmaz.com\/index.php?rest_route=\/wp\/v2\/users\/1"}],"replies":[{"embeddable":true,"href":"http:\/\/www.korhanyilmaz.com\/index.php?rest_route=%2Fwp%2Fv2%2Fcomments&post=35135"}],"version-history":[{"count":0,"href":"http:\/\/www.korhanyilmaz.com\/index.php?rest_route=\/wp\/v2\/posts\/35135\/revisions"}],"wp:attachment":[{"href":"http:\/\/www.korhanyilmaz.com\/index.php?rest_route=%2Fwp%2Fv2%2Fmedia&parent=35135"}],"wp:term":[{"taxonomy":"category","embeddable":true,"href":"http:\/\/www.korhanyilmaz.com\/index.php?rest_route=%2Fwp%2Fv2%2Fcategories&post=35135"},{"taxonomy":"post_tag","embeddable":true,"href":"http:\/\/www.korhanyilmaz.com\/index.php?rest_route=%2Fwp%2Fv2%2Ftags&post=35135"}],"curies":[{"name":"wp","href":"https:\/\/api.w.org\/{rel}","templated":true}]}}