{"id":35130,"date":"2011-06-24T17:30:33","date_gmt":"2011-06-24T14:30:33","guid":{"rendered":"http:\/\/www.korhanyilmaz.com\/?p=35130"},"modified":"2011-07-10T23:36:30","modified_gmt":"2011-07-10T20:36:30","slug":"karayilan-ysknin-veto-karari-savas-nedeni-sayilabilir","status":"publish","type":"post","link":"http:\/\/www.korhanyilmaz.com\/?p=35130","title":{"rendered":"Karay\u0131lan: YSK&#8217;n\u0131n veto karar\u0131 sava\u015f nedeni say\u0131labilir"},"content":{"rendered":"<p style=\"text-align: center;\"><a href=\"http:\/\/www.korhanyilmaz.com\/wp-content\/uploads\/2011\/06\/234.jpg\"  class=\"lightview\"><img loading=\"lazy\" decoding=\"async\" class=\"aligncenter size-full wp-image-35131\" src=\"http:\/\/www.korhanyilmaz.com\/wp-content\/uploads\/2011\/06\/234.jpg\" alt=\"\" width=\"325\" height=\"216\" \/><\/a><\/p>\n<p style=\"text-align: justify;\">YSK&#8217;n\u0131n Hatip Dicle&#8217;nin miletvekilli\u011fini d\u00fc\u015f\u00fcrmesinden sonra, BDP destekli ba\u011f\u0131ms\u0131z milletvekillerinin &#8216;meclise gitmeme&#8217; karar\u0131na, ter\u00f6r \u00f6rg\u00fct\u00fc PKK&#8217;dan destek geldi.<!--more--><\/p>\n<p style=\"text-align: justify;\">PKK&#8217;n\u0131n en \u00fcst karar alma merkezi olan K\u00fcrdistan Topluluklar Birli\u011fi (KCK) Y\u00fcr\u00fctme Konseyi Ba\u015fkan\u0131 Murat Karay\u0131lan, &#8220;DTK&#8217;nin de \u00e7a\u011fr\u0131s\u0131n\u0131 dikkate alarak oy birli\u011fiyle alm\u0131\u015f olduklar\u0131 karar, \u00e7ok do\u011fru ve yerinde bir karard\u0131r. Bundan ba\u015fka bir \u015fey de yap\u0131lamazd\u0131. Ayr\u0131ca, YSK&#8217;n\u0131n veto karar\u0131 sava\u015f nedeni say\u0131labilecek bir durumdur&#8221; dedi.<\/p>\n<p style=\"text-align: justify;\">PKK&#8217;n\u0131n ele ba\u015flar\u0131ndan Murat Karay\u0131lan, BDP destekli ba\u011f\u0131ms\u0131z milletvekillerinin ald\u0131\u011f\u0131 &#8216;meclise girmeme&#8217; karar\u0131n\u0131 \u00e7ok do\u011fru ve yerinde oldu\u011funu s\u00f6yledi.<\/p>\n<p style=\"text-align: justify;\">A\u00e7\u0131klamas\u0131 PKK&#8217;ya yak\u0131nl\u0131\u011f\u0131yla bilinen F\u0131rat Haber Ajans\u0131&#8217;nda yay\u0131nlanan Karay\u0131lan, \u015f\u00f6yle dedi:<\/p>\n<p style=\"text-align: justify;\">&#8220;YSK&#8217;n\u0131n bu karar\u0131 asl\u0131nda T\u00fcrk devletinin K\u00fcrt siyasetini kontrole almak, burnunu s\u00fcrtmek, &#8216;siz her \u015feyi yapamazs\u0131n\u0131z, s\u0131n\u0131rlar\u0131 a\u015famazs\u0131n\u0131z, fazla ileri gitmeyin, sizi engelleyebiliriz&#8217; mesaj\u0131n\u0131 i\u00e7eren, K\u00fcrt siyasetini iradesizle\u015ftirme ve hizaya \u00e7ekme karar\u0131d\u0131r.<\/p>\n<p style=\"text-align: justify;\">Bu a\u00e7\u0131dan d\u00fcn blok vekillerinin ger\u00e7ekle\u015ftirdi\u011fi toplant\u0131da, DTK&#8217;nin de \u00e7a\u011fr\u0131s\u0131n\u0131 dikkate alarak oy birli\u011fiyle alm\u0131\u015f olduklar\u0131 karar, \u00e7ok do\u011fru ve yerinde bir karard\u0131r. Bundan ba\u015fka bir \u015fey de yap\u0131lamazd\u0131. Somut bir ad\u0131m at\u0131l\u0131ncaya kadar meclise gitmeyeceklerini a\u00e7\u0131klamalar\u0131 K\u00fcrt siyasetinin de onurlu bir duru\u015fu s\u00fcrd\u00fcrece\u011finin kesin kararl\u0131l\u0131\u011f\u0131d\u0131r. &#8220;<\/p>\n<p style=\"text-align: justify;\"><strong>&#8220;Sava\u015f nedeni say\u0131labilecek bir durum&#8221;<\/strong><\/p>\n<p style=\"text-align: justify;\">K\u00fcrt sorunu konusunda g\u00fcn\u00fcm\u00fczde \u00f6nemli bir d\u00f6nemece girildi\u011fini s\u00f6yleyen Karay\u0131lan, \u015f\u00f6yle devam etti:<\/p>\n<p style=\"text-align: justify;\">&#8220;Bu a\u00e7\u0131dan yakla\u015f\u0131ld\u0131\u011f\u0131nda devletin Hatip Dicle \u015fahs\u0131nda K\u00fcrt siyasetine kar\u015f\u0131 y\u00fcr\u00fctt\u00fc\u011f\u00fc bu veto politikas\u0131 sava\u015f nedeni olabilecek bir durumdur. E\u011fer \u00f6n\u00fcm\u00fczdeki yak\u0131n g\u00fcnler i\u00e7inde T\u00fcrk devleti ve h\u00fck\u00fcmeti bu b\u00fcy\u00fck haks\u0131zl\u0131\u011f\u0131 ortadan kald\u0131ran bir giri\u015fim geli\u015ftirmez ve d\u00fczeltmezse, bu, halk\u0131m\u0131za kar\u015f\u0131 resmen bir sava\u015f ilan\u0131 anlam\u0131na gelecektir.<\/p>\n<p style=\"text-align: justify;\"><strong>&#8220;Belirleyici olan Bozda\u011f&#8217;\u0131n konu\u015fmas\u0131d\u0131r&#8221;<\/strong><\/p>\n<p style=\"text-align: justify;\">TBMM Ba\u015fkan\u0131 Mehmet Ali \u015eahin ile Ba\u015fbakan Yard\u0131mc\u0131s\u0131 Devlet Bakan\u0131 B\u00fclent Ar\u0131n\u00e7&#8217;\u0131n konunun parlamentoda konu\u015fularak yasa de\u011fi\u015fikli\u011fine gidilebilece\u011fiyle ilgili konu\u015fmalar\u0131na da de\u011finen Karay\u0131lan, belirleyici olan\u0131n B\u00fclent Ar\u0131n\u00e7 veya Mehmet Ali \u015eahin de\u011fil, Bekir Bozda\u011f oldu\u011funu s\u00f6yledi.<\/p>\n<p style=\"text-align: justify;\">Karay\u0131lan a\u00e7\u0131klamas\u0131n\u0131 \u015f\u00f6yle s\u00fcrd\u00fcrd\u00fc:<\/p>\n<p style=\"text-align: justify;\">&#8220;Ar\u0131n\u00e7 ve \u015eahin k\u0131smen yumu\u015fak konu\u015farak bir \u00e7\u00f6z\u00fcme gidilebilece\u011fini belirttiler. Ancak anla\u015f\u0131l\u0131yor ki, bu, daha \u00e7ok onlar\u0131n bireysel g\u00f6r\u00fc\u015fleridir. \u00c7\u00fcnk\u00fc onlardan birka\u00e7 saat sonra daha resmi bir bi\u00e7imde AKP ad\u0131na a\u00e7\u0131klama yapan Bekir Bozda\u011f, t\u00fcm kap\u0131lar\u0131 kapatt\u0131. Belli ki Erdo\u011fan\u2019la ili\u015fki kuruldu, Erdo\u011fan\u2019\u0131n g\u00f6r\u00fc\u015fleri \u00e7er\u00e7evesinde Bekir Bozda\u011f\u2019\u0131n, bir heyetle beraber bu a\u00e7\u0131klamay\u0131 yapmas\u0131 ihtiyac\u0131 duyuldu. \u00d6nceki soruda da belirtti\u011fim gibi bu bir karard\u0131r. Dolay\u0131s\u0131yla karar\u0131 uygulayacaklard\u0131r. Bu a\u00e7\u0131dan bana g\u00f6re belirleyici olan B\u00fclent Ar\u0131n\u00e7 ve Mehmet Ali \u015eahin\u2019in konu\u015fmas\u0131 de\u011fil, Bekir Bozda\u011f\u2019\u0131n konu\u015fmas\u0131 olacakt\u0131r.&#8221;<\/p>\n<p style=\"text-align: justify;\"><a href=\"http:\/\/www.t24.com.tr\/ysknin-veto-karari-savas-nedeni-sayilir\/haber\/152957.aspx\" target=\"_blank\">Kaynak : T24<\/a><\/p>\n","protected":false},"excerpt":{"rendered":"<p style=\"text-align: center;\">\n<p style=\"text-align: justify;\">YSK&#8217;n\u0131n Hatip Dicle&#8217;nin miletvekilli\u011fini d\u00fc\u015f\u00fcrmesinden sonra, BDP destekli ba\u011f\u0131ms\u0131z milletvekillerinin &#8216;meclise gitmeme&#8217; karar\u0131na, ter\u00f6r \u00f6rg\u00fct\u00fc PKK&#8217;dan destek geldi.<\/p>\n","protected":false},"author":1,"featured_media":0,"comment_status":"open","ping_status":"closed","sticky":false,"template":"","format":"standard","meta":{"footnotes":""},"categories":[105],"tags":[],"class_list":["post-35130","post","type-post","status-publish","format-standard","hentry","category-gundem","odd"],"_links":{"self":[{"href":"http:\/\/www.korhanyilmaz.com\/index.php?rest_route=\/wp\/v2\/posts\/35130","targetHints":{"allow":["GET"]}}],"collection":[{"href":"http:\/\/www.korhanyilmaz.com\/index.php?rest_route=\/wp\/v2\/posts"}],"about":[{"href":"http:\/\/www.korhanyilmaz.com\/index.php?rest_route=\/wp\/v2\/types\/post"}],"author":[{"embeddable":true,"href":"http:\/\/www.korhanyilmaz.com\/index.php?rest_route=\/wp\/v2\/users\/1"}],"replies":[{"embeddable":true,"href":"http:\/\/www.korhanyilmaz.com\/index.php?rest_route=%2Fwp%2Fv2%2Fcomments&post=35130"}],"version-history":[{"count":0,"href":"http:\/\/www.korhanyilmaz.com\/index.php?rest_route=\/wp\/v2\/posts\/35130\/revisions"}],"wp:attachment":[{"href":"http:\/\/www.korhanyilmaz.com\/index.php?rest_route=%2Fwp%2Fv2%2Fmedia&parent=35130"}],"wp:term":[{"taxonomy":"category","embeddable":true,"href":"http:\/\/www.korhanyilmaz.com\/index.php?rest_route=%2Fwp%2Fv2%2Fcategories&post=35130"},{"taxonomy":"post_tag","embeddable":true,"href":"http:\/\/www.korhanyilmaz.com\/index.php?rest_route=%2Fwp%2Fv2%2Ftags&post=35130"}],"curies":[{"name":"wp","href":"https:\/\/api.w.org\/{rel}","templated":true}]}}