{"id":3513,"date":"2009-02-23T09:12:25","date_gmt":"2009-02-23T07:12:25","guid":{"rendered":"http:\/\/www.korhanyilmaz.com\/?p=3513"},"modified":"2009-02-23T09:12:25","modified_gmt":"2009-02-23T07:12:25","slug":"moderatore-vurmak-istedim","status":"publish","type":"post","link":"http:\/\/www.korhanyilmaz.com\/?p=3513","title":{"rendered":"&#039;Moderat\u00f6re vurmak istedim&#039;"},"content":{"rendered":"<p><img loading=\"lazy\" decoding=\"async\" class=\"aligncenter size-full wp-image-3514\" title=\"Ba\u015fbakan Tayyip Erdo\u011fan\" src=\"http:\/\/www.korhanyilmaz.com\/wp-content\/uploads\/2009\/02\/230220090927434481801.jpg\" alt=\"Ba\u015fbakan Tayyip Erdo\u011fan\" width=\"320\" height=\"100\" \/><\/p>\n<p style=\"text-align: justify;\"><strong>Ergenekon i\u00e7in &#8216;bedeli olacak&#8217; diyen Erdo\u011fan, Davos&#8217;ta vurmakla vurmamak aras\u0131nda &#8216;gidip geldi\u011fini&#8217; anlatt\u0131<\/strong><\/p>\n<p style=\"text-align: justify;\"><strong>Ba\u015fbakan Erdo\u011fan Diyarbak\u0131r d\u00f6n\u00fc\u015f\u00fcnde a\u00e7\u0131klad\u0131:<\/strong> B\u00f6lge halk\u0131n\u0131n en \u00e7ok mutlu oldu\u011fu a\u00e7\u0131l\u0131mlardan bir tanesi Ergenekon&#8217;dur. Bu konunun pe\u015fini b\u0131rakacak de\u011filiz. Nereye var\u0131rsa vars\u0131n. Yarg\u0131ya m\u00fcdahale g\u00fcc\u00fcm\u00fcz yok. Yarg\u0131dan beklenen, bizden beklenirse bize haks\u0131zl\u0131k olur. Kald\u0131 ki \u015fu anda yapt\u0131klar\u0131m\u0131z\u0131n bedeli, \u015fimdi de\u011fil gelecekte olacak. Ama biz bunu d\u00fc\u015f\u00fcnm\u00fcyoruz<\/p>\n<p style=\"text-align: justify;\">Ba\u015fbakan Tayyip Erdo\u011fan, g\u00f6vde g\u00f6sterisi yapt\u0131\u011f\u0131 Diyarbak\u0131r mitinginden d\u00f6n\u00fc\u015f\u00fcnde ANA u\u00e7a\u011f\u0131nda bir grup medya y\u00f6neticisine de\u011ferlendirmelerde bulundu. Erdo\u011fan, Ergenekon&#8217;a ili\u015fkin bug\u00fcne kadar kendisinden ilk defa duydu\u011fumuz \u015fu yorumu yapt\u0131: &#8216;\u015eu anda yapt\u0131klar\u0131m\u0131z\u0131n bedeli \u015fimdi de\u011fil gelecekte olacak. Ama biz bu bedeli d\u00fc\u015f\u00fcnm\u00fcyoruz.&#8217; \u0130\u015fte Ba\u015fbakan&#8217;la u\u00e7ak sohbeti:<!--more--><br \/>\n<strong>MHP VE DTP K\u0130ML\u0130K S\u0130YASET\u0130 YAPIYOR:<\/strong> Dikkat ederseniz kimlik siyaseti yapan iki tane parti var. MHP de DTP de kimlik siyaseti yap\u0131yor. Biz her ikisini de kabul etmiyoruz. Onun i\u00e7in de etnik milliyet\u00e7ili\u011fe hay\u0131r diyoruz. Bizim yakla\u015f\u0131m tarz\u0131m\u0131z, yarad\u0131lan\u0131 Yaradan&#8217;dan \u00f6t\u00fcr\u00fc sevmektir.\n<\/p>\n<p style=\"text-align: justify;\"><strong>CHP&#8217;N\u0130N HALKLA B\u0130RL\u0130KTEL\u0130\u011e\u0130 YOK: <\/strong>Do\u011fu&#8217;da CHP&#8217;nin zaten belediyesi hemen hemen yok. \u00c7\u00fcnk\u00fc halkla birlikteli\u011fi yok. En az geldi\u011fim yer Tunceli&#8217;dir, \u00fc\u00e7 kere geldim. Hakkari&#8217;ye \u00fc\u00e7 kere geldim. Arkada\u015flar\u0131m zaten ayr\u0131ca geliyorlar.<\/p>\n<p style=\"text-align: justify;\"><strong>SE\u00c7\u0130M SONU\u00c7LARI NE OLUR: <\/strong>\u015eu anda hen\u00fcz t\u0131rmanmaday\u0131z. Daha bu g\u00fcnlerde \u015fu \u015fudur demek kolay de\u011fil. Yani son 15 g\u00fcnde i\u015f daha netle\u015fir.<\/p>\n<p style=\"text-align: justify;\"><strong>ERGENEKON&#8217;UN BEDEL\u0130:<\/strong> (&#8216;Ergenekon operasyonunun yava\u015flad\u0131\u011f\u0131na ili\u015fkin de\u011ferlendirmeler var. Ne d\u00fc\u015f\u00fcn\u00fcyorsunuz?&#8217; sorusu \u00fczerine ellerini iki yana a\u00e7arak &#8216;\u0130nsaf&#8217; dedi ve devam etti) B\u00f6lge halk\u0131n\u0131n en \u00e7ok mutlu oldu\u011fu a\u00e7\u0131l\u0131mlardan bir tanesi Ergenekon&#8217;dur. Bu kamuoyu ara\u015ft\u0131rmalar\u0131nda da \u00e7\u0131k\u0131yor. Bu konunun pe\u015fini b\u0131rakacak de\u011filiz. Yani bu olay nereye var\u0131rsa vars\u0131n devam edece\u011fiz. Ama takdir edersiniz ki biz yasaman\u0131n i\u00e7inde var\u0131z, y\u00fcr\u00fctmede var\u0131z. Ama yarg\u0131da biz yokuz. Yarg\u0131ya m\u00fcdahale g\u00fcc\u00fcm\u00fcz de yok. Yarg\u0131dan beklenen bizden beklenirse bize haks\u0131zl\u0131k olur. Kald\u0131 ki \u015fu anda yapt\u0131klar\u0131m\u0131z\u0131n bedeli \u015fimdi de\u011fil gelecekte olacak. Ama biz bu bedeli d\u00fc\u015f\u00fcnm\u00fcyoruz. \u015eimdi biz \u00fclkemize bedel \u00f6detmek istemiyoruz. Bu i\u015fin yava\u015flamas\u0131 diye bir \u015fey olmaz.<\/p>\n<p style=\"text-align: justify;\"><strong>DO\u011eAN GRUBU&#8217;NA CEZA: <\/strong>Maliye Bakanl\u0131\u011f\u0131&#8217;n\u0131n periyodik bir i\u015flemi. Ayn\u0131 \u015fekilde SPK&#8217;n\u0131n var. Sermaye Piyasas\u0131 Kurulu. Ba\u011f\u0131ms\u0131z kurum. Onu da m\u0131 ben y\u00f6nlendiriyorum.<\/p>\n<p style=\"text-align: justify;\"><strong>OBAMA M\u00dc\u015eTEREK \u00c7ALI\u015eMA \u00d6NERD\u0130:<\/strong> Obama, Ortado\u011fu&#8217;da m\u00fc\u015fterek \u00e7al\u0131\u015fman\u0131n gere\u011finden bahsetti. Biz de kendilerine &#8216;B\u00f6lgede m\u00fc\u015fterek \u00e7al\u0131\u015fmada T\u00fcrkiye di\u011fer \u00fclkelere g\u00f6re daha isabetli bir se\u00e7im olacakt\u0131r&#8217; diye s\u00f6ylemi\u015f olduk. Demokratik, laik, sosyal bir hukuk devleti \u00f6zelli\u011fi Ortado\u011fu&#8217;da ba\u015fka hi\u00e7bir \u00fclkede yok. Bunun yan\u0131nda halk\u0131n\u0131n y\u00fczde 99&#8217;u M\u00fcsl\u00fcman bir \u00fclkeyiz.<\/p>\n<p style=\"text-align: justify;\"><strong>TRT \u015eE\u015e&#8217;\u0130 G\u00dc\u00c7LEND\u0130RECE\u011e\u0130Z<\/strong><\/p>\n<p style=\"text-align: justify;\">TRT \u015ee\u015f&#8217;i g\u00fc\u00e7lendirmemiz laz\u0131m. Program i\u00e7eri\u011fini \u00e7e\u015fitlendirebilirsek ben inan\u0131yorum Kuzey Irak&#8217;ta olsun Irak&#8217;\u0131n daha da merkezine do\u011fru \u00e7ok daha b\u00fcy\u00fck ilgiler uyand\u0131racakt\u0131r. Di\u011fer televizyonlar\u0131n b\u00f6yle ciddi bir alt yap\u0131s\u0131 yok.<\/p>\n<p style=\"text-align: justify;\"><strong>AHMET KAYA&#8217;NIN KABR\u0130 GELEB\u0130L\u0130R<\/strong><\/p>\n<p style=\"text-align: justify;\">Ertu\u011frul Bey&#8217;e (K\u00fclt\u00fcr Bakan\u0131 G\u00fcnay) Almanya&#8217;da olan \u015eivan&#8217;\u0131 da ikna edebilirseniz, getirebilirseniz dedim. Ahmet Kaya&#8217;n\u0131n e\u015fiyle de g\u00f6r\u00fc\u015f dedim. \u0130sterlerse Ahmet Kaya&#8217;n\u0131n kabrini buraya ald\u0131ral\u0131m. \u0130lk \u015feyde kesin demiyorum ama olumlu bir yakla\u015f\u0131m var.<\/p>\n<p style=\"text-align: justify;\"><strong>BAYKAL&#8217;IN D\u00dcELLO \u00c7A\u011eRISINA YANIT<\/strong><\/p>\n<p style=\"text-align: justify;\"><strong>Belediyelerle ilgili s\u00f6yleyecek nesi var ki<\/strong><\/p>\n<p style=\"text-align: justify;\"><strong>YAPILANLARI G\u00d6RD\u00dcK:<\/strong> TV&#8217;de \u00e7\u0131k kar\u015f\u0131ma diyor. Tabii bunu art\u0131k T\u00fcrkiye&#8217;deki bu s\u00fcre\u00e7 i\u00e7erisinde bir defa sa\u011fl\u0131kl\u0131 bir propaganda yolu olarak g\u00f6rm\u00fcyorum. Zira yap\u0131lanlar\u0131 bundan \u00f6nce g\u00f6rd\u00fck. Eee kar\u015f\u0131l\u0131kl\u0131 olarak ben CHP&#8217;yle hangi yerel y\u00f6neticiyle tart\u0131\u015faca\u011f\u0131m. \u015eu anda Baykal&#8217;\u0131n yerel y\u00f6neticilik noktas\u0131nda s\u00f6yleyece\u011fi ne var? Benim yerel y\u00f6neticilik ge\u00e7mi\u015fim var. Say\u0131n Baykal&#8217;\u0131n b\u00f6yle bir ge\u00e7mi\u015fi yok. Ben tabii b\u00f6yle konuda iyi konu\u015furum. O meydan okuyarak prim yapmak reklam yapmak istiyor. Ne o primi, ne o reklam\u0131 kendisine yapt\u0131rtmam. Kald\u0131 ki oy buralarda veriliyor. Meydanlarda. Ne anlatacaksan gel burada anlat. Onda da herhalde moderat\u00f6r olarak se\u00e7tikleri ki\u015fileri bellidir.<\/p>\n<p style=\"text-align: justify;\"><strong>HAD\u0130 KAD\u0130R BEY&#8217;\u0130 G\u00d6T\u00dcR YARGIYA:<\/strong> Hadi \u015eaban Bey&#8217;le Dengir Bey&#8217;in dokunulmazl\u0131\u011f\u0131 var. Kadir Bey&#8217;in dokunulmazl\u0131\u011f\u0131 da yok. Hadi Kadir Bey&#8217;i g\u00f6t\u00fcr yarg\u0131ya. Yani yarg\u0131ya g\u00f6t\u00fcrm\u00fcyorsun, su\u00e7 duyurusunda bulunam\u0131yorsun, demek elinde tutarl\u0131 bir \u015feyin yok. Ama ikide bir bunlar\u0131 konu\u015fuyorsun. \u0130nsan\u0131 hakikaten \u00fczen bu.<\/p>\n<p style=\"text-align: justify;\"><strong>Bir k\u0131z \u00f6\u011frenci geldi &#8216;One minute&#8217; dedi, \u00f6pt\u00fc<\/strong><\/p>\n<p style=\"text-align: justify;\"><strong>MODERAT\u00d6RE VURMAYI D\u00dc\u015e\u00dcND\u00dcM:<\/strong> (&#8216;Davos&#8217;ta moderat\u00f6re omzunuza dokundu\u011fu an vurmay\u0131 d\u00fc\u015f\u00fcnd\u00fcn\u00fcz m\u00fc?&#8217; sorusu \u00fczerine) \u00d6yle bir \u015fey ge\u00e7ti i\u00e7imden. Gittim geldim yani. Omzuma elini att\u0131\u011f\u0131 anda orada denge de\u011fi\u015fti. \u00c7\u00fcnk\u00fc, b\u00f6yle bir edepsizlik, b\u00f6yle bir terbiyesizlik olmaz. Moderat\u00f6r, Ba\u015fbakan&#8217;\u0131n omzuna el atacak&#8230;<\/p>\n<p style=\"text-align: justify;\"><strong>DAVOS&#8217;U KULLANMIYORUM:<\/strong> Dikkat ederseniz ben Davos&#8217;u hi\u00e7 kullanm\u0131yorum. Konu\u015fmuyorum. \u00c7\u00fcnk\u00fc bunun bir istismar vesilesi olmas\u0131n\u0131 istemiyorum. Ancak millet her \u015feyi kavram\u0131\u015f. Aksaray&#8217;da K\u00fclt\u00fcr Merkezi&#8217;nin a\u00e7\u0131l\u0131\u015f\u0131n\u0131 yaparken, yine toplu a\u00e7\u0131l\u0131\u015f, se\u00e7kin \u00f6\u011frencileri okul m\u00fcd\u00fcr\u00fc oraya getirmi\u015f. Ben hediye verece\u011fim. Geldi bir k\u0131z &#8216;One Minute&#8217; dedi, \u00f6pt\u00fc.<\/p>\n<p style=\"text-align: justify;\"><span style=\"color: #888888;\">(\u0130smail K\u00fc\u00e7\u00fckkaya \/ Ak\u015fam)<\/span><\/p>\n","protected":false},"excerpt":{"rendered":"<\/p>\n<p style=\"text-align: justify;\">Ergenekon i\u00e7in &#8216;bedeli olacak&#8217; diyen Erdo\u011fan, Davos&#8217;ta vurmakla vurmamak aras\u0131nda &#8216;gidip geldi\u011fini&#8217; anlatt\u0131<\/p>\n<p style=\"text-align: justify;\">Ba\u015fbakan Erdo\u011fan Diyarbak\u0131r d\u00f6n\u00fc\u015f\u00fcnde a\u00e7\u0131klad\u0131: B\u00f6lge halk\u0131n\u0131n en \u00e7ok mutlu oldu\u011fu a\u00e7\u0131l\u0131mlardan bir tanesi Ergenekon&#8217;dur. Bu konunun pe\u015fini b\u0131rakacak de\u011filiz. Nereye var\u0131rsa vars\u0131n. Yarg\u0131ya m\u00fcdahale g\u00fcc\u00fcm\u00fcz yok. Yarg\u0131dan beklenen, bizden beklenirse bize haks\u0131zl\u0131k olur. Kald\u0131 ki \u015fu <\/p>\n","protected":false},"author":1,"featured_media":0,"comment_status":"open","ping_status":"closed","sticky":false,"template":"","format":"standard","meta":{"footnotes":""},"categories":[105],"tags":[],"class_list":["post-3513","post","type-post","status-publish","format-standard","hentry","category-gundem","odd"],"_links":{"self":[{"href":"http:\/\/www.korhanyilmaz.com\/index.php?rest_route=\/wp\/v2\/posts\/3513","targetHints":{"allow":["GET"]}}],"collection":[{"href":"http:\/\/www.korhanyilmaz.com\/index.php?rest_route=\/wp\/v2\/posts"}],"about":[{"href":"http:\/\/www.korhanyilmaz.com\/index.php?rest_route=\/wp\/v2\/types\/post"}],"author":[{"embeddable":true,"href":"http:\/\/www.korhanyilmaz.com\/index.php?rest_route=\/wp\/v2\/users\/1"}],"replies":[{"embeddable":true,"href":"http:\/\/www.korhanyilmaz.com\/index.php?rest_route=%2Fwp%2Fv2%2Fcomments&post=3513"}],"version-history":[{"count":0,"href":"http:\/\/www.korhanyilmaz.com\/index.php?rest_route=\/wp\/v2\/posts\/3513\/revisions"}],"wp:attachment":[{"href":"http:\/\/www.korhanyilmaz.com\/index.php?rest_route=%2Fwp%2Fv2%2Fmedia&parent=3513"}],"wp:term":[{"taxonomy":"category","embeddable":true,"href":"http:\/\/www.korhanyilmaz.com\/index.php?rest_route=%2Fwp%2Fv2%2Fcategories&post=3513"},{"taxonomy":"post_tag","embeddable":true,"href":"http:\/\/www.korhanyilmaz.com\/index.php?rest_route=%2Fwp%2Fv2%2Ftags&post=3513"}],"curies":[{"name":"wp","href":"https:\/\/api.w.org\/{rel}","templated":true}]}}