{"id":35123,"date":"2011-06-24T22:54:19","date_gmt":"2011-06-24T19:54:19","guid":{"rendered":"http:\/\/www.korhanyilmaz.com\/?p=35123"},"modified":"2011-07-10T23:34:59","modified_gmt":"2011-07-10T20:34:59","slug":"ocalandan-boykota-destek","status":"publish","type":"post","link":"http:\/\/www.korhanyilmaz.com\/?p=35123","title":{"rendered":"\u00d6calan&#8217;dan boykota destek"},"content":{"rendered":"<p style=\"text-align: center;\"><a href=\"http:\/\/www.korhanyilmaz.com\/wp-content\/uploads\/2011\/06\/233.jpg\"  class=\"lightview\"><img loading=\"lazy\" decoding=\"async\" class=\"aligncenter size-full wp-image-35124\" src=\"http:\/\/www.korhanyilmaz.com\/wp-content\/uploads\/2011\/06\/233.jpg\" alt=\"\" width=\"272\" height=\"204\" \/><\/a><\/p>\n<p style=\"text-align: justify;\">Abdullah \u00d6calan&#8217;\u0131, \u0130mral\u0131 Adas\u0131&#8217;nda ziyaret eden avukatlar \u00d6mer G\u00fcne\u015f, \u015eakir Demir ve Mizgin Irgat, adadan d\u00f6nd\u00fc. Gazetecilerin sorular\u0131n\u0131 yan\u0131tlayan avukatlar &#8220;bu konuda \u00d6calan, milletvekillerinin kararlar\u0131n\u0131 do\u011fru buluyor&#8221; dedi. <!--more--><\/p>\n<p style=\"text-align: justify;\">Avukatlardan \u00d6mer G\u00fcne\u015f, Gemlik \u0130l\u00e7e Jandarma Komutanl\u0131\u011f\u0131ndaki i\u015flemlerin ard\u0131ndan \u00e7\u0131k\u0131\u015fta gazetecilerin sorular\u0131n\u0131 yan\u0131tlad\u0131. Bir gazetecinin &#8220;BDP destekli ba\u011f\u0131ms\u0131z milletvekillerinin, YSK&#8217;n\u0131n Hatip Dicle karar\u0131na tepki olarak Meclis&#8217;e girmeme karar\u0131 almas\u0131na ili\u015fkin \u00d6calan bir \u015fey s\u00f6yledi mi?&#8221; sorusuna, &#8220;Bu konuda \u00d6calan, milletvekillerinin kararlar\u0131n\u0131 do\u011fru buluyor&#8221; dedi.<\/p>\n<p style=\"text-align: justify;\">G\u00fcne\u015f, &#8220;\u00d6calan sonras\u0131 i\u00e7in bir \u015fey s\u00f6yledi mi?&#8221; sorusuna ise &#8220;Hay\u0131r, dedi\u011fim gibi &#8216;Kendi kararlar\u0131d\u0131r, do\u011fru buluyorum&#8217; dedi&#8221; yan\u0131t\u0131n\u0131 verdi. Gazetecilerin di\u011fer sorular\u0131n\u0131 yan\u0131tlamayan G\u00fcne\u015f ve beraberindekiler Gemlik&#8217;ten ayr\u0131ld\u0131.<\/p>\n<p style=\"text-align: justify;\"><a href=\"http:\/\/www.cnnturk.com\/2011\/turkiye\/06\/24\/ocalandan.boykota.destek\/621194.0\/index.html\" target=\"_blank\">Kaynak : CNN T\u00dcRK<\/a><\/p>\n","protected":false},"excerpt":{"rendered":"<p style=\"text-align: center;\">\n<p style=\"text-align: justify;\">Abdullah \u00d6calan&#8217;\u0131, \u0130mral\u0131 Adas\u0131&#8217;nda ziyaret eden avukatlar \u00d6mer G\u00fcne\u015f, \u015eakir Demir ve Mizgin Irgat, adadan d\u00f6nd\u00fc. Gazetecilerin sorular\u0131n\u0131 yan\u0131tlayan avukatlar &#8220;bu konuda \u00d6calan, milletvekillerinin kararlar\u0131n\u0131 do\u011fru buluyor&#8221; dedi. <\/p>\n","protected":false},"author":1,"featured_media":0,"comment_status":"open","ping_status":"closed","sticky":false,"template":"","format":"standard","meta":{"footnotes":""},"categories":[105],"tags":[],"class_list":["post-35123","post","type-post","status-publish","format-standard","hentry","category-gundem","odd"],"_links":{"self":[{"href":"http:\/\/www.korhanyilmaz.com\/index.php?rest_route=\/wp\/v2\/posts\/35123","targetHints":{"allow":["GET"]}}],"collection":[{"href":"http:\/\/www.korhanyilmaz.com\/index.php?rest_route=\/wp\/v2\/posts"}],"about":[{"href":"http:\/\/www.korhanyilmaz.com\/index.php?rest_route=\/wp\/v2\/types\/post"}],"author":[{"embeddable":true,"href":"http:\/\/www.korhanyilmaz.com\/index.php?rest_route=\/wp\/v2\/users\/1"}],"replies":[{"embeddable":true,"href":"http:\/\/www.korhanyilmaz.com\/index.php?rest_route=%2Fwp%2Fv2%2Fcomments&post=35123"}],"version-history":[{"count":0,"href":"http:\/\/www.korhanyilmaz.com\/index.php?rest_route=\/wp\/v2\/posts\/35123\/revisions"}],"wp:attachment":[{"href":"http:\/\/www.korhanyilmaz.com\/index.php?rest_route=%2Fwp%2Fv2%2Fmedia&parent=35123"}],"wp:term":[{"taxonomy":"category","embeddable":true,"href":"http:\/\/www.korhanyilmaz.com\/index.php?rest_route=%2Fwp%2Fv2%2Fcategories&post=35123"},{"taxonomy":"post_tag","embeddable":true,"href":"http:\/\/www.korhanyilmaz.com\/index.php?rest_route=%2Fwp%2Fv2%2Ftags&post=35123"}],"curies":[{"name":"wp","href":"https:\/\/api.w.org\/{rel}","templated":true}]}}