{"id":35115,"date":"2011-06-25T01:05:10","date_gmt":"2011-06-24T22:05:10","guid":{"rendered":"http:\/\/www.korhanyilmaz.com\/?p=35115"},"modified":"2011-07-10T22:56:29","modified_gmt":"2011-07-10T19:56:29","slug":"ankarada-muthis-satranc","status":"publish","type":"post","link":"http:\/\/www.korhanyilmaz.com\/?p=35115","title":{"rendered":"Ankara&#8217;da m\u00fcthi\u015f satran\u00e7"},"content":{"rendered":"<p style=\"text-align: center;\"><a href=\"http:\/\/www.korhanyilmaz.com\/wp-content\/uploads\/2011\/06\/232.jpg\"  class=\"lightview\"><img loading=\"lazy\" decoding=\"async\" class=\"aligncenter size-full wp-image-35116\" src=\"http:\/\/www.korhanyilmaz.com\/wp-content\/uploads\/2011\/06\/232.jpg\" alt=\"\" width=\"397\" height=\"183\" \/><\/a><\/p>\n<p style=\"text-align: justify;\">YSK kesin sonu\u00e7lar\u0131 a\u00e7\u0131klad\u0131 ve Oktay Ek\u015fi resmen \u2018\u2019Ge\u00e7ici TBMM Ba\u015fkan\u0131\u2019\u2019 oldu. Ek\u015fi, Cumhurba\u015fkan\u0131 G\u00fcl yurt d\u0131\u015f\u0131na \u00e7\u0131karsa, Cumhurba\u015fkan\u0131 vekili olacak. G\u00fcl de, Ba\u015fbakan Erdo\u011fan ile aras\u0131 bozuk olan Ek\u015fi\u2019ye vekalet b\u0131rakmamak i\u00e7in, Karada\u011f ve Bulgaristan gezilerini erteledi.<!--more--><\/p>\n<p style=\"text-align: justify;\">ANKARA- YSK\u2019n\u0131n kesin se\u00e7im sonu\u00e7lar\u0131n\u0131 a\u00e7\u0131klamas\u0131 ve en ya\u015fl\u0131 \u00fcye s\u0131fat\u0131yla CHP \u0130stanbul milletvekili Oktay Ek\u015fi\u2019nin resmen \u2018\u2019Ge\u00e7ici TBMM Ba\u015fkan\u0131\u2019\u2019 olmas\u0131, devletin zirvesinde ilgin\u00e7 bir durum yaratt\u0131. Cumhurba\u015fkan\u0131 Abdullah G\u00fcl, Ba\u015fbakan Erdo\u011fan ile aras\u0131 bozuk olan Oktay Ek\u015fi\u2019ye vekalet b\u0131rakmamak i\u00e7in, iki yurt d\u0131\u015f\u0131 gezisini erteledi. G\u00fcl yurt d\u0131\u015f\u0131na gitse, Ek\u015fi de devletin bir numaras\u0131 olacakt\u0131.<\/p>\n<p style=\"text-align: justify;\">29-30 Haziran tarihlerinde Karada\u011f\u2019a gidecek olan Cumhurba\u015fkan\u0131 Abdullah G\u00fcl, \u00f6nce bu gezisini, ard\u0131ndan da 3 Temmuz\u2019daki Bulgaristan gezisini erteledi. Gezilerin ertelenmesinde, se\u00e7imler sonras\u0131 i\u00e7 siyasette ya\u015fanan geli\u015fmeler de etkili oldu, ancak as\u0131l sorun vekalette \u00e7\u0131kt\u0131.<\/p>\n<p style=\"text-align: justify;\"><strong>SEPT\u0130O\u011eLU G\u0130B\u0130<\/strong><\/p>\n<p style=\"text-align: justify;\">TBMM 23. d\u00f6nemi tamamlad\u0131\u011f\u0131 ve YSK kesin sonu\u00e7lar\u0131 a\u00e7\u0131klad\u0131\u011f\u0131 i\u00e7in, Meclis Ba\u015fkan\u0131 Mehmet Ali \u015eahin\u2019im g\u00f6revi sona erdi. Ge\u00e7ici ba\u015fkan da Ek\u015fi oldu. Ek\u015fi bu s\u0131fat\u0131 ile, Cumhurba\u015fkan\u0131n\u0131n yurt d\u0131\u015f\u0131na \u00e7\u0131kmas\u0131 durumunda Cumhurba\u015fkan\u0131 vekili de olacakt\u0131. 3 May\u0131s 1999\u2019da, d\u00f6nemin Cumhurba\u015fkan\u0131 S\u00fcleyman Demirel Fransa\u2019ya gitmi\u015f ve 48 saat s\u00fcreyle TBMM ge\u00e7ici Ba\u015fkan\u0131 ve DYP Elaz\u0131\u011f milletvekili Ali R\u0131za Septio\u011flu da Cumhurba\u015fkan\u0131 vekili olmu\u015ftu.<\/p>\n<p style=\"text-align: justify;\"><strong>EN AZ 10 G\u00dcN BA\u015eKAN<\/strong><\/p>\n<p style=\"text-align: justify;\">TBMM yenim t\u00f6reni i\u00e7in 28 Haziran g\u00fcn\u00fc toplanacak. Ard\u0131ndan TBMM Ba\u015fkan adaylar\u0131n\u0131n ba\u015fvurular\u0131 i\u00e7in 5 g\u00fcn ara verilecek. 4 ya da 5 Temmuz g\u00fcn\u00fc TBMM Ba\u015fkanl\u0131\u011f\u0131 se\u00e7imine ba\u015flanacak. En \u00e7ok 4 tur yap\u0131lacak olan bu se\u00e7imden, 276 oyun gerekti\u011fi \u00fc\u00e7\u00fcnc\u00fc turda sonu\u00e7 al\u0131naca\u011f\u0131 d\u00fc\u015f\u00fcn\u00fcld\u00fc\u011f\u00fcnden, Oktay Ek\u015fi de, en az 6 Temmuz g\u00fcn\u00fcne kadar, ge\u00e7ici Meclis Ba\u015fkanl\u0131\u011f\u0131 ve gerekti\u011finde de Cumhurba\u015fkan\u0131 vekili s\u0131fat\u0131n\u0131 koruyacak.<\/p>\n<p style=\"text-align: justify;\"><strong>\u2018\u2019ANALARINI DA SATARLAR\u2019\u2019<\/strong><\/p>\n<p style=\"text-align: justify;\">Ek\u015fi, H\u00fcrriyet Gazetesinde ba\u015fyazar oldu\u011fu d\u00f6nemde iktidar\u0131n, \u0130kizdere vadisinde Hidroelektrik santrali kurmak i\u00e7in akarsular\u0131 49 y\u0131ll\u0131\u011f\u0131na satma giri\u015fimine kar\u015f\u0131 \u00e7\u0131k\u0131p, \u2018\u2019 Bu zihniyet analar\u0131n\u0131 da satar&#8221; diye yazm\u0131\u015ft\u0131. Daha sonra gazetesinden istifa eden Ek\u015fi\u2019ye Ba\u015fbakan Erdo\u011fan, &#8220;E\u011fer gazetecilik buysa ben bu zihniyetle sava\u015f\u0131r\u0131m. Gere\u011fini yapaca\u011f\u0131z, g\u00f6receksiniz\u2019 cevab\u0131n\u0131 verdi ve 100 bin liral\u0131k da dava a\u00e7t\u0131. Erdo\u011fan \u2018\u2019Helalle\u015fme kapsam\u0131na\u2019\u2019 Ek\u015fi\u2019yi almay\u0131p, bu davay\u0131 geri de \u00e7ekmedi.<\/p>\n<p style=\"text-align: justify;\"><a href=\"http:\/\/www.gazeteport.com.tr\/haber\/39325\/ankarada_muthis_satranc\" target=\"_blank\">Kaynak : Emin \u00d6zg\u00f6n\u00fcl &#8211;\u00a0 GAZETEPORT<\/a><\/p>\n","protected":false},"excerpt":{"rendered":"<p style=\"text-align: center;\">\n<p style=\"text-align: justify;\">YSK kesin sonu\u00e7lar\u0131 a\u00e7\u0131klad\u0131 ve Oktay Ek\u015fi resmen \u2018\u2019Ge\u00e7ici TBMM Ba\u015fkan\u0131\u2019\u2019 oldu. Ek\u015fi, Cumhurba\u015fkan\u0131 G\u00fcl yurt d\u0131\u015f\u0131na \u00e7\u0131karsa, Cumhurba\u015fkan\u0131 vekili olacak. G\u00fcl de, Ba\u015fbakan Erdo\u011fan ile aras\u0131 bozuk olan Ek\u015fi\u2019ye vekalet b\u0131rakmamak i\u00e7in, Karada\u011f ve Bulgaristan gezilerini erteledi.<\/p>\n","protected":false},"author":1,"featured_media":0,"comment_status":"open","ping_status":"closed","sticky":false,"template":"","format":"standard","meta":{"footnotes":""},"categories":[105],"tags":[],"class_list":["post-35115","post","type-post","status-publish","format-standard","hentry","category-gundem","odd"],"_links":{"self":[{"href":"http:\/\/www.korhanyilmaz.com\/index.php?rest_route=\/wp\/v2\/posts\/35115","targetHints":{"allow":["GET"]}}],"collection":[{"href":"http:\/\/www.korhanyilmaz.com\/index.php?rest_route=\/wp\/v2\/posts"}],"about":[{"href":"http:\/\/www.korhanyilmaz.com\/index.php?rest_route=\/wp\/v2\/types\/post"}],"author":[{"embeddable":true,"href":"http:\/\/www.korhanyilmaz.com\/index.php?rest_route=\/wp\/v2\/users\/1"}],"replies":[{"embeddable":true,"href":"http:\/\/www.korhanyilmaz.com\/index.php?rest_route=%2Fwp%2Fv2%2Fcomments&post=35115"}],"version-history":[{"count":0,"href":"http:\/\/www.korhanyilmaz.com\/index.php?rest_route=\/wp\/v2\/posts\/35115\/revisions"}],"wp:attachment":[{"href":"http:\/\/www.korhanyilmaz.com\/index.php?rest_route=%2Fwp%2Fv2%2Fmedia&parent=35115"}],"wp:term":[{"taxonomy":"category","embeddable":true,"href":"http:\/\/www.korhanyilmaz.com\/index.php?rest_route=%2Fwp%2Fv2%2Fcategories&post=35115"},{"taxonomy":"post_tag","embeddable":true,"href":"http:\/\/www.korhanyilmaz.com\/index.php?rest_route=%2Fwp%2Fv2%2Ftags&post=35115"}],"curies":[{"name":"wp","href":"https:\/\/api.w.org\/{rel}","templated":true}]}}