{"id":35101,"date":"2011-06-25T03:37:31","date_gmt":"2011-06-25T00:37:31","guid":{"rendered":"http:\/\/www.korhanyilmaz.com\/?p=35101"},"modified":"2011-07-10T22:56:54","modified_gmt":"2011-07-10T19:56:54","slug":"komutanlar-davette-%e2%80%98balyoz%e2%80%99u-konustu","status":"publish","type":"post","link":"http:\/\/www.korhanyilmaz.com\/?p=35101","title":{"rendered":"Komutanlar davette \u2018Balyoz\u2019u konu\u015ftu!"},"content":{"rendered":"<p style=\"text-align: center;\"><a href=\"http:\/\/www.korhanyilmaz.com\/wp-content\/uploads\/2011\/06\/230.jpg\"  class=\"lightview\"><img loading=\"lazy\" decoding=\"async\" class=\"aligncenter size-full wp-image-35102\" src=\"http:\/\/www.korhanyilmaz.com\/wp-content\/uploads\/2011\/06\/230.jpg\" alt=\"\" width=\"420\" height=\"210\" \/><\/a><\/p>\n<p style=\"text-align: justify;\">Resepsiyona &#8216;Balyoz&#8217; tutuklamalar\u0131 damga vurdu.<\/p>\n<p style=\"text-align: justify;\">Harp Akademileri Komutan\u0131 Org. Bilgin Balanl\u0131, 1. Hava Kuvvet Komutan\u0131 Korgeneral Korcan Pulats\u00fc ve Hava E\u011fitim Komutan\u0131 Korg. Ziya G\u00fcler\u2019in Balyoz\u2019da tutuklanmas\u0131n\u0131n ard\u0131ndan gergin g\u00fcnler ge\u00e7iren Genelkurmay Ba\u015fkan\u0131 Org. I\u015f\u0131k Ko\u015faner ve kuvvet komutanlar\u0131, Azerbaycan G\u00fcn\u00fc Resepsiyonu\u2019nda biraraya geldi. Org. Ko\u015faner, A\u011fustos\u2019taki \u015furada g\u00f6rev s\u00fcresinin 1 y\u0131l uzat\u0131lmas\u0131 ihtimaller aras\u0131nda olan Hava Kuvvetleri Komutan\u0131 Org. Hasan Aksay\u2019a yak\u0131n ilgi g\u00f6sterdi. \u0130ki komutan\u0131n koyu sohbetine tutuklamalar nedeniyle terfide \u00f6n\u00fc a\u00e7\u0131lan Hava Kuvvetleri Kurmay Ba\u015fkan\u0131 Korg. Abidin \u00dcnal\u2019\u0131n da e\u015flik etmesi dikkat \u00e7ekti. <!--more--><\/p>\n<p style=\"text-align: justify;\"><strong>Karac\u0131lar ve havac\u0131lar tam kadro<\/strong><\/p>\n<p style=\"text-align: justify;\">Azerbaycan\u2019\u0131n Ankara B\u00fcy\u00fckel\u00e7isi Faig Ba\u011f\u0131rov\u2019un evsahipli\u011finde B\u00fcy\u00fckhanl\u0131 Park Otel\u2019de d\u00fczenlenen resepsiyona, Org. Ko\u015faner, Org. Aksay ve Korg. \u00dcnal\u2019\u0131n yan\u0131 s\u0131ra Kara Kuvvetleri Komutan\u0131 Org. Erdal Ceylano\u011flu, Jandarma Genel Komutan\u0131 Org. Necdet \u00d6zel ve Kara Kuvvetleri Kurmay Ba\u015fkan\u0131 Org. Bekir Kalyoncu\u2019nun da aralar\u0131nda oldu\u011fu \u00e7ok say\u0131da davetli kat\u0131ld\u0131.<\/p>\n<p style=\"text-align: justify;\"><strong>Komutan\u2019dan Korg. \u00dcnal\u2019a ilgi&#8230;<\/strong><\/p>\n<p style=\"text-align: justify;\">Resepsiyona, Hava Kuvvetleri Komutanl\u0131\u011f\u0131\u2019ndaki son \u2018Balyoz\u2019 tutuklamalar\u0131 damgas\u0131n\u0131 vurdu. Org. Ko\u015faner, Hava Kuvvetleri Komutan\u0131 Org. Aksay ve tutuklamalar nedeniyle terfide \u00f6n\u00fc a\u00e7\u0131lan Hava Kuvvetleri Kurmay Ba\u015fkan\u0131 Korgeneral \u00dcnal\u2019la uzun s\u00fcre sohbet etti. Sohbette son tutuklamalar\u0131n konu\u015fuldu\u011fu \u00f6\u011frenildi. Yabanc\u0131 \u00fclke askeri ate\u015feleri de ya\u015fanan tutuklamalarla ilgili T\u00fcrk subaylardan bilgi almaya \u00e7al\u0131\u015ft\u0131.<\/p>\n<p style=\"text-align: justify;\">Hava Kuvvetleri Komutanl\u0131\u011f\u0131\u2019n\u0131 Org. Aksay\u2019dan devralmas\u0131 beklenen Harp Akademileri Komutan\u0131 Org. Bilgin Balanl\u0131\u2019n\u0131n ard\u0131ndan 1. Hava Kuvvet Komutan\u0131 Korg. Korcan Pulats\u00fc\u2019n\u00fcn ve Hava E\u011fitim Komutan\u0131 Korg. Ziya G\u00fcler\u2019in tutuklamas\u0131 Hava Kuvvetleri\u2019ndeki ta\u015flar\u0131 yerinden oynatt\u0131. Org. Aksay\u2019\u0131n g\u00f6rev s\u00fcresinin 1 y\u0131l uzat\u0131lmas\u0131 g\u00fcndeme geldi.<\/p>\n<p style=\"text-align: justify;\"><a href=\"http:\/\/haber.gazetevatan.com\/komutanlar-davette-balyozu-konustu\/385461\/1\/Gundem\" target=\"_blank\">Kaynak : VATAN Gazetesi<\/a><\/p>\n","protected":false},"excerpt":{"rendered":"<p style=\"text-align: center;\">\n<p style=\"text-align: justify;\">Resepsiyona &#8216;Balyoz&#8217; tutuklamalar\u0131 damga vurdu.<\/p>\n<p style=\"text-align: justify;\">Harp Akademileri Komutan\u0131 Org. Bilgin Balanl\u0131, 1. Hava Kuvvet Komutan\u0131 Korgeneral Korcan Pulats\u00fc ve Hava E\u011fitim Komutan\u0131 Korg. Ziya G\u00fcler\u2019in Balyoz\u2019da tutuklanmas\u0131n\u0131n ard\u0131ndan gergin g\u00fcnler ge\u00e7iren Genelkurmay Ba\u015fkan\u0131 Org. I\u015f\u0131k Ko\u015faner ve kuvvet komutanlar\u0131, Azerbaycan G\u00fcn\u00fc Resepsiyonu\u2019nda biraraya geldi. Org. Ko\u015faner, A\u011fustos\u2019taki \u015furada <\/p>\n","protected":false},"author":1,"featured_media":0,"comment_status":"open","ping_status":"closed","sticky":false,"template":"","format":"standard","meta":{"footnotes":""},"categories":[105],"tags":[],"class_list":["post-35101","post","type-post","status-publish","format-standard","hentry","category-gundem","odd"],"_links":{"self":[{"href":"http:\/\/www.korhanyilmaz.com\/index.php?rest_route=\/wp\/v2\/posts\/35101","targetHints":{"allow":["GET"]}}],"collection":[{"href":"http:\/\/www.korhanyilmaz.com\/index.php?rest_route=\/wp\/v2\/posts"}],"about":[{"href":"http:\/\/www.korhanyilmaz.com\/index.php?rest_route=\/wp\/v2\/types\/post"}],"author":[{"embeddable":true,"href":"http:\/\/www.korhanyilmaz.com\/index.php?rest_route=\/wp\/v2\/users\/1"}],"replies":[{"embeddable":true,"href":"http:\/\/www.korhanyilmaz.com\/index.php?rest_route=%2Fwp%2Fv2%2Fcomments&post=35101"}],"version-history":[{"count":0,"href":"http:\/\/www.korhanyilmaz.com\/index.php?rest_route=\/wp\/v2\/posts\/35101\/revisions"}],"wp:attachment":[{"href":"http:\/\/www.korhanyilmaz.com\/index.php?rest_route=%2Fwp%2Fv2%2Fmedia&parent=35101"}],"wp:term":[{"taxonomy":"category","embeddable":true,"href":"http:\/\/www.korhanyilmaz.com\/index.php?rest_route=%2Fwp%2Fv2%2Fcategories&post=35101"},{"taxonomy":"post_tag","embeddable":true,"href":"http:\/\/www.korhanyilmaz.com\/index.php?rest_route=%2Fwp%2Fv2%2Ftags&post=35101"}],"curies":[{"name":"wp","href":"https:\/\/api.w.org\/{rel}","templated":true}]}}