{"id":35094,"date":"2011-06-24T21:52:41","date_gmt":"2011-06-24T18:52:41","guid":{"rendered":"http:\/\/www.korhanyilmaz.com\/?p=35094"},"modified":"2011-07-10T23:35:30","modified_gmt":"2011-07-10T20:35:30","slug":"mhp-liderinden-basbakana-cagri","status":"publish","type":"post","link":"http:\/\/www.korhanyilmaz.com\/?p=35094","title":{"rendered":"MHP Lideri&#8217;nden Ba\u015fbakan&#8217;a \u00e7a\u011fr\u0131"},"content":{"rendered":"<p style=\"text-align: center;\"><a href=\"http:\/\/www.korhanyilmaz.com\/wp-content\/uploads\/2011\/06\/229.jpeg\"  class=\"lightview\"><img loading=\"lazy\" decoding=\"async\" class=\"aligncenter size-full wp-image-35095\" src=\"http:\/\/www.korhanyilmaz.com\/wp-content\/uploads\/2011\/06\/229.jpeg\" alt=\"\" width=\"336\" height=\"223\" \/><\/a><\/p>\n<p style=\"text-align: justify;\">MHP Genel Ba\u015fkan\u0131 Devlet Bah\u00e7eli, tahliye talebi reddedilen milletvekilleri ile ilgili olarak Ba\u015fbakan Recep Erdo\u011fan&#8217;\u0131 bu konuda sorumlu olmaya davet etti.<\/p>\n<p style=\"text-align: justify;\">\u0130STANBUL- MHP Genel Ba\u015fkan\u0131 Devlet Bah\u00e7eli, se\u00e7ilmi\u015f milletvekillerinin tahliye edilmemesiyle ilgili yarg\u0131 kararlar\u0131 hakk\u0131nda, &#8220;Burada en b\u00fcy\u00fck g\u00f6rev ve sorumluluk, Meclis \u00e7o\u011funlu\u011fu nedeniyle Ba\u015fbakan\u2019a ve AKP\u2019ye d\u00fc\u015fmektedir. Ba\u015fbakan\u2019\u0131 bu konuda sorumlu davranmaya ve gerekli giri\u015fimleri ba\u015flatmaya davet ediyorum&#8221; dedi. <!--more--><\/p>\n<p style=\"text-align: justify;\">Bah\u00e7eli, yapt\u0131\u011f\u0131 yaz\u0131l\u0131 a\u00e7\u0131klamada, &#8220;12 Haziran 2011 se\u00e7imlerinde milletvekili se\u00e7ilen Mehmet Haberal, Mustafa Balbay ve Engin Alan\u2019\u0131n tahliye taleplerini reddeden mahkeme kararlar\u0131n\u0131n, milli iradeye sayg\u0131, T\u00fcrk demokrasisi, hukuk devleti ve yarg\u0131 ba\u011f\u0131ms\u0131zl\u0131\u011f\u0131 a\u00e7\u0131s\u0131ndan esef verici bir durum oldu\u011funu&#8221; savundu.<\/p>\n<p style=\"text-align: justify;\">A\u00e7\u0131klamas\u0131nda, &#8220;AKP iktidar\u0131n\u0131n vesayeti alt\u0131nda siyasalla\u015fan g\u00fcd\u00fcml\u00fc yarg\u0131n\u0131n hazin bir \u00f6rne\u011fi olan bu kararla, egemenli\u011fini yegane kayna\u011f\u0131 olan milli iradeye, demokrasiye ve T\u00fcrkiye B\u00fcy\u00fck Millet Meclisi\u2019ne meydan okunmu\u015ftur&#8221; ifadelerine yer veren Bah\u00e7eli, &#8220;T\u00fcrkiye, milli iradeyi hi\u00e7e sayan, tan\u0131mad\u0131\u011f\u0131n\u0131 ilan eden hukuk d\u0131\u015f\u0131 bir yarg\u0131 m\u00fcdahalesiyle kar\u015f\u0131 kar\u015f\u0131yad\u0131r&#8221; dedi.<\/p>\n<p style=\"text-align: justify;\">&#8220;Adalete olan g\u00fcven duygusunun \u00e7ok a\u011f\u0131r yara ald\u0131\u011f\u0131n\u0131&#8221; iddia eden Bah\u00e7eli, \u015funlar\u0131 kaydetti:<\/p>\n<p style=\"text-align: justify;\">&#8220;Milli irade gasp\u0131 olan bu kararla yarg\u0131 krizi, demokrasi krizine ve siyasi krize d\u00f6n\u00fc\u015fm\u00fc\u015ft\u00fcr. Bu vahim durum kar\u015f\u0131s\u0131nda Say\u0131n Cumhurba\u015fkan\u0131\u2019n\u0131n, Ba\u015fbakan ve AKP y\u00f6neticilerinin sessiz, suskun ve tepkisiz kalmalar\u0131, ileri demokrasi anlay\u0131\u015flar\u0131n\u0131n ne oldu\u011funun hazin bir g\u00f6stergesidir. Bug\u00fcn ya\u015fanan krizin hukuki s\u00fcre\u00e7ler i\u00e7inde a\u015f\u0131lamamas\u0131 halinde siyaset kurumu bu duruma m\u00fcdahale etmek zorundad\u0131r.<\/p>\n<p style=\"text-align: justify;\">Bunun i\u00e7in yap\u0131lmas\u0131 gereken, mahkemelerin keyfi yorum ve tasarruflar\u0131n\u0131n \u00f6n\u00fcne ge\u00e7mek i\u00e7in gerekli yasal d\u00fczenlemelerin TBMM\u2019nin \u00f6ncelikli konusu olarak biran \u00f6nce hayata ge\u00e7irilmesidir. Burada en b\u00fcy\u00fck g\u00f6rev ve sorumluluk, Meclis \u00e7o\u011funlu\u011fu nedeniyle Ba\u015fbakan\u2019a ve AKP\u2019ye d\u00fc\u015fmektedir. Ba\u015fbakan\u2019\u0131 bu konuda sorumlu davranmaya ve gerekli giri\u015fimleri ba\u015flatmaya davet ediyorum.&#8221;<\/p>\n<p style=\"text-align: justify;\"><a href=\"http:\/\/www.radikal.com.tr\/Radikal.aspx?aType=RadikalDetayV3&amp;ArticleID=1054018&amp;Date=25.06.2011&amp;CategoryID=78\" target=\"_blank\">Kaynak : Radikal<\/a><\/p>\n","protected":false},"excerpt":{"rendered":"<p style=\"text-align: center;\">\n<p style=\"text-align: justify;\">MHP Genel Ba\u015fkan\u0131 Devlet Bah\u00e7eli, tahliye talebi reddedilen milletvekilleri ile ilgili olarak Ba\u015fbakan Recep Erdo\u011fan&#8217;\u0131 bu konuda sorumlu olmaya davet etti.<\/p>\n<p style=\"text-align: justify;\">\u0130STANBUL- MHP Genel Ba\u015fkan\u0131 Devlet Bah\u00e7eli, se\u00e7ilmi\u015f milletvekillerinin tahliye edilmemesiyle ilgili yarg\u0131 kararlar\u0131 hakk\u0131nda, &#8220;Burada en b\u00fcy\u00fck g\u00f6rev ve sorumluluk, Meclis \u00e7o\u011funlu\u011fu nedeniyle Ba\u015fbakan\u2019a ve AKP\u2019ye d\u00fc\u015fmektedir. <\/p>\n","protected":false},"author":1,"featured_media":0,"comment_status":"open","ping_status":"closed","sticky":false,"template":"","format":"standard","meta":{"footnotes":""},"categories":[105],"tags":[],"class_list":["post-35094","post","type-post","status-publish","format-standard","hentry","category-gundem","odd"],"_links":{"self":[{"href":"http:\/\/www.korhanyilmaz.com\/index.php?rest_route=\/wp\/v2\/posts\/35094","targetHints":{"allow":["GET"]}}],"collection":[{"href":"http:\/\/www.korhanyilmaz.com\/index.php?rest_route=\/wp\/v2\/posts"}],"about":[{"href":"http:\/\/www.korhanyilmaz.com\/index.php?rest_route=\/wp\/v2\/types\/post"}],"author":[{"embeddable":true,"href":"http:\/\/www.korhanyilmaz.com\/index.php?rest_route=\/wp\/v2\/users\/1"}],"replies":[{"embeddable":true,"href":"http:\/\/www.korhanyilmaz.com\/index.php?rest_route=%2Fwp%2Fv2%2Fcomments&post=35094"}],"version-history":[{"count":0,"href":"http:\/\/www.korhanyilmaz.com\/index.php?rest_route=\/wp\/v2\/posts\/35094\/revisions"}],"wp:attachment":[{"href":"http:\/\/www.korhanyilmaz.com\/index.php?rest_route=%2Fwp%2Fv2%2Fmedia&parent=35094"}],"wp:term":[{"taxonomy":"category","embeddable":true,"href":"http:\/\/www.korhanyilmaz.com\/index.php?rest_route=%2Fwp%2Fv2%2Fcategories&post=35094"},{"taxonomy":"post_tag","embeddable":true,"href":"http:\/\/www.korhanyilmaz.com\/index.php?rest_route=%2Fwp%2Fv2%2Ftags&post=35094"}],"curies":[{"name":"wp","href":"https:\/\/api.w.org\/{rel}","templated":true}]}}