{"id":35087,"date":"2011-06-24T15:57:49","date_gmt":"2011-06-24T12:57:49","guid":{"rendered":"http:\/\/www.korhanyilmaz.com\/?p=35087"},"modified":"2011-07-10T23:36:58","modified_gmt":"2011-07-10T20:36:58","slug":"bagimsizlarin-kulagi-ocalanda","status":"publish","type":"post","link":"http:\/\/www.korhanyilmaz.com\/?p=35087","title":{"rendered":"Ba\u011f\u0131ms\u0131zlar\u0131n kula\u011f\u0131 \u00d6calan&#8217;da"},"content":{"rendered":"<p style=\"text-align: center;\"><a href=\"http:\/\/www.korhanyilmaz.com\/wp-content\/uploads\/2011\/06\/228.jpeg\"  class=\"lightview\"><img loading=\"lazy\" decoding=\"async\" class=\"aligncenter size-full wp-image-35088\" src=\"http:\/\/www.korhanyilmaz.com\/wp-content\/uploads\/2011\/06\/228.jpeg\" alt=\"\" width=\"320\" height=\"214\" \/><\/a><\/p>\n<p style=\"text-align: justify;\">Aysel Tu\u011fluk, ba\u011f\u0131ms\u0131z vekillerin TBMM&#8217;ye girmeme karar\u0131yla ilgili olarak &#8216;Bu konuda Abdullah \u00d6calan&#8217;\u0131n s\u00f6yleyecekleri \u00f6nemli&#8217; dedi.<\/p>\n<p style=\"text-align: justify;\">\u0130STANBUL &#8211; TESEV taraf\u0131ndan d\u00fczenlenen Ge\u00e7i\u015f S\u00fcrecinde T\u00fcrkiye Konferans\u0131\u2019na kat\u0131lan kat\u0131lan Aysel Tu\u011fluk, YSK\u2019n\u0131n Hatip Dicle karar\u0131n\u0131 de\u011ferlendirdi. <!--more--><\/p>\n<p style=\"text-align: justify;\">Bu konuda en b\u00fcy\u00fck kararl\u0131l\u0131\u011f\u0131n iktidara ait oldu\u011funu belirten Tu\u011fluk, sorunun Meclis d\u00fczeyinde \u00e7\u00f6z\u00fclmesi gerekti\u011fi d\u00fc\u015f\u00fcncesini dile getirdi. \u00c7\u00f6z\u00fcm\u00fcn yakalanamamas\u0131 durumunda k\u00f6t\u00fc \u015feyler olabilece\u011fini iddia eder Tu\u011fluk s\u00f6zlerini \u015f\u00f6yle s\u00fcrd\u00fcrd\u00fc : \u201cBu bir tehdit de\u011fil, ben siyaset\u00e7iyim. \u00d6ng\u00f6r\u00fc ve tespitte bulunuyorum. Daha \u00f6nce \u00e7\u00f6z\u00fcm geli\u015ftirilmedi\u011finde durum yerini bir \u00e7at\u0131\u015fma zeminine b\u0131rakm\u0131\u015ft\u0131r. Bununla ilgili olarak duyarl\u0131l\u0131k yaratmak istiyorum&#8221;<\/p>\n<p style=\"text-align: justify;\"><strong>\u00d6CALAN G\u0130D\u0130N DERSE&#8230;<\/strong><\/p>\n<p style=\"text-align: justify;\">Tu\u011fluk, \u201cE\u011fer \u00d6calan\u2019dan Meclis\u2019e girin \u00e7a\u011fr\u0131s\u0131 gelirse, bu sizin karar\u0131n\u0131z\u0131 de\u011fi\u015ftirir mi?&#8221; \u015feklindeki bir soruya da \u015fu yan\u0131t\u0131 verdi. \u201cSay\u0131n \u00d6calan\u2019\u0131n parlamentoya d\u00f6n\u00fc\u015f konusunda s\u00f6yleyece\u011fi s\u00f6zler \u00f6nemli. Bunu s\u00f6yleyeyim. Mutlaka etki yarat\u0131r, grubumuz taraf\u0131ndan mutlaka de\u011ferlendirmeye al\u0131n\u0131r. Biliyorsunuz DTPnin kapat\u0131lmas\u0131 sonras\u0131 geli\u015fmelerde de bu a\u00e7\u0131dan \u00f6nemliydi, de\u011ferlendirdi. Bu defa da tabi \u00f6yle bir etkisi olacakt\u0131r.&#8221;<\/p>\n<p style=\"text-align: justify;\"><strong>OYA ERONAT&#8217; IN MAZBATAYI ALMAMASI GEREK\u0130YORDU<\/strong><\/p>\n<p style=\"text-align: justify;\">Bu mazbatan\u0131n al\u0131nmamas\u0131 gerekti\u011fini d\u00fc\u015f\u00fcn\u00fcyorum . Bu mazbata iade edilmeliydi. \u00c7\u00fcnk\u00fc halk mazbatay\u0131 Hatip Dicle&#8217;ye verdi. Bunun Diyarbak\u0131r halk\u0131 \u00fczerinde \u00e7ok b\u00fcy\u00fck etkisinin oldu\u011fu ulusal anlamda siyasi anlamda \u00e7ok b\u00fcy\u00fck bir tepkiye yol a\u00e7t\u0131\u011f\u0131n\u0131 ifade edebilirdim. Ben olsayd\u0131m bir kad\u0131n olarak haktan, hukuktan, adaletten ve vicdandan yana tav\u0131r koyard\u0131m. Bu mazbata benim hakk\u0131m de\u011fil Hatip Dicle&#8217;nin hakk\u0131d\u0131r deyip almamas\u0131 gerekiyordu.<\/p>\n<p style=\"text-align: justify;\"><strong>HAT\u0130P D\u0130CLE&#8217; N\u0130N M\u0130LLETVEK\u0130LL\u0130\u011e\u0130 \u0130ADE ED\u0130L\u0130NCEYE KADAR MECL\u0130SE G\u0130TMEYECE\u011e\u0130Z.<\/strong><\/p>\n<p style=\"text-align: justify;\">Sorumluluk \u015fu anda iktidardad\u0131r, h\u00fck\u00fcmettedir, ba\u015fbakandad\u0131r. Yani ba\u015fbakan iktidar e\u011fer istenirse bu mesele \u00e7\u00f6z\u00fcmlenebilir.. Yasal bir de\u011fi\u015fiklikle bu mesele halledilebilir. \u015eu andaki durum vicdani de\u011fil ve me\u015fru de\u011fil. Yani bu meclisin me\u015fruiyetine g\u00f6lge d\u00fc\u015f\u00fcren bir durum var ortada.<\/p>\n<p style=\"text-align: justify;\"><strong>\u0130ST\u0130FALARIMIZI VERD\u0130\u011e\u0130M\u0130ZDE PROSED\u00dcR\u00dcN G\u0130DECE\u011e\u0130 NOKTA ARA SE\u00c7\u0130M OLMAK DURUMUNDA<\/strong><\/p>\n<p style=\"text-align: justify;\">Se\u00e7im tekrarlanmas\u0131 m\u00fcmk\u00fcn olur mu sorusuna yan\u0131t veren Tu\u011fluk, &#8216;Prosed\u00fcrler tamamland\u0131\u011f\u0131nda bunun gidece\u011fi yer ara se\u00e7imler olmak durumunda zaten&#8217; dedi.<\/p>\n<p style=\"text-align: justify;\"><strong>ERGENEKON TUTUKLUSU VEK\u0130LLER SERBEST BIRAKILMALI<\/strong><\/p>\n<p style=\"text-align: justify;\">Ergenekon tutuklusu Milletvekilleri Mehmet Haberal ve Mustafa Balbay&#8217;\u0131n tahliye edilmemesine ili\u015fkin bir soruya da yan\u0131t veren Tu\u011fluk, &#8221; Bu Hatip beyin karar\u0131yla birlikte tutuklular\u0131n serbest b\u0131rak\u0131lmamas\u0131 krizi dahada b\u00fcy\u00fcten bir durum olur. Yani bizim mevcut duru\u015fumuzu daha da g\u00fc\u00e7lendiren daha da me\u015fruiyet kazand\u0131ran bir durum olur. Yeniden haks\u0131z hukuksuz bir durumla kar\u015f\u0131la\u015fm\u0131\u015f oluruz.<\/p>\n<p style=\"text-align: justify;\">Bunlar halk\u0131n onay\u0131n\u0131 ald\u0131lar. Yasalar \u00e7er\u00e7evesinde milletvekili se\u00e7ildiler, mazbatalar\u0131n\u0131 ald\u0131lar. Art\u0131k bu halk iradesinin \u00f6n\u00fcnde \u015fu kurum bu kurumun iradesi bunun \u00f6n\u00fcne ge\u00e7emez. Halk iradesinin gere\u011fi yap\u0131lmas\u0131 gerekiyor. Ve o arkada\u015flar\u0131m\u0131z serbest b\u0131rak\u0131lmak durumunda. Zaten tutukluluk sebepleri \u00e7ok haks\u0131z, \u00e7ok s\u0131radan sebepler. Orada da zaten hukuki bir durum s\u00f6z konusu de\u011fil. Bu arkada\u015flar\u0131m\u0131z \u00e7oktan tahliye edilmesi gerekiyordu zaten. Ayr\u0131ca milletvekili\u011finden sonra b\u0131rak\u0131lmama durumu ayr\u0131ca ger\u00e7ekten bir s\u0131k\u0131nt\u0131 yaratacak konu olur&#8221; \u015feklinde konu\u015ftu.<\/p>\n<p style=\"text-align: justify;\"><strong>SELAHATT\u0130N DEM\u0130RTA\u015e, \u2019\u0130MRALI\u2019DAN GELECEK MESAJ \u00d6NEML\u0130\u2019<\/strong><\/p>\n<p style=\"text-align: justify;\">BDP eski Genel Ba\u015fkan\u0131 ve Hakkari Ba\u011f\u0131ms\u0131z Milletvekili Selahattin Demirta\u015f da, YSK\u2019n\u0131n Hatip Dicle\u2019nin milletvekilli\u011fini d\u00fc\u015f\u00fcrmesinden sonra ald\u0131klar\u0131 \u2019meclise gitmeme\u2019 kararlar\u0131n\u0131n meclisi protesto veya tan\u0131mama anlam\u0131na gelmedi\u011fini s\u00f6yledi.<\/p>\n<p style=\"text-align: justify;\">Demirta\u015f, &#8220;Biz sadece boykot ediyoruz. Sorunun \u00e7\u00f6z\u00fcm\u00fc konusunda ad\u0131m at\u0131l\u0131rsa sal\u0131 g\u00fcn\u00fc mecliste yemin t\u00f6rerine kat\u0131l\u0131r\u0131z&#8221; dedi. Abdullah \u00d6calan\u2019\u0131n g\u00f6r\u00fc\u015flerinin de kendileri i\u00e7in \u00f6nemli oldu\u011funu belirteren Demirta\u015f, &#8220;\u0130mral\u0131\u2019dan olumlu bir mesaj gelirse \u00e7\u00f6z\u00fcm i\u00e7in mesafe kaydedildi\u011fi anlam\u0131na gelir ve tekrar bir araya gelerek durum de\u011ferlendirmesi yapabiliriz&#8221; diye konu\u015ftu.<\/p>\n<p style=\"text-align: justify;\">BDP\u2019nin deste\u011fiyle Diyarbak\u0131r\u2019dan Ba\u011f\u0131ms\u0131z Milletvekili se\u00e7ilen Hatip Dicle\u2019nin YSK taraf\u0131ndan vekilli\u011finin d\u00fc\u015f\u00fcr\u00fclmesinin ard\u0131ndan, BDP\u2019nin deste\u011fiyle se\u00e7ilen ba\u011f\u0131ms\u0131z milletvekili d\u00fcn Meclis\u2019e gitmeme karar\u0131 ald\u0131. BDP\u2019nin eski Genel Ba\u015fkan\u0131 ve Hakkari Ba\u011f\u0131ms\u0131z Milletvekili Selahattin Demirta\u015f, karar\u0131 telefonla g\u00f6r\u00fc\u015ft\u00fc\u011f\u00fc DHA muhabirine de\u011ferlendirdi. Demirta\u015f, Meclis\u2019e gitmeme karar\u0131n\u0131n Meclis\u2019i protesto veya tan\u0131mama anlam\u0131na gelmedi\u011fini belirterek \u015f\u00f6yle konu\u015ftu:<\/p>\n<p style=\"text-align: justify;\">&#8220;\u00c7\u00f6z\u00fcm konusunda somut bir ad\u0131m at\u0131l\u0131rsa Sal\u0131 g\u00fcn\u00fc Meclis\u2019teki yemin t\u00f6renine kat\u0131l\u0131r\u0131z. Meclis\u2019i ilelebet protesto gibi bir karar\u0131m\u0131z yoktur. Biz sorun yaratmak i\u00e7in de\u011fil, \u00e7\u00f6z\u00fcm i\u00e7in Meclis\u2019e gitmek istiyoruz. At\u0131lacak ad\u0131mlara g\u00f6re karar\u0131m\u0131z\u0131 yeniden oturup tart\u0131\u015farak g\u00f6zden ge\u00e7irebiliriz.&#8221;<\/p>\n<p style=\"text-align: justify;\"><strong>\u0130MRALI\u2019DAN GELECEK MESAJ \u00d6NEML\u0130<\/strong><\/p>\n<p style=\"text-align: justify;\">Demirta\u015f, bug\u00fcn \u0130mral\u0131\u2019da avukatlar\u0131 ile g\u00f6r\u00fc\u015fen Abdullah \u00d6calan\u2019dan gelecek mesajlar\u0131n da kendileri i\u00e7in \u00f6nemli oldu\u011funu ifade ederek, &#8220;\u0130mral\u0131\u2019dan olumlu bir mesaj gelirse, \u00e7\u00f6z\u00fcm i\u00e7in mesafe kaydedildi\u011fi anlam\u0131na gelir ve tekrar bir araya gelerek durum de\u011ferlendirmesi yapabiliriz&#8221; dedi.<\/p>\n<p style=\"text-align: justify;\"><strong>D\u0130\u011eER TUTUKLU VEK\u0130LLER\u0130N DURUMU<\/strong><\/p>\n<p style=\"text-align: justify;\">Selahattin Demirta\u015f, Hatip Dicle d\u0131\u015f\u0131nda tutuklu olan 5 milletvekiliyle ilgili mahkemelerin verece\u011fi kararlar\u0131n da, alacaklar\u0131 kararlarda etkili olaca\u011f\u0131n\u0131 belirterek, &#8220;Biz mahkemelerden arkada\u015flar\u0131m\u0131z\u0131n serbest b\u0131rak\u0131lmalar\u0131n\u0131 istiyoruz. E\u011fer aksi bir durum olarsa o zaman mahkemelerin AK Parti\u2019nin emrinde \u00e7al\u0131\u015ft\u0131klar\u0131 ortaya \u00e7\u0131kacakt\u0131r&#8221; diye konu\u015ftu. Demirta\u015f, krizin \u00e7\u0131kt\u0131\u011f\u0131 g\u00fcnden bug\u00fcne kadar h\u00fck\u00fcmetle bir temaslar\u0131n\u0131n olmad\u0131\u011f\u0131n\u0131 s\u00f6zlerine ekledi.<\/p>\n<p style=\"text-align: justify;\"><a href=\"http:\/\/www.radikal.com.tr\/Radikal.aspx?aType=RadikalDetayV3&amp;ArticleID=1053967&amp;Date=24.06.2011&amp;CategoryID=78\" target=\"_blank\">Kaynak : Radikal<\/a><\/p>\n","protected":false},"excerpt":{"rendered":"<p style=\"text-align: center;\">\n<p style=\"text-align: justify;\">Aysel Tu\u011fluk, ba\u011f\u0131ms\u0131z vekillerin TBMM&#8217;ye girmeme karar\u0131yla ilgili olarak &#8216;Bu konuda Abdullah \u00d6calan&#8217;\u0131n s\u00f6yleyecekleri \u00f6nemli&#8217; dedi.<\/p>\n<p style=\"text-align: justify;\">\u0130STANBUL &#8211; TESEV taraf\u0131ndan d\u00fczenlenen Ge\u00e7i\u015f S\u00fcrecinde T\u00fcrkiye Konferans\u0131\u2019na kat\u0131lan kat\u0131lan Aysel Tu\u011fluk, YSK\u2019n\u0131n Hatip Dicle karar\u0131n\u0131 de\u011ferlendirdi. <\/p>\n","protected":false},"author":1,"featured_media":0,"comment_status":"open","ping_status":"closed","sticky":false,"template":"","format":"standard","meta":{"footnotes":""},"categories":[105],"tags":[],"class_list":["post-35087","post","type-post","status-publish","format-standard","hentry","category-gundem","odd"],"_links":{"self":[{"href":"http:\/\/www.korhanyilmaz.com\/index.php?rest_route=\/wp\/v2\/posts\/35087","targetHints":{"allow":["GET"]}}],"collection":[{"href":"http:\/\/www.korhanyilmaz.com\/index.php?rest_route=\/wp\/v2\/posts"}],"about":[{"href":"http:\/\/www.korhanyilmaz.com\/index.php?rest_route=\/wp\/v2\/types\/post"}],"author":[{"embeddable":true,"href":"http:\/\/www.korhanyilmaz.com\/index.php?rest_route=\/wp\/v2\/users\/1"}],"replies":[{"embeddable":true,"href":"http:\/\/www.korhanyilmaz.com\/index.php?rest_route=%2Fwp%2Fv2%2Fcomments&post=35087"}],"version-history":[{"count":0,"href":"http:\/\/www.korhanyilmaz.com\/index.php?rest_route=\/wp\/v2\/posts\/35087\/revisions"}],"wp:attachment":[{"href":"http:\/\/www.korhanyilmaz.com\/index.php?rest_route=%2Fwp%2Fv2%2Fmedia&parent=35087"}],"wp:term":[{"taxonomy":"category","embeddable":true,"href":"http:\/\/www.korhanyilmaz.com\/index.php?rest_route=%2Fwp%2Fv2%2Fcategories&post=35087"},{"taxonomy":"post_tag","embeddable":true,"href":"http:\/\/www.korhanyilmaz.com\/index.php?rest_route=%2Fwp%2Fv2%2Ftags&post=35087"}],"curies":[{"name":"wp","href":"https:\/\/api.w.org\/{rel}","templated":true}]}}