{"id":35082,"date":"2011-06-24T22:39:34","date_gmt":"2011-06-24T19:39:34","guid":{"rendered":"http:\/\/www.korhanyilmaz.com\/?p=35082"},"modified":"2011-07-10T22:56:05","modified_gmt":"2011-07-10T19:56:05","slug":"engin-alanin-tahliye-istemi-reddedildi","status":"publish","type":"post","link":"http:\/\/www.korhanyilmaz.com\/?p=35082","title":{"rendered":"Engin Alan&#8217;\u0131n tahliye istemi reddedildi"},"content":{"rendered":"<p style=\"text-align: center;\"><a href=\"http:\/\/www.korhanyilmaz.com\/wp-content\/uploads\/2011\/06\/227.jpg\"  class=\"lightview\"><img loading=\"lazy\" decoding=\"async\" class=\"aligncenter size-full wp-image-35083\" src=\"http:\/\/www.korhanyilmaz.com\/wp-content\/uploads\/2011\/06\/227.jpg\" alt=\"\" width=\"307\" height=\"236\" \/><\/a><\/p>\n<p style=\"text-align: justify;\">\u0130stanbul 10. A\u011f\u0131r Ceza Mahkemesi, &#8220;Balyoz Plan\u0131&#8221; davas\u0131 kapsam\u0131nda tutuklu olarak yarg\u0131lan\u0131rken MHP&#8217;den \u0130stanbul milletvekili se\u00e7ilen emekli Korgeneral Engin Alan&#8217;\u0131n tahliye istemini reddetti.<\/p>\n<p style=\"text-align: justify;\">&#8220;Balyoz Plan\u0131&#8221; davas\u0131 kapsam\u0131nda tutuklu olarak yarg\u0131lan\u0131rken MHP&#8217;den \u0130stanbul Milletvekili se\u00e7ilen emekli Korgeneral Engin Alan&#8217;\u0131n tahliye talebi, mahkeme heyetince oy birli\u011fiyle reddedildi. <!--more--><\/p>\n<p style=\"text-align: justify;\">\u0130stanbul 10. A\u011f\u0131r Ceza Mahkemesindeki duru\u015fmada, Mahkeme Heyeti Ba\u015fkan\u0131 \u00d6mer Diken, MHP&#8217;den milletvekili se\u00e7ilen emekli Korgeneral Alan&#8217;\u0131n avukatlar\u0131 taraf\u0131ndan yap\u0131lan tahliye talebine ili\u015fkin ald\u0131klar\u0131 karar\u0131 a\u00e7\u0131klad\u0131.<\/p>\n<p style=\"text-align: justify;\">Mahkeme heyeti, Anayasa&#8217;n\u0131n 83. maddesinin yasama dokunulmazl\u0131\u011f\u0131n\u0131 d\u00fczenledi\u011fini belirterek, karar\u0131nda bu maddenin 2. f\u0131kras\u0131na yer verdi.<\/p>\n<p style=\"text-align: justify;\">Yine Anayasa&#8217;n\u0131n 14. maddesini de karar\u0131nda belirten mahkeme heyeti, &#8220;\u0130ddianamede san\u0131\u011fa isnat edilen 765 say\u0131l\u0131 TCK&#8217;n\u0131n 147. (5237 Say\u0131l\u0131 T\u00fcrk Ceza Kanunu&#8217;nun 312.) maddesinde yaz\u0131l\u0131 su\u00e7un niteli\u011fi itibar\u0131yla Anayasa&#8217;n\u0131n 14. maddesi kapsam\u0131nda kalmas\u0131, Anayasa&#8217;n\u0131n 83\/2. maddesinin 2. c\u00fcmlesine g\u00f6re yasama dokunulmazl\u0131\u011f\u0131 d\u0131\u015f\u0131nda olmas\u0131&#8221; nedeniyle san\u0131k hakk\u0131nda yarg\u0131laman\u0131n durdurulmas\u0131na ve milletvekili se\u00e7ilmesine dayal\u0131 olarak tahliyesine yer olmad\u0131\u011f\u0131na karar verdi.<\/p>\n<p style=\"text-align: justify;\">Alan hakk\u0131ndaki bu karar\u0131 oy birli\u011fiyle alan mahkeme heyeti, san\u0131\u011f\u0131n yarg\u0131lanmas\u0131na devam edilece\u011fine dair TBMM Ba\u015fkanl\u0131\u011f\u0131na yaz\u0131 yaz\u0131lmas\u0131na da h\u00fckmetti.<\/p>\n<p style=\"text-align: justify;\">Mahkeme ara karar\u0131n\u0131 a\u00e7\u0131klamadan \u00f6nce duru\u015fmay\u0131 izlemeye gelen san\u0131k yak\u0131nlar\u0131 salonu terk ederken, karar okunduktan sonra tekrar i\u00e7eriye girdiler.<\/p>\n<p style=\"text-align: justify;\">Karar\u0131n ard\u0131ndan Engin Alan&#8217;\u0131 desteklemek amac\u0131yla gelen bir grup da bozkurt i\u015fareti yaparak tekbir getirdi ve &#8220;Bozkurt Alan&#8221; \u015feklinde slogan att\u0131.<\/p>\n<p style=\"text-align: justify;\">Gruptakiler, san\u0131klarla birlikte Ho\u015f Geli\u015fler Ola ve 10. Y\u0131l mar\u015flar\u0131n\u0131 s\u00f6ylediler. Daha sonra gruptan baz\u0131lar\u0131, &#8220;Pa\u015fa, alaca\u011f\u0131z seni oradan&#8221; diye seslendi.<\/p>\n<p style=\"text-align: justify;\">Engin Alan da iki eliyle bozkurt i\u015fareti yaparak gruptakilere kar\u015f\u0131l\u0131k verdi.<\/p>\n<p style=\"text-align: justify;\"><strong>MHP&#8217;den karara tepki<\/strong><\/p>\n<p style=\"text-align: justify;\">MHP Genel Ba\u015fkan\u0131 Devlet Bah\u00e7eli, se\u00e7ilmi\u015f milletvekillerinin tahliye edilmemesiyle ilgili yarg\u0131 kararlar\u0131 hakk\u0131nda, &#8220;Burada en b\u00fcy\u00fck g\u00f6rev ve sorumluluk, Meclis \u00e7o\u011funlu\u011fu nedeniyle Ba\u015fbakan&#8217;a ve AKP&#8217;ye d\u00fc\u015fmektedir. Ba\u015fbakan&#8217;\u0131 bu konuda sorumlu davranmaya ve gerekli giri\u015fimleri ba\u015flatmaya davet ediyorum&#8221; dedi.<\/p>\n<p style=\"text-align: justify;\">Bah\u00e7eli, yapt\u0131\u011f\u0131 yaz\u0131l\u0131 a\u00e7\u0131klamada, &#8220;12 Haziran 2011 se\u00e7imlerinde milletvekili se\u00e7ilen Mehmet Haberal, Mustafa Balbay ve Engin Alan&#8217;\u0131n tahliye taleplerini reddeden mahkeme kararlar\u0131n\u0131n, milli iradeye sayg\u0131, T\u00fcrk demokrasisi, hukuk devleti ve yarg\u0131 ba\u011f\u0131ms\u0131zl\u0131\u011f\u0131 a\u00e7\u0131s\u0131ndan esef verici bir durum oldu\u011funu&#8221; savundu.<\/p>\n<p style=\"text-align: justify;\">A\u00e7\u0131klamas\u0131nda, &#8220;AKP iktidar\u0131n\u0131n vesayeti alt\u0131nda siyasalla\u015fan g\u00fcd\u00fcml\u00fc yarg\u0131n\u0131n hazin bir \u00f6rne\u011fi olan bu kararla, egemenli\u011fini yegane kayna\u011f\u0131 olan milli iradeye, demokrasiye ve T\u00fcrkiye B\u00fcy\u00fck Millet Meclisi&#8217;ne meydan okunmu\u015ftur&#8221; ifadelerine yer veren Bah\u00e7eli, &#8220;T\u00fcrkiye, milli iradeyi hi\u00e7e sayan, tan\u0131mad\u0131\u011f\u0131n\u0131 ilan eden hukuk d\u0131\u015f\u0131 bir yarg\u0131 m\u00fcdahalesiyle kar\u015f\u0131 kar\u015f\u0131yad\u0131r&#8221; dedi.<\/p>\n<p style=\"text-align: justify;\">&#8220;Adalete olan g\u00fcven duygusunun \u00e7ok a\u011f\u0131r yara ald\u0131\u011f\u0131n\u0131&#8221; iddia eden Bah\u00e7eli, \u015funlar\u0131 kaydetti:<\/p>\n<p style=\"text-align: justify;\">&#8220;Milli irade gasp\u0131 olan bu kararla yarg\u0131 krizi, demokrasi krizine ve siyasi krize d\u00f6n\u00fc\u015fm\u00fc\u015ft\u00fcr. Bu vahim durum kar\u015f\u0131s\u0131nda Say\u0131n Cumhurba\u015fkan\u0131&#8217;n\u0131n, Ba\u015fbakan ve AKP y\u00f6neticilerinin sessiz, suskun ve tepkisiz kalmalar\u0131, ileri demokrasi anlay\u0131\u015flar\u0131n\u0131n ne oldu\u011funun hazin bir g\u00f6stergesidir. Bug\u00fcn ya\u015fanan krizin hukuki s\u00fcre\u00e7ler i\u00e7inde a\u015f\u0131lamamas\u0131 halinde siyaset kurumu bu duruma m\u00fcdahale etmek zorundad\u0131r.<\/p>\n<p style=\"text-align: justify;\">Bunun i\u00e7in yap\u0131lmas\u0131 gereken, mahkemelerin keyfi yorum ve tasarruflar\u0131n\u0131n \u00f6n\u00fcne ge\u00e7mek i\u00e7in gerekli yasal d\u00fczenlemelerin TBMM&#8217;nin \u00f6ncelikli konusu olarak biran \u00f6nce hayata ge\u00e7irilmesidir. Burada en b\u00fcy\u00fck g\u00f6rev ve sorumluluk, Meclis \u00e7o\u011funlu\u011fu nedeniyle Ba\u015fbakan&#8217;a ve AKP&#8217;ye d\u00fc\u015fmektedir. Ba\u015fbakan&#8217;\u0131 bu konuda sorumlu davranmaya ve gerekli giri\u015fimleri ba\u015flatmaya davet ediyorum.&#8221;<\/p>\n<p style=\"text-align: justify;\"><a href=\"http:\/\/www.cnnturk.com\/2011\/turkiye\/06\/24\/engin.alanin.tahliye.istemi.reddedildi\/621195.0\/index.html\" target=\"_blank\">Kaynak : CNN T\u00dcRK<\/a><\/p>\n","protected":false},"excerpt":{"rendered":"<p style=\"text-align: center;\">\n<p style=\"text-align: justify;\">\u0130stanbul 10. A\u011f\u0131r Ceza Mahkemesi, &#8220;Balyoz Plan\u0131&#8221; davas\u0131 kapsam\u0131nda tutuklu olarak yarg\u0131lan\u0131rken MHP&#8217;den \u0130stanbul milletvekili se\u00e7ilen emekli Korgeneral Engin Alan&#8217;\u0131n tahliye istemini reddetti.<\/p>\n<p style=\"text-align: justify;\">&#8220;Balyoz Plan\u0131&#8221; davas\u0131 kapsam\u0131nda tutuklu olarak yarg\u0131lan\u0131rken MHP&#8217;den \u0130stanbul Milletvekili se\u00e7ilen emekli Korgeneral Engin Alan&#8217;\u0131n tahliye talebi, mahkeme heyetince oy birli\u011fiyle reddedildi. <\/p>\n","protected":false},"author":1,"featured_media":0,"comment_status":"open","ping_status":"closed","sticky":false,"template":"","format":"standard","meta":{"footnotes":""},"categories":[105],"tags":[],"class_list":["post-35082","post","type-post","status-publish","format-standard","hentry","category-gundem","odd"],"_links":{"self":[{"href":"http:\/\/www.korhanyilmaz.com\/index.php?rest_route=\/wp\/v2\/posts\/35082","targetHints":{"allow":["GET"]}}],"collection":[{"href":"http:\/\/www.korhanyilmaz.com\/index.php?rest_route=\/wp\/v2\/posts"}],"about":[{"href":"http:\/\/www.korhanyilmaz.com\/index.php?rest_route=\/wp\/v2\/types\/post"}],"author":[{"embeddable":true,"href":"http:\/\/www.korhanyilmaz.com\/index.php?rest_route=\/wp\/v2\/users\/1"}],"replies":[{"embeddable":true,"href":"http:\/\/www.korhanyilmaz.com\/index.php?rest_route=%2Fwp%2Fv2%2Fcomments&post=35082"}],"version-history":[{"count":0,"href":"http:\/\/www.korhanyilmaz.com\/index.php?rest_route=\/wp\/v2\/posts\/35082\/revisions"}],"wp:attachment":[{"href":"http:\/\/www.korhanyilmaz.com\/index.php?rest_route=%2Fwp%2Fv2%2Fmedia&parent=35082"}],"wp:term":[{"taxonomy":"category","embeddable":true,"href":"http:\/\/www.korhanyilmaz.com\/index.php?rest_route=%2Fwp%2Fv2%2Fcategories&post=35082"},{"taxonomy":"post_tag","embeddable":true,"href":"http:\/\/www.korhanyilmaz.com\/index.php?rest_route=%2Fwp%2Fv2%2Ftags&post=35082"}],"curies":[{"name":"wp","href":"https:\/\/api.w.org\/{rel}","templated":true}]}}