{"id":35066,"date":"2011-06-23T22:13:24","date_gmt":"2011-06-23T19:13:24","guid":{"rendered":"http:\/\/www.korhanyilmaz.com\/?p=35066"},"modified":"2011-07-10T23:37:36","modified_gmt":"2011-07-10T20:37:36","slug":"meclis%e2%80%99i-terk-etmedik-sadece-girmiyoruz","status":"publish","type":"post","link":"http:\/\/www.korhanyilmaz.com\/?p=35066","title":{"rendered":"&#8216;Meclis\u2019i terk etmedik, sadece girmiyoruz&#8217;"},"content":{"rendered":"<p style=\"text-align: center;\"><a href=\"http:\/\/www.korhanyilmaz.com\/wp-content\/uploads\/2011\/06\/223.jpg\"  class=\"lightview\"><img loading=\"lazy\" decoding=\"async\" class=\"aligncenter size-full wp-image-35067\" src=\"http:\/\/www.korhanyilmaz.com\/wp-content\/uploads\/2011\/06\/223.jpg\" alt=\"\" width=\"298\" height=\"171\" \/><\/a><\/p>\n<p style=\"text-align: justify;\">&#8216;Biz Meclis&#8217;i terk etmedik, biz Meclis&#8217;e girmiyoruz&#8217; diyen Ertu\u011frul K\u00fcrk\u00e7\u00fc ile &#8216;AKP \u00f6nce h\u0131rs\u0131zl\u0131k mal\u0131 olan milletvekilli\u011fini iade edecek&#8221; diyen Altan Tan NTV&#8217;ye konu\u015ftu.<\/p>\n<p style=\"text-align: justify;\">&#8216;Biz Meclis&#8217;i terk etmedik, biz Meclis&#8217;e girmiyoruz&#8217; diyen Ertu\u011frul K\u00fcrk\u00e7\u00fc ile &#8216;AKP \u00f6nce h\u0131rs\u0131zl\u0131k mal\u0131 olan milletvekilli\u011fini iade edecek&#8221; diyen Altan Tan NTV&#8217;ye konu\u015ftu.<!--more--><\/p>\n<p style=\"text-align: justify;\">K\u00fcrk\u00e7\u00fc\u2019nin Diyarbak\u0131r\u2019dan NTV mikrofonlar\u0131na yapt\u0131\u011f\u0131 a\u00e7\u0131klamalar \u015f\u00f6yle:<\/p>\n<p style=\"text-align: justify;\"><strong>Meclis\u2019e girmemek son \u00e7are miydi?<\/strong><\/p>\n<p style=\"text-align: justify;\">\u2014 &#8220;Ba\u015fka \u00e7areler de var. \u015eu an Meclis\u2019in kap\u0131s\u0131nda duruyoruz, ister gireriz ister girmeyiz. Dolay\u0131s\u0131yla, bu duruma ba\u011fl\u0131 olarak de\u011fi\u015febilecek bir pozisyon. Ama ko\u015fullar olumlu y\u00f6nde seyretmezse ba\u015fka \u00e7areler de d\u00fc\u015f\u00fcnebiliriz. Siyasetin biricik yolu al\u0131nan bu kararlar\u0131 kabul etmek de\u011fildir. Olan bitene ses \u00e7\u0131karmadan, bununla ilgili a\u00e7\u0131k ve net bir tutum almadan, se\u00e7menlere kar\u015f\u0131 sorumlulu\u011fumuzu yerine getirmi\u015f say\u0131lmay\u0131z.<\/p>\n<p style=\"text-align: justify;\">Hatip Dicle\u2019ye oy veren 80 bin se\u00e7menin oyu hi\u00e7 say\u0131lm\u0131\u015f ve onun 4\u2019te 1\u2019i oy alm\u0131\u015f birisi Meclis\u2019e g\u00f6nderilmi\u015f durumda. Ortada somut bir ad\u0131m da yok. B\u00fclent Ar\u0131n\u00e7\u2019\u0131n a\u00e7\u0131klamas\u0131 \u00e7\u00f6z\u00fcm fikrine yaslan\u0131rken, Bekir Bozda\u011f\u2019\u0131nki stat\u00fckonun muhafazas\u0131 fikrine yaslan\u0131yor. Bu AKP\u2019nin bir koalisyon oldu\u011fu konusundaki fikrimizi de do\u011fruluyor. Bu koalisyonu Bozda\u011f taraf\u0131ndan dillendirilen kesimin bir \u00e7\u00f6z\u00fcm orta\u011f\u0131 olamaya niyeti olmad\u0131\u011f\u0131n\u0131 g\u00f6r\u00fcyoruz.<\/p>\n<p style=\"text-align: justify;\">Parlamentodaki di\u011fer politik g\u00fc\u00e7lerin hepsi de yarg\u0131 darbesinden nasiplerini alm\u0131\u015f durumda. Tek ma\u011fdur olmayan AKP, di\u011ferleri ise ma\u011fdur. Bunun muhasebesini AKP ve di\u011fer partiler yapacakt\u0131r. Bu hamur daha \u00e7ok su kald\u0131r\u0131r.&#8221;<\/p>\n<p style=\"text-align: justify;\"><strong>\u2014 Hangi somut ad\u0131m sizi karar\u0131n\u0131zdan d\u00f6nd\u00fcr\u00fcr?<\/strong><\/p>\n<p style=\"text-align: justify;\">&#8220;Bunlar\u0131n ne oldu\u011funu tam olarak bilemem ama \u015funu s\u00f6yleyebilirim. \u00d6zg\u00fcrl\u00fck\u00e7\u00fc ve kat\u0131l\u0131mc\u0131 bir yorum ile yasalar\u0131n ve anayasan\u0131n de\u011fi\u015fikli\u011fe tabi tutulaca\u011f\u0131na dair a\u00e7\u0131k bir taahh\u00fcd\u00fc, bununla birlikte bizimle yap\u0131lacak olan m\u00fczakere ve bize y\u00f6nelik hitap ile g\u00fcvencelerin ortaya konaca\u011f\u0131na dair somut g\u00f6stergeler. Bunlar\u0131n olmas\u0131 halinde d\u00fc\u015f\u00fcnme s\u00fcreci \u015fler. Ancak Bozda\u011f\u2019\u0131n yan\u0131t\u0131 \u00fczerinden hi\u00e7bir \u015fey i\u015flemez.&#8221;<\/p>\n<p style=\"text-align: justify;\"><strong>\u2014 Mustafa Balbay ve Mehmet Haberal\u2019\u0131n tahliye talepleri reddedildi. KCK tutuklular\u0131 i\u00e7in de bu durum s\u00f6z konusu olabilir. Ayr\u0131ca Engin Alan \u00fczerinden MHP i\u00e7in ayn\u0131 konu g\u00fcndemde. Bu durumda o partilerle i\u015fbirli\u011fi olabilir mi?<\/strong><\/p>\n<p style=\"text-align: justify;\">&#8220;Mutlaka i\u015fbirl\u011fi olmas\u0131 gerekmez. Ama bu kararlar kar\u015f\u0131s\u0131nda hepimizin ayn\u0131 hat \u00fczerinde durdu\u011fu ortada. MHP milletvekilleri , Hatip Dicle karar\u0131n\u0131n ard\u0131ndan \u2018\u015feriat\u0131n kesti\u011fi parmak ac\u0131maz\u2019 \u015feklinde a\u00e7\u0131klamalarda bulundular. Engin Alan i\u00e7in ne diyeceklerini merak ediyorum.<\/p>\n<p style=\"text-align: justify;\">Ben bu \u00e7er\u00e7evede mevzuat\u0131n \u00f6zg\u00fcrl\u00fck\u00e7\u00fc ve kat\u0131l\u0131mc\u0131 bi\u00e7imde geni\u015fletilmesi ve K\u00fcrt sorununun \u00e7\u00f6z\u00fcm\u00fcne imkan verecek \u015fekilde, muhataplar\u0131n Meclis\u2019e girebilmesine olanak sa\u011flanmas\u0131 bak\u0131m\u0131nda t\u00fcm partilerle g\u00f6r\u00fc\u015f\u00fclebilece\u011fini s\u00f6yleyebilirim.&#8221;<\/p>\n<p style=\"text-align: justify;\"><strong>\u2014 Ba\u011f\u0131ms\u0131zlar bug\u00fcn buradayd\u0131 ve bir k\u0131sm\u0131 ayr\u0131ld\u0131. Yar\u0131ndan itibaren ne olacak?<\/strong><\/p>\n<p style=\"text-align: justify;\">&#8220;Ald\u0131m\u0131z kararlar var. Bunlar\u0131 se\u00e7menlerle payla\u015faca\u011f\u0131z. Miellete yak\u0131n olup, kararlar\u0131 ve bunlar\u0131n gerek\u00e7elerini anlataca\u011f\u0131z. Onlar\u0131n g\u00f6r\u00fc\u015flerini dinleyece\u011fiz. Ve halk\u0131 bu kararlar kar\u015f\u0131s\u0131nda kendisini ifade etmeye davet edece\u011fiz. Bundan sonra ele\u015ftiri g\u00f6revimizi fiilen her yerde s\u00fcrd\u00fcrece\u011fiz.<\/p>\n<p style=\"text-align: justify;\">Biz parlamentoyu terk etmi\u015f de\u011filiz, biz parlamentoya girmedik; ikisi birbirinden farkl\u0131 \u015feyler. Kendi vekaletimizi \u00e7ar\u00e7abuk terk etmeye de o kadar hevesli de\u011filiz. Ama a\u00e7\u0131k ve net herhangi bir ilerleme olmad\u0131k\u00e7a, \u00f6yle g\u00f6r\u00fcn\u00fcyor ki Meclis bizim i\u00e7in \u00e7\u00f6z\u00fcm ve bar\u0131\u015f Meclis\u2019i olmayacak.&#8221;<\/p>\n<p style=\"text-align: justify;\"><a href=\"http:\/\/www.ntvmsnbc.com\/id\/25226166\/\" target=\"_blank\">Kaynak : NTVMSNBC<\/a><\/p>\n","protected":false},"excerpt":{"rendered":"<p style=\"text-align: center;\">\n<p style=\"text-align: justify;\">&#8216;Biz Meclis&#8217;i terk etmedik, biz Meclis&#8217;e girmiyoruz&#8217; diyen Ertu\u011frul K\u00fcrk\u00e7\u00fc ile &#8216;AKP \u00f6nce h\u0131rs\u0131zl\u0131k mal\u0131 olan milletvekilli\u011fini iade edecek&#8221; diyen Altan Tan NTV&#8217;ye konu\u015ftu.<\/p>\n<p style=\"text-align: justify;\">&#8216;Biz Meclis&#8217;i terk etmedik, biz Meclis&#8217;e girmiyoruz&#8217; diyen Ertu\u011frul K\u00fcrk\u00e7\u00fc ile &#8216;AKP \u00f6nce h\u0131rs\u0131zl\u0131k mal\u0131 olan milletvekilli\u011fini iade edecek&#8221; diyen Altan Tan NTV&#8217;ye konu\u015ftu.<\/p>\n","protected":false},"author":1,"featured_media":0,"comment_status":"open","ping_status":"closed","sticky":false,"template":"","format":"standard","meta":{"footnotes":""},"categories":[105],"tags":[],"class_list":["post-35066","post","type-post","status-publish","format-standard","hentry","category-gundem","odd"],"_links":{"self":[{"href":"http:\/\/www.korhanyilmaz.com\/index.php?rest_route=\/wp\/v2\/posts\/35066","targetHints":{"allow":["GET"]}}],"collection":[{"href":"http:\/\/www.korhanyilmaz.com\/index.php?rest_route=\/wp\/v2\/posts"}],"about":[{"href":"http:\/\/www.korhanyilmaz.com\/index.php?rest_route=\/wp\/v2\/types\/post"}],"author":[{"embeddable":true,"href":"http:\/\/www.korhanyilmaz.com\/index.php?rest_route=\/wp\/v2\/users\/1"}],"replies":[{"embeddable":true,"href":"http:\/\/www.korhanyilmaz.com\/index.php?rest_route=%2Fwp%2Fv2%2Fcomments&post=35066"}],"version-history":[{"count":0,"href":"http:\/\/www.korhanyilmaz.com\/index.php?rest_route=\/wp\/v2\/posts\/35066\/revisions"}],"wp:attachment":[{"href":"http:\/\/www.korhanyilmaz.com\/index.php?rest_route=%2Fwp%2Fv2%2Fmedia&parent=35066"}],"wp:term":[{"taxonomy":"category","embeddable":true,"href":"http:\/\/www.korhanyilmaz.com\/index.php?rest_route=%2Fwp%2Fv2%2Fcategories&post=35066"},{"taxonomy":"post_tag","embeddable":true,"href":"http:\/\/www.korhanyilmaz.com\/index.php?rest_route=%2Fwp%2Fv2%2Ftags&post=35066"}],"curies":[{"name":"wp","href":"https:\/\/api.w.org\/{rel}","templated":true}]}}