{"id":35061,"date":"2011-06-23T16:58:01","date_gmt":"2011-06-23T13:58:01","guid":{"rendered":"http:\/\/www.korhanyilmaz.com\/?p=35061"},"modified":"2011-07-10T23:38:05","modified_gmt":"2011-07-10T20:38:05","slug":"yok-sorusturma-talebini-reddetti","status":"publish","type":"post","link":"http:\/\/www.korhanyilmaz.com\/?p=35061","title":{"rendered":"Y\u00d6K soru\u015fturma talebini reddetti"},"content":{"rendered":"<div id=\"attachment_35062\" style=\"width: 332px\" class=\"wp-caption aligncenter\"><a href=\"http:\/\/www.korhanyilmaz.com\/wp-content\/uploads\/2011\/06\/222.jpg\"  class=\"lightview\"><img loading=\"lazy\" decoding=\"async\" aria-describedby=\"caption-attachment-35062\" class=\"size-full wp-image-35062 \" src=\"http:\/\/www.korhanyilmaz.com\/wp-content\/uploads\/2011\/06\/222.jpg\" alt=\"\" width=\"322\" height=\"241\" \/><\/a><p id=\"caption-attachment-35062\" class=\"wp-caption-text\">\u00d6SYM Ba\u015fkan\u0131 Prof. Dr. Ali Demir<\/p><\/div>\n<p style=\"text-align: justify;\">Y\u00d6K Genel Kurulu, Ankara Cumhuriyet Ba\u015fsavc\u0131l\u0131\u011f\u0131 taraf\u0131ndan, \u00d6SYM Ba\u015fkan\u0131 Prof. Dr. Ali Demir ve baz\u0131 \u00d6SYM \u00e7al\u0131\u015fanlar\u0131 hakk\u0131nda talep edilen soru\u015fturma izni talebini reddetti.<\/p>\n<p style=\"text-align: justify;\">Ankara- Y\u00d6K Genel Kurulu Prof. Dr. Yusuf Ziya \u00d6zcan ba\u015fkanl\u0131\u011f\u0131ndaki topland\u0131. \u00d6SYM Ba\u015fkan\u0131 Demir ve baz\u0131 \u00d6SYM \u00e7al\u0131\u015fanlar\u0131yla ilgili YGS&#8217;deki \u015fifre iddialar\u0131 konusunda Ankara Cumhuriyet Ba\u015fsavc\u0131l\u0131\u011f\u0131 taraf\u0131ndan soru\u015fturma izni talebinin g\u00f6r\u00fc\u015f\u00fcld\u00fc\u011f\u00fc toplant\u0131da, konuya ili\u015fkin yaz\u0131l\u0131 bir a\u00e7\u0131klama yap\u0131ld\u0131. <!--more--><\/p>\n<p style=\"text-align: justify;\">A\u00e7\u0131klamada, 2011 YGS haz\u0131rl\u0131k ve uygulama s\u00fcrecinde ile kusurlu tutum ve davran\u0131\u015flar, g\u00f6revin ifas\u0131nda ihmal ve gecikmelerin cezai sorumluluk durumu ile \u015f\u00fcphelilerin hukuki stat\u00fclerinin belirlenmesi konular\u0131n\u0131n ayr\u0131nt\u0131l\u0131 olarak a\u00e7\u0131kland\u0131. Bas\u0131na &#8220;\u015fifre&#8221; diye yans\u0131yan uygulaman\u0131n ortaya \u00e7\u0131kmas\u0131na; kullan\u0131lan yaz\u0131l\u0131m program\u0131n\u0131n yetersizli\u011fi, \u00d6SYM TAB g\u00f6revlilerinin ve METEKSAN \u00e7al\u0131\u015fanlar\u0131n\u0131n program\u0131n kullan\u0131m\u0131 konusunda hen\u00fcz yeterli bilgi ve donan\u0131ma sahip olmamas\u0131, bu s\u00fcre\u00e7te yap\u0131lmas\u0131 gerekli denetimlerin gere\u011fi gibi yap\u0131lmam\u0131\u015f olmas\u0131n\u0131n yol a\u00e7t\u0131\u011f\u0131 belirtilen a\u00e7\u0131klamada, ancak olayda kast olmad\u0131\u011f\u0131 i\u00e7in, TCK 257&#8217;nci maddede d\u00fczenlenen &#8220;g\u00f6revi k\u00f6t\u00fcye kullanma&#8221; su\u00e7unun da ger\u00e7ekle\u015fmedi\u011fi belirtildi. Yine, olayda su\u00e7 unsuru te\u015fkil edecek, &#8220;herhangi bir kamu zarar\u0131&#8221;n\u0131n ve &#8220;ki\u015filere haks\u0131z bir kazan\u00e7 sa\u011flama&#8221;n\u0131n meydana gelmedi\u011fi kaydedilen a\u00e7\u0131klamada, &#8220;S\u0131nava kat\u0131lanlara s\u00fcbjektif \u00e7\u0131karlar sa\u011flama ve s\u0131nav sonucunu etkileyecek ba\u015fkaca bir usuls\u00fczl\u00fc\u011f\u00fcn tespit edilememesi kar\u015f\u0131s\u0131nda TCK 257&#8217;nci madde anlam\u0131nda bireysel haklar\u0131n ihlaline yol a\u00e7\u0131c\u0131 bir sonucun varl\u0131\u011f\u0131ndan da s\u00f6z edilmesine olanak bulunmamaktad\u0131r&#8221; denildi.<\/p>\n<p style=\"text-align: justify;\">A\u00e7\u0131klamada, \u00d6SYM Ba\u015fkan\u0131 Prof. Dr Ali Demir&#8217;in &#8220;g\u00f6rev gereklerini yerine getirmede ihmal ve gecikmelerde bulundu\u011fu&#8221; belirtilirken ancak bu eylem ve davran\u0131\u015flar\u0131n 5237 say\u0131l\u0131 T\u00fcrk Ceza Kanununun 257&#8217;inci maddesinde yer verilen &#8220;ki\u015filerin ma\u011fduriyeti, kamunun zarar\u0131na neden olunmas\u0131 veya ki\u015filere haks\u0131z kazan\u00e7 sa\u011flama&#8221; sonu\u00e7lar\u0131ndan birine yol a\u00e7mad\u0131\u011f\u0131 gerek\u00e7esiyle, &#8220;\u00d6SYM Ba\u015fkan\u0131 Prof. Dr. Ali Demir ile di\u011fer personelin kusurlu davran\u0131\u015flar\u0131 ve g\u00f6rev gereklerine ayk\u0131r\u0131 hareket etmelerinin disiplin hukuku a\u00e7\u0131s\u0131ndan yetkili makamlarca de\u011ferlendirilmesi gerekti\u011fine&#8221; karar verildi\u011fi ifade edildi.<\/p>\n<p style=\"text-align: justify;\">A\u00e7\u0131klamada, &#8220;Sonu\u00e7 olarak, yukar\u0131da \u00f6zetlenen \u00f6n inceleme komisyonunun raporu Y\u00fcksek\u00f6\u011fretim Genel Kurulu taraf\u0131ndan g\u00f6r\u00fc\u015f\u00fclm\u00fc\u015f; s\u00f6zkonusu raporda \u00f6nerilen cezai sorumlulu\u011fun (g\u00f6revin k\u00f6t\u00fcye kullan\u0131lmas\u0131) \u015fartlar\u0131 olu\u015fmad\u0131\u011f\u0131ndan Men-i Muhakemesi&#8217;ne oy \u00e7oklu\u011fuyla, disiplin soru\u015fturmas\u0131 a\u00e7\u0131lmas\u0131 y\u00f6n\u00fcndeki talebin ise oy \u00e7oklu\u011fuyla reddine karar verilmi\u015ftir&#8221; denildi.<\/p>\n<p style=\"text-align: justify;\"><a href=\"http:\/\/www.cumhuriyet.com.tr\/?hn=255478\" target=\"_blank\">Kaynak : Cumhuriyet Haber Portal\u0131<\/a><\/p>\n","protected":false},"excerpt":{"rendered":"<p id=\"caption-attachment-35062\" class=\"wp-caption-text\">\u00d6SYM Ba\u015fkan\u0131 Prof. Dr. Ali Demir<\/p>\n<p style=\"text-align: justify;\">Y\u00d6K Genel Kurulu, Ankara Cumhuriyet Ba\u015fsavc\u0131l\u0131\u011f\u0131 taraf\u0131ndan, \u00d6SYM Ba\u015fkan\u0131 Prof. Dr. Ali Demir ve baz\u0131 \u00d6SYM \u00e7al\u0131\u015fanlar\u0131 hakk\u0131nda talep edilen soru\u015fturma izni talebini reddetti.<\/p>\n<p style=\"text-align: justify;\">Ankara- Y\u00d6K Genel Kurulu Prof. Dr. Yusuf Ziya \u00d6zcan ba\u015fkanl\u0131\u011f\u0131ndaki topland\u0131. \u00d6SYM Ba\u015fkan\u0131 Demir ve baz\u0131 \u00d6SYM \u00e7al\u0131\u015fanlar\u0131yla ilgili <\/p>\n","protected":false},"author":1,"featured_media":0,"comment_status":"open","ping_status":"closed","sticky":false,"template":"","format":"standard","meta":{"footnotes":""},"categories":[105],"tags":[],"class_list":["post-35061","post","type-post","status-publish","format-standard","hentry","category-gundem","odd"],"_links":{"self":[{"href":"http:\/\/www.korhanyilmaz.com\/index.php?rest_route=\/wp\/v2\/posts\/35061","targetHints":{"allow":["GET"]}}],"collection":[{"href":"http:\/\/www.korhanyilmaz.com\/index.php?rest_route=\/wp\/v2\/posts"}],"about":[{"href":"http:\/\/www.korhanyilmaz.com\/index.php?rest_route=\/wp\/v2\/types\/post"}],"author":[{"embeddable":true,"href":"http:\/\/www.korhanyilmaz.com\/index.php?rest_route=\/wp\/v2\/users\/1"}],"replies":[{"embeddable":true,"href":"http:\/\/www.korhanyilmaz.com\/index.php?rest_route=%2Fwp%2Fv2%2Fcomments&post=35061"}],"version-history":[{"count":0,"href":"http:\/\/www.korhanyilmaz.com\/index.php?rest_route=\/wp\/v2\/posts\/35061\/revisions"}],"wp:attachment":[{"href":"http:\/\/www.korhanyilmaz.com\/index.php?rest_route=%2Fwp%2Fv2%2Fmedia&parent=35061"}],"wp:term":[{"taxonomy":"category","embeddable":true,"href":"http:\/\/www.korhanyilmaz.com\/index.php?rest_route=%2Fwp%2Fv2%2Fcategories&post=35061"},{"taxonomy":"post_tag","embeddable":true,"href":"http:\/\/www.korhanyilmaz.com\/index.php?rest_route=%2Fwp%2Fv2%2Ftags&post=35061"}],"curies":[{"name":"wp","href":"https:\/\/api.w.org\/{rel}","templated":true}]}}