{"id":35054,"date":"2011-06-23T15:15:32","date_gmt":"2011-06-23T12:15:32","guid":{"rendered":"http:\/\/www.korhanyilmaz.com\/?p=35054"},"modified":"2011-07-10T23:39:24","modified_gmt":"2011-07-10T20:39:24","slug":"balbay-ve-haberala-mahkemeden-ret","status":"publish","type":"post","link":"http:\/\/www.korhanyilmaz.com\/?p=35054","title":{"rendered":"Balbay ve Haberal&#8217;a mahkemeden ret"},"content":{"rendered":"<p style=\"text-align: center;\"><a href=\"http:\/\/www.korhanyilmaz.com\/wp-content\/uploads\/2011\/06\/221.jpg\"  class=\"lightview\"><img loading=\"lazy\" decoding=\"async\" class=\"aligncenter size-full wp-image-35055\" src=\"http:\/\/www.korhanyilmaz.com\/wp-content\/uploads\/2011\/06\/221.jpg\" alt=\"\" width=\"298\" height=\"189\" \/><\/a><\/p>\n<p style=\"text-align: justify;\">Milletvekili mazbatalar\u0131n\u0131 alan &#8220;Ergenekon&#8221; san\u0131klar\u0131 Mustafa Balbay ve Mehmet Haberal&#8217;\u0131n tahliye talepleri oy \u00e7oklu\u011fuyla reddedildi.<\/p>\n<p style=\"text-align: justify;\">\u0130STANBUL &#8211; 12 Haziran\u2019da milletvekili se\u00e7ilen ve mazbatas\u0131n\u0131 alan Ergenekon san\u0131\u011f\u0131 Mehmet Haberal, Mustafa Balbay&#8217;\u0131n tahliyesine ili\u015fkin g\u00f6zler \u0130stanbul Adliyesi&#8217;ndeydi. <!--more--><\/p>\n<p style=\"text-align: justify;\">\u0130stanbul 13. A\u011f\u0131r Ceza Mahkemesi, ikinci &#8221;Ergenekon&#8221; davas\u0131 kapsam\u0131nda tutuklu olarak yarg\u0131land\u0131klar\u0131 s\u0131rada milletvekili se\u00e7ilen Prof. Dr. Mehmet Haberal ile gazeteci-yazar Mustafa Balbay&#8217;\u0131n tahliye taleplerinin reddine karar verdi.<\/p>\n<p style=\"text-align: justify;\">Haberal ve Balbay&#8217;\u0131n avukatlar\u0131n\u0131n yapt\u0131\u011f\u0131 tahliyeye ili\u015fkin ba\u015fvurular, \u0130stanbul 13. A\u011f\u0131r Ceza Mahkemesi taraf\u0131ndan incelendi.<\/p>\n<p style=\"text-align: justify;\">Mahkeme heyeti, oy \u00e7oklu\u011fuyla tahliye taleplerinin reddine karar verdi. Kararda, &#8221;herhangi bir yasal dayana\u011f\u0131 olmayan tahliye taleplerinin reddine&#8221; ifadesi kullan\u0131ld\u0131.<\/p>\n<p style=\"text-align: justify;\">Kararda, dosya kapsam\u0131, san\u0131klara ayr\u0131 ayr\u0131 isnat edilen su\u00e7lamalar ve bunlarla ilgili sevk maddeleri, delillerin tamam\u0131n\u0131n toplanmam\u0131\u015f olmas\u0131, dosyadaki belgeler ve raporlar, at\u0131l\u0131 su\u00e7lar\u0131n i\u015flendi\u011fi konusunda kuvvetli su\u00e7 \u015f\u00fcphe sebeplerinin varl\u0131\u011f\u0131n\u0131n devam etmesi, bu su\u00e7lar\u0131n CMK&#8217;n\u0131n 100\/3. maddesinde say\u0131lan su\u00e7lardan olmas\u0131 ve bir k\u0131s\u0131m san\u0131klar\u0131n savunmalar\u0131n\u0131n al\u0131nmam\u0131\u015f olmamas\u0131 gerek\u00e7eler aras\u0131nda say\u0131ld\u0131.<\/p>\n<p style=\"text-align: justify;\">Bu nedenlerle Haberal ve Balbay&#8217;\u0131n tutukluluk hallerinin devam\u0131na h\u00fckmedildi\u011fi belirtilen kararda, &#8221;herhangi bir yasal dayana\u011f\u0131 olmayan tahliye taleplerinin reddine&#8221; ifadesi kullan\u0131ld\u0131.<\/p>\n<p style=\"text-align: justify;\">Mahkeme heyeti, tutukluluk halinin devam\u0131na ili\u015fkin karar\u0131n bir \u00f6rne\u011finin acilen TBMM&#8217;ye g\u00f6nderilmesini h\u00fckme ba\u011flad\u0131.<\/p>\n<p style=\"text-align: justify;\">S\u00f6z konusu karara Mahkeme Heyeti Ba\u015fkan\u0131 K\u00f6ksal \u015eeng\u00fcn muhalif kald\u0131.<\/p>\n<p style=\"text-align: justify;\"><strong>&#8216;KA\u00c7MA, SAKLANMA VE DEL\u0130LLER\u0130 KARATMA \u0130HT\u0130MALLER\u0130 KALMADI&#8217;<\/strong><\/p>\n<p style=\"text-align: justify;\">\u015eeng\u00fcn, duru\u015fmalarda bir s\u00fcredir bu san\u0131klar\u0131n tahliyesi y\u00f6n\u00fcnde g\u00f6r\u00fc\u015f bildirdi\u011fini hat\u0131rlatarak, TBMM&#8217;ye \u00fcye olarak se\u00e7ilmi\u015f olmalar\u0131 nedeniyle art\u0131k ka\u00e7ma, saklanma ve delilleri karartma \u015f\u00fcphelerinin de kalmam\u0131\u015f oldu\u011fu dikkate al\u0131narak tahliye edilmeleri gerekti\u011fini bildirdi.<\/p>\n<p style=\"text-align: justify;\">K\u00f6ksal \u015eeng\u00fcn, karara yazd\u0131rd\u0131\u011f\u0131 muhalefet \u015ferhinde, san\u0131klardan Mustafa Balbay&#8217;\u0131n 6 Mart 2009&#8217;da, Mehmet Haberal&#8217;\u0131n 17 Nisan 2009&#8217;da tutukland\u0131\u011f\u0131n\u0131 hat\u0131rlatt\u0131.<\/p>\n<p style=\"text-align: justify;\">\u015eeng\u00fcn, \u015funlar\u0131 kaydetti:<\/p>\n<p style=\"text-align: justify;\">&#8221;Tutuklu olarak davalar\u0131 a\u00e7\u0131lm\u0131\u015f, mahkememizde devam eden yarg\u0131lamada her 2 san\u0131\u011f\u0131n sorgu ve savunmalar\u0131 tamamlanm\u0131\u015f ve taraf\u0131mdan san\u0131k Mustafa Balbay i\u00e7in 26 Aral\u0131k 2009, Mehmet Haberal i\u00e7in de 9 Nisan 2010 tarihinden itibaren her 2 san\u0131k ile ilgili olarak &#8216;san\u0131klara isnat olunan su\u00e7lar\u0131n vas\u0131f ve mahiyetlerine, dosyada mevcut delil durumlar\u0131na, sorgu ve savunmalar\u0131ndaki anlat\u0131mlar\u0131na, \u00fczerlerine at\u0131l\u0131 su\u00e7 vas\u0131flar\u0131n\u0131n de\u011fi\u015fme ihtimallerine, tutuklamada beklenen gayenin sa\u011flanm\u0131\u015f olup bu a\u015famadan sonra ka\u00e7ma, saklanma ve delilleri karartma \u015f\u00fcphelerinin bulunmamas\u0131na ve gerekirse haklar\u0131nda adli kontrol uygulanmas\u0131n\u0131n da d\u00fc\u015f\u00fcn\u00fclebilece\u011fine&#8217; ve bireysel olarak san\u0131k Mehmet Haberal&#8217;\u0131n &#8216;ya\u015f\u0131na, sosyal ve mesleki konumuna ve sa\u011fl\u0131k durumuna&#8217;, di\u011fer san\u0131k Mustafa Balbay&#8217;\u0131n &#8216;toplum i\u00e7erisindeki konumu&#8217; da dikkate al\u0131narak her 2 san\u0131\u011f\u0131n tahliye edilmeleri y\u00f6n\u00fcnde oy kullanmaktay\u0131m.&#8221;<\/p>\n<p style=\"text-align: justify;\">Her 2 san\u0131\u011f\u0131n 12 Haziran 2011&#8217;de yap\u0131lan milletvekili genel se\u00e7iminde milletvekili se\u00e7ildi\u011fini belirten \u015eeng\u00fcn, anayasan\u0131n 14 ve 83. maddeleri dikkate al\u0131nd\u0131\u011f\u0131nda bu san\u0131klar\u0131n milletvekili se\u00e7ilmelerinden dolay\u0131 yasama dokunulmazl\u0131\u011f\u0131 kazanmalar\u0131n\u0131n bu a\u015famada s\u00f6z konusu olamayaca\u011f\u0131n\u0131 ifade etti. \u015eeng\u00fcn, TBMM \u00fcyeli\u011fine yasal bir se\u00e7im sonucu ve demokratik yollardan se\u00e7ilen bu ki\u015filerin kazanm\u0131\u015f olduklar\u0131 nitelikleri sebebiyle ka\u00e7ma, saklanma ve delilleri karatma ihtimallerinin kalmad\u0131\u011f\u0131n\u0131 bildirdi.<\/p>\n<p style=\"text-align: justify;\">CMK&#8217;n\u0131n 100. maddesinin 3. f\u0131kras\u0131nda belirtilen katalog su\u00e7larda bile tutuklaman\u0131n varsay\u0131m olarak ifade edildi\u011fini, bu \u015fekildeki su\u00e7lamalar\u0131n kesin tutuklama sebebi olarak g\u00f6sterilmedi\u011fini kaydeden \u015eeng\u00fcn, \u015f\u00f6yle konu\u015ftu:<\/p>\n<p style=\"text-align: justify;\">&#8221;Kald\u0131 ki ayn\u0131 su\u00e7lamalarla yarg\u0131lamas\u0131 tutuklu olarak yap\u0131lmaktayken 22 Temmuz 2007&#8217;deki milletvekili genel se\u00e7iminde ba\u011f\u0131ms\u0131z olarak milletvekili se\u00e7ilen Sebahat Tuncel, anayasan\u0131n 14. maddesi do\u011frultusunda de\u011fil, milletvekili se\u00e7ilmesinden dolay\u0131 kazanm\u0131\u015f oldu\u011fu temsil niteli\u011finden dolay\u0131 da tahliye olmu\u015f ve son se\u00e7ime kadar da parlamentoda g\u00f6rev yapm\u0131\u015ft\u0131r. Bu durumda Avrupa \u0130nsan Haklar\u0131 Mahkemesi kararlar\u0131ndaki a\u00e7\u0131k kriterlerle birlikte bir emsal olarak de\u011ferlendirilmesi de gerekir. Yukar\u0131da a\u00e7\u0131klad\u0131\u011f\u0131m nedenlerden dolay\u0131 daha \u00f6nce ifade etti\u011fim tahliye gerek\u00e7elerine ilave olarak her 2 san\u0131\u011f\u0131n TBMM&#8217;ye \u00fcye olarak se\u00e7ilmi\u015f olmalar\u0131 kar\u015f\u0131s\u0131nda, bu ki\u015filerin bu niteliklerinden dolay\u0131 da art\u0131k ka\u00e7ma, saklanma ve delilleri karartma \u015f\u00fcphelerinin de kalmam\u0131\u015f oldu\u011fu dikkate al\u0131nd\u0131\u011f\u0131nda tutuklu san\u0131klar Mehmet Haberal ve Mustafa Balbay&#8217;\u0131n tahliyelerine karar verilmesi g\u00f6r\u00fc\u015f\u00fcnde oldu\u011fumdan, aksi y\u00f6nde olu\u015fan \u00e7o\u011funluk g\u00f6r\u00fc\u015f\u00fcne muhalifim.&#8221; Haberal ve Balbay&#8217;\u0131n tahliye taleplerini de\u011ferlendiren \u00f6zel yetkili cumhuriyet savc\u0131lar\u0131 Mehmet Ali Pekg\u00fczel ve Nihat Ta\u015fk\u0131n da tahliye taleplerinin reddedilmesi y\u00f6n\u00fcnde g\u00f6r\u00fc\u015f bildirmi\u015fti.<\/p>\n<p style=\"text-align: justify;\"><strong>ENG\u0130N ALAN \u0130\u00c7\u0130N DE KARAR BEKLEN\u0130YOR<\/strong><\/p>\n<p style=\"text-align: justify;\">10. A\u011f\u0131r Ceza Mahkemesi ise Balyoz davas\u0131 san\u0131klar\u0131ndan emekli Korgeneral Engin Alan&#8217;\u0131n dosyas\u0131n\u0131 incelemeye ald\u0131.<\/p>\n<p style=\"text-align: justify;\">Savc\u0131 Sava\u015f K\u0131rba\u015f, Alan&#8217;\u0131n tahliye talebinin reddedilmesi y\u00f6n\u00fcnde mahkemeye g\u00f6r\u00fc\u015f bildirdi.<\/p>\n<p style=\"text-align: justify;\">Savc\u0131n\u0131n devlete y\u00f6nelik su\u00e7lar\u0131n dokunulmazl\u0131k kapsam\u0131 d\u0131\u015f\u0131nda tutulmas\u0131 gerekti\u011fine dikkat \u00e7ekti\u011fi belirtiliyor.<\/p>\n<p style=\"text-align: justify;\">Engin Alan\u2019la ilgili karar\u0131n da yar\u0131n \u00e7\u0131kmas\u0131 bekleniyor.<\/p>\n<p style=\"text-align: justify;\"><a href=\"http:\/\/www.ntvmsnbc.com\/id\/25226023\/\" target=\"_blank\">Kaynak : NTVMSNBC<\/a><\/p>\n","protected":false},"excerpt":{"rendered":"<p style=\"text-align: center;\">\n<p style=\"text-align: justify;\">Milletvekili mazbatalar\u0131n\u0131 alan &#8220;Ergenekon&#8221; san\u0131klar\u0131 Mustafa Balbay ve Mehmet Haberal&#8217;\u0131n tahliye talepleri oy \u00e7oklu\u011fuyla reddedildi.<\/p>\n<p style=\"text-align: justify;\">\u0130STANBUL &#8211; 12 Haziran\u2019da milletvekili se\u00e7ilen ve mazbatas\u0131n\u0131 alan Ergenekon san\u0131\u011f\u0131 Mehmet Haberal, Mustafa Balbay&#8217;\u0131n tahliyesine ili\u015fkin g\u00f6zler \u0130stanbul Adliyesi&#8217;ndeydi. <\/p>\n","protected":false},"author":1,"featured_media":0,"comment_status":"open","ping_status":"closed","sticky":false,"template":"","format":"standard","meta":{"footnotes":""},"categories":[105],"tags":[],"class_list":["post-35054","post","type-post","status-publish","format-standard","hentry","category-gundem","odd"],"_links":{"self":[{"href":"http:\/\/www.korhanyilmaz.com\/index.php?rest_route=\/wp\/v2\/posts\/35054","targetHints":{"allow":["GET"]}}],"collection":[{"href":"http:\/\/www.korhanyilmaz.com\/index.php?rest_route=\/wp\/v2\/posts"}],"about":[{"href":"http:\/\/www.korhanyilmaz.com\/index.php?rest_route=\/wp\/v2\/types\/post"}],"author":[{"embeddable":true,"href":"http:\/\/www.korhanyilmaz.com\/index.php?rest_route=\/wp\/v2\/users\/1"}],"replies":[{"embeddable":true,"href":"http:\/\/www.korhanyilmaz.com\/index.php?rest_route=%2Fwp%2Fv2%2Fcomments&post=35054"}],"version-history":[{"count":0,"href":"http:\/\/www.korhanyilmaz.com\/index.php?rest_route=\/wp\/v2\/posts\/35054\/revisions"}],"wp:attachment":[{"href":"http:\/\/www.korhanyilmaz.com\/index.php?rest_route=%2Fwp%2Fv2%2Fmedia&parent=35054"}],"wp:term":[{"taxonomy":"category","embeddable":true,"href":"http:\/\/www.korhanyilmaz.com\/index.php?rest_route=%2Fwp%2Fv2%2Fcategories&post=35054"},{"taxonomy":"post_tag","embeddable":true,"href":"http:\/\/www.korhanyilmaz.com\/index.php?rest_route=%2Fwp%2Fv2%2Ftags&post=35054"}],"curies":[{"name":"wp","href":"https:\/\/api.w.org\/{rel}","templated":true}]}}