{"id":35048,"date":"2011-06-23T15:47:42","date_gmt":"2011-06-23T12:47:42","guid":{"rendered":"http:\/\/www.korhanyilmaz.com\/?p=35048"},"modified":"2011-07-10T22:55:04","modified_gmt":"2011-07-10T19:55:04","slug":"chp-halkin-iradesine-darbe-sessiz-kalmayiz","status":"publish","type":"post","link":"http:\/\/www.korhanyilmaz.com\/?p=35048","title":{"rendered":"CHP: Halk\u0131n iradesine darbe, sessiz kalmay\u0131z"},"content":{"rendered":"<p style=\"text-align: center;\"><a href=\"http:\/\/www.korhanyilmaz.com\/wp-content\/uploads\/2011\/06\/220.jpg\"  class=\"lightview\"><img loading=\"lazy\" decoding=\"async\" class=\"aligncenter size-full wp-image-35049\" src=\"http:\/\/www.korhanyilmaz.com\/wp-content\/uploads\/2011\/06\/220.jpg\" alt=\"\" width=\"309\" height=\"207\" \/><\/a><\/p>\n<p style=\"text-align: justify;\">CHP lideri K\u0131l\u0131\u00e7daro\u011flu, Balbay ve Haberal&#8217;la ilgili karar\u0131 de\u011ferlendirdi. \u0130ktidar\u0131 ve onun g\u00fcd\u00fcm\u00fcnde hareket etmekle su\u00e7lad\u0131\u011f\u0131 yarg\u0131y\u0131 hedef alan alan K\u0131l\u0131\u00e7daro\u011flu, &#8220;Arkada\u015flar\u0131m\u0131z parlamentoya gelecekler ve d\u00fc\u015f\u00fcncelerini ifade ececekler, bunun i\u00e7in m\u00fccadele edece\u011fiz&#8221; dedi.<\/p>\n<p style=\"text-align: justify;\">\u0130STANBUL &#8211; CHP Genel Ba\u015fkan\u0131 Kemal K\u0131l\u0131\u00e7daro\u011flu, Ergenekon tutuklusu milletvekilleri Mustafa Balbay ve Mehmet Haberal\u2019\u0131n tahliye taleplerine mahkemeden \u00e7\u0131kan ret karar\u0131n\u0131 de\u011ferlendirdi. <!--more--><\/p>\n<p style=\"text-align: justify;\">Milletvekili se\u00e7ilme s\u00fcrecini hat\u0131rlatan ve t\u00fcm yasal i\u015flemlerin ard\u0131ndan, halk\u0131n oylar\u0131yla vekilleri Meclis\u2019e g\u00f6nderdi\u011fini belirten K\u0131l\u0131\u00e7daro\u011flu, Balbay ve Haberal\u2019\u0131n hi\u00e7bir mahkumiyet karar\u0131 olmad\u0131\u011f\u0131n\u0131 belirtti.<\/p>\n<p style=\"text-align: justify;\">\u0130ki ismin milletvekili se\u00e7ilmelerinde hi\u00e7bir engel olmad\u0131\u011f\u0131n\u0131 belirten K\u0131l\u0131\u00e7daro\u011flu, isimlerinin de Resmi Gazete\u2019de yay\u0131mland\u0131\u011f\u0131n\u0131 ifade ederek, &#8220;Halk\u0131n iradesine sayg\u0131 g\u00f6sterecekesiniz, bu yarg\u0131 karar\u0131 halk\u0131n iradesine vurulan bir darbedir. Parlamento \u00e7at\u0131s\u0131 alt\u0131nda m\u00fccadelemizi s\u00fcrd\u00fcrece\u011fiz&#8221; dedi.<\/p>\n<p style=\"text-align: justify;\">CHP lideri \u015funlar\u0131 s\u00f6yledi:<\/p>\n<p style=\"text-align: justify;\">\u2014 &#8220;Deniyor ki, \u2018belgeler toparlanamad\u0131 ve serbest b\u0131rakm\u0131yoruz\u2019 3 y\u0131ld\u0131r delilleri toplamak i\u00e7in CHP mi g\u00f6revliydi? Evrensel hukuk kurallar\u0131n\u0131n ge\u00e7erli oldu\u011fu hangi \u00fclkede 3 y\u0131ld\u0131r insanlar i\u00e7eride olacak ve deliller toplanamad\u0131 denilecek; ya 20 y\u0131l olsa ne olacak&#8230;<\/p>\n<p style=\"text-align: justify;\">\u2014 Cumburba\u015fkan\u0131 Abdullah G\u00fcl, TBMM a\u00e7\u0131l\u0131\u015f\u0131nda a\u00e7\u0131k\u00e7a tutukluluk s\u00fcrelerinin bu kadar uzamas\u0131n\u0131n kendisini de rahats\u0131z etti\u011fini s\u00f6yledi. Bu arkada\u015flar dokunulmazl\u0131k istemiyor, &#8216;bizi yarg\u0131lamay\u0131n&#8217; demiyorlar, dokunulmazl\u0131\u011f\u0131n arkas\u0131na saklan\u0131lm\u0131yor&#8230;<\/p>\n<p style=\"text-align: justify;\">\u2014 Siz bu arkada\u015flar\u0131n parlamentoya gelmelerine, yemin etmelerine engel koyarsan\u0131z, halk\u0131n iradesine yok sayars\u0131n\u0131z. Hani en b\u00fcy\u00fck g\u00fc\u00e7 halkt\u0131. Halk\u0131n iradesine sayg\u0131 g\u00f6stereceksiniz, bu yarg\u0131 karar\u0131 halk\u0131n iradesine vurulan bir darbedir.<\/p>\n<p style=\"text-align: justify;\">\u2014 Sukunetle itiraz\u0131n sonucunu bekleyece\u011fiz. Umuyoruz ki evrensel hukuk galip gelir ve bu \u00fclkede yarg\u0131\u00e7lar da var diyebilece\u011fimiz bir ortam olu\u015fur. Umar\u0131z, &#8216;yarg\u0131 arac\u0131l\u0131\u011f\u0131yla ben politikay\u0131 nas\u0131l dizayn ederim&#8217; \u015feklinde yola \u00e7\u0131kanlar\u0131n ay\u0131planaca\u011f\u0131 bir karar ortaya \u00e7\u0131kar.<\/p>\n<p style=\"text-align: justify;\"><strong>&#8220;DEMOKRAS\u0130 BU KADAR UCUZLAMADI&#8221;<\/strong><\/p>\n<p style=\"text-align: justify;\">\u2014 Milletvekilini se\u00e7eceksiniz, birileri evrensel hukuku, halk\u0131n iradesine hi\u00e7e sayarak b\u00f6yle karar ald\u0131m diyecek. Bu \u00fclkede demokrasi bu kadar ucuzlamad\u0131.<\/p>\n<p style=\"text-align: justify;\">\u2014 Hukukun \u00fcst\u00fcnl\u00fc\u011f\u00fcn\u00fc bir kanar\u0131ya b\u0131rak\u0131p birilerinin \u00fcst\u00fcnl\u00fc\u011f\u00fc i\u00e7in yarg\u0131 karar\u0131 al\u0131nacak ve buna sessiz kal\u0131nacak; b\u00f6yle \u015fey olmaz.<\/p>\n<p style=\"text-align: justify;\">\u2014 Bu kararla demokrasi yara alm\u0131\u015ft\u0131r. Bizim g\u00f6revimiz demokrasiyi y\u00fcceltmek, derinle\u015ftirmek, halk\u0131n iradesine sayg\u0131 duyulan demokratik d\u00fczeni bu \u00fclkeye getirmektir. 3 ki\u015finin 2 ki\u015finin iradesini kalk\u0131p halk\u0131n iradesi \u00fczerine tesis etmek demokrasi de\u011fildir.<\/p>\n<p style=\"text-align: justify;\"><strong>&#8220;NET\u0130CE ALANA KADAR M\u00dcCADELE&#8221;<\/strong><\/p>\n<p style=\"text-align: justify;\">\u2014 Demokrasiye, \u00f6zg\u00fcrl\u00fc\u011fe ve halk\u0131n iradesine indirilen bu darbe kar\u015f\u0131s\u0131nda asla sessiz kalmayaca\u011f\u0131z. Parlamento \u00e7at\u0131s\u0131 alt\u0131nda netice alana kadar m\u00fccadelemizi s\u00fcrd\u00fcrece\u011fiz.<\/p>\n<p style=\"text-align: justify;\">\u2014 Yarg\u0131, demokrasiyi g\u00fc\u00e7lendirmek i\u00e7in vard\u0131r; ask\u0131ya almak i\u00e7in de\u011fil. Siyasi otoritenin beklentileri do\u011frultusunda karar verilecek ve bunun kar\u015f\u0131s\u0131nda CHP sessiz kalacak; buna izin veremeyiz. Her yerde her ortamda haklar\u0131m\u0131z\u0131 sonuna kadar savunaca\u011f\u0131z.<\/p>\n<p style=\"text-align: justify;\"><strong>&#8220;PARLAMENTOYA GELECEKLER VE KONU\u015eACAKLAR&#8221;<\/strong><\/p>\n<p style=\"text-align: justify;\">\u2014 Arkada\u015flar\u0131m\u0131z parlamentoya gelecek, yemin ederek g\u00f6revlerine ba\u015flayacakt\u0131r. Onlar T\u00fcrkiye\u2019nin milletvekilleridir. Onlar\u0131 hapiste tutmak kimsenin kabul etmeyece\u011fi bir sistemi T\u00fcrkiye\u2019ye getirmek demektir. Arkada\u015flar\u0131m\u0131z parlamentoya gelerek \u00f6zg\u00fcrce d\u00fc\u015f\u00fcncelerini ifade edecekler.&#8221;<\/p>\n<p style=\"text-align: justify;\"><a href=\"http:\/\/www.ntvmsnbc.com\/id\/25226070\/\" target=\"_blank\">Kaynak : NTVMSNBC<\/a><\/p>\n","protected":false},"excerpt":{"rendered":"<p style=\"text-align: center;\">\n<p style=\"text-align: justify;\">CHP lideri K\u0131l\u0131\u00e7daro\u011flu, Balbay ve Haberal&#8217;la ilgili karar\u0131 de\u011ferlendirdi. \u0130ktidar\u0131 ve onun g\u00fcd\u00fcm\u00fcnde hareket etmekle su\u00e7lad\u0131\u011f\u0131 yarg\u0131y\u0131 hedef alan alan K\u0131l\u0131\u00e7daro\u011flu, &#8220;Arkada\u015flar\u0131m\u0131z parlamentoya gelecekler ve d\u00fc\u015f\u00fcncelerini ifade ececekler, bunun i\u00e7in m\u00fccadele edece\u011fiz&#8221; dedi.<\/p>\n<p style=\"text-align: justify;\">\u0130STANBUL &#8211; CHP Genel Ba\u015fkan\u0131 Kemal K\u0131l\u0131\u00e7daro\u011flu, Ergenekon tutuklusu milletvekilleri Mustafa Balbay ve Mehmet Haberal\u2019\u0131n <\/p>\n","protected":false},"author":1,"featured_media":0,"comment_status":"open","ping_status":"closed","sticky":false,"template":"","format":"standard","meta":{"footnotes":""},"categories":[105],"tags":[],"class_list":["post-35048","post","type-post","status-publish","format-standard","hentry","category-gundem","odd"],"_links":{"self":[{"href":"http:\/\/www.korhanyilmaz.com\/index.php?rest_route=\/wp\/v2\/posts\/35048","targetHints":{"allow":["GET"]}}],"collection":[{"href":"http:\/\/www.korhanyilmaz.com\/index.php?rest_route=\/wp\/v2\/posts"}],"about":[{"href":"http:\/\/www.korhanyilmaz.com\/index.php?rest_route=\/wp\/v2\/types\/post"}],"author":[{"embeddable":true,"href":"http:\/\/www.korhanyilmaz.com\/index.php?rest_route=\/wp\/v2\/users\/1"}],"replies":[{"embeddable":true,"href":"http:\/\/www.korhanyilmaz.com\/index.php?rest_route=%2Fwp%2Fv2%2Fcomments&post=35048"}],"version-history":[{"count":0,"href":"http:\/\/www.korhanyilmaz.com\/index.php?rest_route=\/wp\/v2\/posts\/35048\/revisions"}],"wp:attachment":[{"href":"http:\/\/www.korhanyilmaz.com\/index.php?rest_route=%2Fwp%2Fv2%2Fmedia&parent=35048"}],"wp:term":[{"taxonomy":"category","embeddable":true,"href":"http:\/\/www.korhanyilmaz.com\/index.php?rest_route=%2Fwp%2Fv2%2Fcategories&post=35048"},{"taxonomy":"post_tag","embeddable":true,"href":"http:\/\/www.korhanyilmaz.com\/index.php?rest_route=%2Fwp%2Fv2%2Ftags&post=35048"}],"curies":[{"name":"wp","href":"https:\/\/api.w.org\/{rel}","templated":true}]}}